{"id":108743,"date":"2025-05-18T06:43:19","date_gmt":"2025-05-18T06:43:19","guid":{"rendered":"https:\/\/www.europesays.com\/fr\/108743\/"},"modified":"2025-05-18T06:43:19","modified_gmt":"2025-05-18T06:43:19","slug":"buteur-et-passeur-greenwood-en-maestro","status":"publish","type":"post","link":"https:\/\/www.europesays.com\/fr\/108743\/","title":{"rendered":"buteur et passeur, Greenwood en maestro"},"content":{"rendered":"<p>Deux buts et une passe d\u00e9cisive. <a href=\"https:\/\/www.laprovence.com\/article\/om\/61831639517791\/om-mason-greenwood-droit-au-but\" target=\"_blank\" rel=\"nofollow noopener\">Mason Greenwood<\/a> a tir\u00e9 le rideau sur sa premi\u00e8re saison en Ligue 1 samedi contre Rennes, et de la plus belle des mani\u00e8res. Au total, l&rsquo;ancien crack de Manchester United aura totalis\u00e9 21 r\u00e9alisations et 5 caviars en 34 rencontres de championnat, auxquels il faut ajouter 1 but en coupe de France. Un bilan remarquable qui en fait le co-meilleur buteur de L1.<\/p>\n","protected":false},"excerpt":{"rendered":"Deux buts et une passe d\u00e9cisive. Mason Greenwood a tir\u00e9 le rideau sur sa premi\u00e8re saison en Ligue&hellip;\n","protected":false},"author":2,"featured_media":108744,"comment_status":"","ping_status":"","sticky":false,"template":"","format":"standard","meta":{"footnotes":""},"categories":[2821],"tags":[22579,17,1111,11,829,6624,1777,674,1011,27,4016,22678,12,149,22578,22677,584,25,133],"class_list":{"0":"post-108743","1":"post","2":"type-post","3":"status-publish","4":"format-standard","5":"has-post-thumbnail","7":"category-rennes","8":"tag-4-2","9":"tag-17","10":"tag-actu","11":"tag-actualites","12":"tag-bretagne","13":"tag-buteur","14":"tag-eu","15":"tag-europe","16":"tag-fr","17":"tag-france","18":"tag-greenwood","19":"tag-maestro","20":"tag-news","21":"tag-om","22":"tag-om-rennes","23":"tag-passeur","24":"tag-rennes","25":"tag-republique-francaise","26":"tag-video"},"share_on_mastodon":{"url":"https:\/\/pubeurope.com\/@fr\/114527483056417653","error":""},"_links":{"self":[{"href":"https:\/\/www.europesays.com\/fr\/wp-json\/wp\/v2\/posts\/108743","targetHints":{"allow":["GET"]}}],"collection":[{"href":"https:\/\/www.europesays.com\/fr\/wp-json\/wp\/v2\/posts"}],"about":[{"href":"https:\/\/www.europesays.com\/fr\/wp-json\/wp\/v2\/types\/post"}],"author":[{"embeddable":true,"href":"https:\/\/www.europesays.com\/fr\/wp-json\/wp\/v2\/users\/2"}],"replies":[{"embeddable":true,"href":"https:\/\/www.europesays.com\/fr\/wp-json\/wp\/v2\/comments?post=108743"}],"version-history":[{"count":0,"href":"https:\/\/www.europesays.com\/fr\/wp-json\/wp\/v2\/posts\/108743\/revisions"}],"wp:featuredmedia":[{"embeddable":true,"href":"https:\/\/www.europesays.com\/fr\/wp-json\/wp\/v2\/media\/108744"}],"wp:attachment":[{"href":"https:\/\/www.europesays.com\/fr\/wp-json\/wp\/v2\/media?parent=108743"}],"wp:term":[{"taxonomy":"category","embeddable":true,"href":"https:\/\/www.europesays.com\/fr\/wp-json\/wp\/v2\/categories?post=108743"},{"taxonomy":"post_tag","embeddable":true,"href":"https:\/\/www.europesays.com\/fr\/wp-json\/wp\/v2\/tags?post=108743"}],"curies":[{"name":"wp","href":"https:\/\/api.w.org\/{rel}","templated":true}]}}