{"id":108748,"date":"2025-05-18T06:46:07","date_gmt":"2025-05-18T06:46:07","guid":{"rendered":"https:\/\/www.europesays.com\/fr\/108748\/"},"modified":"2025-05-18T06:46:07","modified_gmt":"2025-05-18T06:46:07","slug":"il-reste-des-places-pour-le-festival-dantibes","status":"publish","type":"post","link":"https:\/\/www.europesays.com\/fr\/108748\/","title":{"rendered":"il reste des places pour le festival d&rsquo;Antibes"},"content":{"rendered":"<p>            Par<br \/>\n        <strong><br \/>\n            <a href=\"https:\/\/actu.fr\/auteur\/ugo-maillard\" title=\"Consulter tous les articles de Ugo Maillard\" rel=\"nofollow noopener\" target=\"_blank\">Ugo Maillard<\/a><br \/>\n        <\/strong><\/p>\n<p>        Publi\u00e9 le<\/p>\n<p>            18 mai 2025 \u00e0 8h12        <\/p>\n<p>L\u2019un des points d\u2019orgue de la saison des festivals sur la C\u00f4te d\u2019Azur. Les 12, 13 et 14\u00a0juin 2025, la ville d\u2019Antibes (<a href=\"https:\/\/actu.fr\/provence-alpes-cote-d-azur\/alpes-maritimes_06\" rel=\"nofollow noopener\" target=\"_blank\">Alpes-Maritimes<\/a>), accueille une nouvelle \u00e9dition du <strong>festival des Nuits Carr\u00e9es<\/strong>.<\/p>\n<p class=\" wall-content\">Le festival qui se d\u00e9roule au niveau du 22 avenue de Verdun est parvenu \u00e0 attirer de grands noms de la musique fran\u00e7aise avec des stars du rap et de la vari\u00e9t\u00e9.<\/p>\n<p>    <a href=\"https:\/\/www.google.com\/maps\/embed?pb=!1m18!1m12!1m3!1d5780.210359735986!2d7.123616711469166!3d43.58352547098495!2m3!1f0!2f0!3f0!3m2!1i1024!2i768!4f13.1!3m3!1m2!1s0x12cdd5721ea66ef5%3A0x19677c9c6c0deb01!2s22%20Av.%20de%20Verdun%2C%2006600%20Antibes!5e0!3m2!1sfr!2sfr!4v1747226709840!5m2!1sfr!2sfr\" title=\"Ouvrie le lien\" rel=\"nofollow noopener\" target=\"_blank\">Cliquez ici pour visualiser le contenu<\/a><\/p>\n<p class=\" wall-content\">Si vous \u00e9tiez pass\u00e9 \u00e0 c\u00f4t\u00e9, il reste encore des places pour les trois soir\u00e9es de festivit\u00e9s.<\/p>\n<p>Des places \u00e0 partir de 12,99\u00a0euros<\/p>\n<p class=\" wall-content\">Pour profiter des artistes qui se produiront sur la sc\u00e8ne des Nuits Carr\u00e9s, \u00e0 quelques kilom\u00e8tres de <a href=\"https:\/\/actu.fr\/nice\/\" rel=\"nofollow noopener\" target=\"_blank\">Nice<\/a>, les fans peuvent encore d\u00e9crocher leur s\u00e9same sur le<a href=\"https:\/\/shotgun.live\/fr\/festivals\/nuits-carrees-2025\" rel=\"nofollow noopener\" target=\"_blank\"> site de la billetterie<\/a>.<\/p>\n<p>Vid\u00e9os : en ce moment sur Actu<\/p>\n<p class=\" wall-content\">Des places pour jeudi et vendredi soir sont en vente <strong>\u00e0 partir de 12,99\u00a0euros<\/strong>. Pour la soir\u00e9e finale du samedi, les billets sont propos\u00e9s d\u00e8s 36,75\u00a0euros.<\/p>\n<p class=\" wall-content\">Enfin, si vous souhaitez profiter des trois jours du festival, un pass est vendu au prix de 73,50\u00a0euros.<\/p>\n<p>Ben Mazu\u00e9, Soolking et Th\u00e9odora<\/p>\n<p class=\" wall-content\">Pour cette \u00e9dition 2025, les stars de la musique sont une nouvelle fois au rendez-vous des Nuits Carr\u00e9s.<\/p>\n<p>    <a href=\"https:\/\/www.facebook.com\/plugins\/post.php?href=https%3A%2F%2Fwww.facebook.com%2Flesnuitscarrees%2Fposts%2Fpfbid0s9ics8wbSbr33dpGSXauYHZz9sZQ7LV8NKvbSzsckpEuS1iKNckughFp6bBh7vRdl&amp;show_text=true&amp;width=350\" title=\"Ouvrie le lien\" rel=\"nofollow noopener\" target=\"_blank\">Cliquez ici pour visualiser le contenu<\/a><\/p>\n<ul class=\" wall-content\">\n<li>Jeudi\u2009: Ben Mazu\u00e9, Pantin2Paille, L\u2019oiseau noir<\/li>\n<li>Vendredi\u2009: Bakermat, Soolking, Jungeli<\/li>\n<li>Samedi\u2009: Vacra, Zamdane, Theodora<\/li>\n<\/ul>\n<p class=\" wall-content\">\u00c0 noter que les soir\u00e9es seront ouvertes par le Dj Austo.<\/p>\n<p class=\" wall-content\">Suivez toute l\u2019actualit\u00e9 de vos villes et m\u00e9dias favoris en vous inscrivant \u00e0 <a href=\"https:\/\/moncompte.actu.fr\" title=\"D\u00e9couvez Mon Actu\" rel=\"nofollow noopener\" data-trk=\"{&quot;cta&quot;:{&quot;action&quot;:&quot;https:\\\/\\\/moncompte.actu.fr&quot;,&quot;category&quot;:&quot;mon compte&quot;,&quot;from&quot;:&quot;article footer&quot;,&quot;name&quot;:&quot;Mon actu&quot;,&quot;type&quot;:&quot;cta&quot;}}\" target=\"_blank\">Mon Actu<\/a>.<\/p>\n","protected":false},"excerpt":{"rendered":"Par Ugo Maillard Publi\u00e9 le 18 mai 2025 \u00e0 8h12 L\u2019un des points d\u2019orgue de la saison des&hellip;\n","protected":false},"author":2,"featured_media":108749,"comment_status":"","ping_status":"","sticky":false,"template":"","format":"standard","meta":{"footnotes":""},"categories":[2819],"tags":[1111,11,1697,1777,674,1011,27,1652,873,12,2401,882,25],"class_list":{"0":"post-108748","1":"post","2":"type-post","3":"status-publish","4":"format-standard","5":"has-post-thumbnail","7":"category-nice","8":"tag-actu","9":"tag-actualites","10":"tag-concert","11":"tag-eu","12":"tag-europe","13":"tag-fr","14":"tag-france","15":"tag-loisirs-culture","16":"tag-musique","17":"tag-news","18":"tag-nice","19":"tag-provence-alpes-cote-dazur","20":"tag-republique-francaise"},"share_on_mastodon":{"url":"https:\/\/pubeurope.com\/@fr\/114527494894543163","error":""},"_links":{"self":[{"href":"https:\/\/www.europesays.com\/fr\/wp-json\/wp\/v2\/posts\/108748","targetHints":{"allow":["GET"]}}],"collection":[{"href":"https:\/\/www.europesays.com\/fr\/wp-json\/wp\/v2\/posts"}],"about":[{"href":"https:\/\/www.europesays.com\/fr\/wp-json\/wp\/v2\/types\/post"}],"author":[{"embeddable":true,"href":"https:\/\/www.europesays.com\/fr\/wp-json\/wp\/v2\/users\/2"}],"replies":[{"embeddable":true,"href":"https:\/\/www.europesays.com\/fr\/wp-json\/wp\/v2\/comments?post=108748"}],"version-history":[{"count":0,"href":"https:\/\/www.europesays.com\/fr\/wp-json\/wp\/v2\/posts\/108748\/revisions"}],"wp:featuredmedia":[{"embeddable":true,"href":"https:\/\/www.europesays.com\/fr\/wp-json\/wp\/v2\/media\/108749"}],"wp:attachment":[{"href":"https:\/\/www.europesays.com\/fr\/wp-json\/wp\/v2\/media?parent=108748"}],"wp:term":[{"taxonomy":"category","embeddable":true,"href":"https:\/\/www.europesays.com\/fr\/wp-json\/wp\/v2\/categories?post=108748"},{"taxonomy":"post_tag","embeddable":true,"href":"https:\/\/www.europesays.com\/fr\/wp-json\/wp\/v2\/tags?post=108748"}],"curies":[{"name":"wp","href":"https:\/\/api.w.org\/{rel}","templated":true}]}}