{"id":108753,"date":"2025-05-18T06:49:12","date_gmt":"2025-05-18T06:49:12","guid":{"rendered":"https:\/\/www.europesays.com\/fr\/108753\/"},"modified":"2025-05-18T06:49:12","modified_gmt":"2025-05-18T06:49:12","slug":"le-difficile-deplacement-des-caravanes-installees-sur-une-zone-industrielle-pres-de-nantes","status":"publish","type":"post","link":"https:\/\/www.europesays.com\/fr\/108753\/","title":{"rendered":"le difficile d\u00e9placement des caravanes install\u00e9es sur une zone industrielle pr\u00e8s de Nantes"},"content":{"rendered":"<p>La pr\u00e9sence d\u2019un camp de voyageurs emp\u00eache le d\u00e9marrage d\u2019un chantier industriel, pr\u00e8s de l\u2019a\u00e9roport nantais. Apr\u00e8s des mois de tergiversations, la m\u00e9tropole assure pouvoir reloger les familles sur une parcelle voisine d\u00e8s la semaine prochaine.<\/p>\n<p class=\"fig-paragraph\">L\u2019entrepreneur prend son mal en patience. Dix mois apr\u00e8s la signature du compromis de vente, ce nouveau propri\u00e9taire d\u2019une parcelle de 5600 m2 au sud\u00a0<a href=\"https:\/\/www.lefigaro.fr\/nantes\" target=\"_blank\" data-fig-type=\"Section\" rel=\"noopener\" data-gtm-custom-categorie=\"navigation\" data-gtm-custom-action=\"crossclick\" data-gtm-custom-label=\"Contextuel\" data-gtm-event=\"customEventSPE\" data-fig-domain=\"LEFIGARO\">de Nantes<\/a>\u00a0(Loire-Atlantique) pourrait enfin prendre possession de son bien. Situ\u00e9 sur la commune de Saint-Aignan-de-Grand-Lieu, \u00e0 proximit\u00e9 de\u00a0<a href=\"http:\/\/www.lefigaro.fr\/nantes\/l-aeroport-de-nantes-bientot-accessible-en-train-le-projet-se-concretise-20250424\" target=\"_blank\" data-fig-type=\"NewsFlash\" rel=\"noopener\" data-gtm-custom-categorie=\"navigation\" data-gtm-custom-action=\"crossclick\" data-gtm-custom-label=\"Contextuel\" data-gtm-event=\"customEventSPE\" data-fig-domain=\"LEFIGARO\">l\u2019a\u00e9roport Nantes Atlantique<\/a>, le terrain convoit\u00e9 doit lui permettre de d\u00e9velopper son activit\u00e9. Seul probl\u00e8me\u00a0: la zone est occup\u00e9e. Les caravanes de six familles de\u00a0<a href=\"http:\/\/www.lefigaro.fr\/nantes\/pres-de-nantes-la-regularisation-de-terrains-squattes-par-les-gens-du-voyage-indigne-20250509\" target=\"_blank\" data-fig-type=\"NewsFlash\" rel=\"noopener\" data-gtm-custom-categorie=\"navigation\" data-gtm-custom-action=\"crossclick\" data-gtm-custom-label=\"Contextuel\" data-gtm-event=\"customEventSPE\" data-fig-domain=\"LEFIGARO\">gens du voyage<\/a>\u00a0sont install\u00e9es sur le secteur.<\/p>\n<p class=\"fig-paragraph\">L\u2019ancien propri\u00e9taire du terrain, l\u2019am\u00e9nageur public Loire Oc\u00e9an D\u00e9veloppement (LOD), avait accept\u00e9 vers 2019 la fixation de ce camp. En juillet 2024, cette entreprise publique locale d\u00e9tenue \u00e0 52% par Nantes M\u00e9tropole s\u2019\u00e9tait \u00e9galement engag\u00e9e aupr\u00e8s de l\u2019entrepreneur \u00e0 trouver une solution de relogement pour les familles. Une promesse qui tarde \u00e0 se concr\u00e9tiser. \u00abCela risque de mettre des mois, or je comptais qu\u2019on me propose une solution sous quelques jours\u00bb, a indiqu\u00e9 \u00e0 nos confr\u00e8res de\u00a0<a href=\"https:\/\/www.ouest-france.fr\/pays-de-la-loire\/nantes-44000\/aeroport-son-terrain-est-occupe-son-entreprise-bloquee-16e1cc76-2f35-11f0-a098-f31d02249152\" target=\"_blank\" rel=\"noopener\" data-gtm-custom-categorie=\"navigation\" data-gtm-custom-action=\"crossclick\" data-gtm-custom-label=\"Contextuel\" data-gtm-event=\"customEventSPE\">Presse Oc\u00e9an<\/a> \u00a0Guillaume Mairy, g\u00e9rant depuis 2018 de l\u2019entreprise d\u2019outillage industriel Oseteam et nouveau propri\u00e9taire de la parcelle occup\u00e9e.<\/p>\n<p>La m\u00e9tropole \u00abcoinc\u00e9e\u00bb<\/p>\n<p class=\"fig-paragraph\">Voil\u00e0 plusieurs mois que l\u2019industriel ronge son frein. Il a re\u00e7u en d\u00e9cembre le permis de construire pour am\u00e9nager son nouveau terrain et y d\u00e9velopper son activit\u00e9. 150.000 euros ont d\u2019ores et d\u00e9j\u00e0 \u00e9t\u00e9 engag\u00e9s dans l\u2019op\u00e9ration, tandis que les travaux devraient lui co\u00fbter plus d\u2019un million d\u2019euros. Le chantier ne pourra cependant pas \u00eatre amorc\u00e9 tant que les familles se trouvent sur le terrain. Aupr\u00e8s de la presse locale, Guillaume Mairy confie avoir \u00e9t\u00e9 surprise par le d\u00e9lai de prise en charge et d\u00e9plore une situation \u00abkafka\u00efenne\u00bb. L\u2019entrepreneur n\u2019a pas donn\u00e9 suite aux sollicitations du Figaro.<\/p>\n<p class=\"fig-body-link\">\n            \u00c0 lire aussi<br \/>\n        <a class=\"fig-body-link__link\" href=\"http:\/\/www.lefigaro.fr\/nantes\/nantes-appel-a-temoins-apres-la-disparition-d-un-septuagenaire-atteint-de-troubles-cognitifs-20250515\" target=\"_blank\" data-fig-type=\"NewsFlash\" rel=\"noopener\" data-gtm-custom-categorie=\"navigation\" data-gtm-custom-action=\"crossclick\" data-gtm-custom-label=\"Contextuel\" data-gtm-event=\"customEventSPE\" data-fig-domain=\"LEFIGARO\">Nantes\u00a0: appel \u00e0 t\u00e9moins apr\u00e8s la disparition d\u2019un septuag\u00e9naire atteint de troubles cognitifs<br \/>\n    <\/a>\n<\/p>\n<p class=\"fig-paragraph\">Nantes M\u00e9tropole confirme l\u2019existence du probl\u00e8me. \u00abNous nous sommes retrouv\u00e9s un peu coinc\u00e9s\u00bb, corrobore pour Le Figaro Fran\u00e7ois Prochasson, vice-pr\u00e9sident de la m\u00e9tropole d\u00e9l\u00e9gu\u00e9 au logement social. \u00abNous avons d\u00fb acc\u00e9l\u00e9rer nos prospections pour trouver un foncier qui conviendrait \u00e0 ces familles, dont les enfants sont scolaris\u00e9s dans le secteur. Le futur terrain sera propos\u00e9 aux voyageurs sous condition qu\u2019ils s\u2019engagent \u00e0 payer les factures d\u2019eau et d\u2019\u00e9lectricit\u00e9, dans le cas o\u00f9 ils souhaitaient s\u2019installer durablement sur la m\u00e9tropole\u00bb.<\/p>\n<p class=\"fig-paragraph\">En attendant une solution p\u00e9renne, la collectivit\u00e9 assure avoir trouv\u00e9 un terrain propre \u00e0 \u00eatre occup\u00e9 rapidement par les familles. Celui-ci se trouve sur la parcelle voisine de celle qui est aujourd\u2019hui occup\u00e9e. \u00abLa situation devrait \u00eatre r\u00e9gl\u00e9e la semaine prochaine\u00bb, indique Fran\u00e7ois Prochasson. Le nouveau terrain ne pourra \u00eatre toutefois occup\u00e9 que de mani\u00e8re provisoire. \u00abCette solution de transition ne tiendra pas l\u2019hiver\u00bb, pr\u00e9vient l\u2019\u00e9lu. Avec plus de 300 familles en attente d\u2019un terrain, l\u2019attente risque d\u2019\u00eatre longue avant un relogement d\u00e9finitif.<\/p>\n","protected":false},"excerpt":{"rendered":"La pr\u00e9sence d\u2019un camp de voyageurs emp\u00eache le d\u00e9marrage d\u2019un chantier industriel, pr\u00e8s de l\u2019a\u00e9roport nantais. Apr\u00e8s des&hellip;\n","protected":false},"author":2,"featured_media":108754,"comment_status":"","ping_status":"","sticky":false,"template":"","format":"standard","meta":{"footnotes":""},"categories":[2818],"tags":[1111,11,1777,674,462,1011,27,2903,2640,2642,766,2638,2643,2637,2639,2646,2645,2641,2635,2644,2647,12,2636,25],"class_list":{"0":"post-108753","1":"post","2":"type-post","3":"status-publish","4":"format-standard","5":"has-post-thumbnail","7":"category-nantes","8":"tag-actu","9":"tag-actualites","10":"tag-eu","11":"tag-europe","12":"tag-fc-nantes","13":"tag-fr","14":"tag-france","15":"tag-gens-du-voyage","16":"tag-hauts-paves-saint-felix","17":"tag-ile-de-nantes","18":"tag-nantes","19":"tag-nantes-bellevue-chantenay-sainte-anne","20":"tag-nantes-breil-barberie","21":"tag-nantes-centre-ville","22":"tag-nantes-dervallieres-zola","23":"tag-nantes-doulon-bottiere","24":"tag-nantes-erdre","25":"tag-nantes-malakoff-saint-donatien","26":"tag-nantes-metropole","27":"tag-nantes-nord","28":"tag-nantes-sud","29":"tag-news","30":"tag-pays-de-la-loire","31":"tag-republique-francaise"},"share_on_mastodon":{"url":"https:\/\/pubeurope.com\/@fr\/114527506497398539","error":""},"_links":{"self":[{"href":"https:\/\/www.europesays.com\/fr\/wp-json\/wp\/v2\/posts\/108753","targetHints":{"allow":["GET"]}}],"collection":[{"href":"https:\/\/www.europesays.com\/fr\/wp-json\/wp\/v2\/posts"}],"about":[{"href":"https:\/\/www.europesays.com\/fr\/wp-json\/wp\/v2\/types\/post"}],"author":[{"embeddable":true,"href":"https:\/\/www.europesays.com\/fr\/wp-json\/wp\/v2\/users\/2"}],"replies":[{"embeddable":true,"href":"https:\/\/www.europesays.com\/fr\/wp-json\/wp\/v2\/comments?post=108753"}],"version-history":[{"count":0,"href":"https:\/\/www.europesays.com\/fr\/wp-json\/wp\/v2\/posts\/108753\/revisions"}],"wp:featuredmedia":[{"embeddable":true,"href":"https:\/\/www.europesays.com\/fr\/wp-json\/wp\/v2\/media\/108754"}],"wp:attachment":[{"href":"https:\/\/www.europesays.com\/fr\/wp-json\/wp\/v2\/media?parent=108753"}],"wp:term":[{"taxonomy":"category","embeddable":true,"href":"https:\/\/www.europesays.com\/fr\/wp-json\/wp\/v2\/categories?post=108753"},{"taxonomy":"post_tag","embeddable":true,"href":"https:\/\/www.europesays.com\/fr\/wp-json\/wp\/v2\/tags?post=108753"}],"curies":[{"name":"wp","href":"https:\/\/api.w.org\/{rel}","templated":true}]}}