{"id":108765,"date":"2025-05-18T06:56:08","date_gmt":"2025-05-18T06:56:08","guid":{"rendered":"https:\/\/www.europesays.com\/fr\/108765\/"},"modified":"2025-05-18T06:56:08","modified_gmt":"2025-05-18T06:56:08","slug":"gitans-espagnols-tziganes-manouches-immersion-chez-les-gens-du-voyage-de-marseille-dans-zone-interdite","status":"publish","type":"post","link":"https:\/\/www.europesays.com\/fr\/108765\/","title":{"rendered":"Gitans espagnols, tziganes, manouches&#8230; immersion chez les gens du voyage de Marseille dans \u00ab\u00a0Zone Interdite\u00a0\u00bb"},"content":{"rendered":"<p>Marseille en toile de fond de ce nouveau num\u00e9ro de \u00ab\u00a0Zone interdite\u00a0\u00bb. Ce dimanche soir (21h10), le magazine de la cha\u00eene M6 pr\u00e9sent\u00e9 par Oph\u00e9lie Meunier plonge dans les secrets des gitans de la cit\u00e9 phoc\u00e9enne. \u00ab\u00a0C&rsquo;est la ville de France o\u00f9 l&rsquo;on rencontre le plus de communaut\u00e9s diff\u00e9rentes des gens du voyage, argumente la soci\u00e9t\u00e9 de production Giraf Prod dans un communiqu\u00e9. \u00c0 Marseille, gitans espagnols, tziganes ou Manouches ont chacun leur quartier o\u00f9 ils perp\u00e9tuent des traditions ancestrales\u00a0\u00bb.\u00a0<\/p>\n<p>Un mariage tendu<\/p>\n<p>Les cam\u00e9ras du journaliste St\u00e9phane Surace ont suivi quatre familles marseillaises pendant six mois. Une immersion int\u00e9grale qui d\u00e9voile le quotidien de chacun, dans les moments festifs mais aussi dans les moments plus difficiles. Comme ce mariage entre Carmen et Tony. La jeune femme, seulement \u00e2g\u00e9e de 16 ans, est tomb\u00e9e amoureuse en d\u00e9sob\u00e9issant \u00e0 ses parents. Une union qui ne se pr\u00e9sente donc pas sous les meilleurs auspices. \u00ab\u00a0Pour \u00e9viter un conflit entre les deux familles, les parents du jeune homme ont organis\u00e9 au pied lev\u00e9 une grande c\u00e9r\u00e9monie\u00a0\u00bb, pr\u00e9sente la prod&rsquo; du reportage. Mais une question reste en suspens : les parents de la jeune fille, qui s&rsquo;estiment d\u00e9shonor\u00e9s, viendront-ils \u00e0 la f\u00eate ?<\/p>\n<p>\u00ab\u00a0Zone interdite\u00a0\u00bb prendra ensuite la direction du 15e arrondissement de <a href=\"https:\/\/www.laprovence.com\/bouches-du-rhone\/marseille-13055\" target=\"_blank\" rel=\"noopener\">Marseille<\/a>, quartier Ruisseau Mirabeau, o\u00f9 vivent Tony et Graziella. Ces manouches, dont la communaut\u00e9 est tr\u00e8s religieuse appartenant aux chr\u00e9tiens \u00e9vang\u00e9liques, ouvrent leur porte pour pr\u00e9senter leur vie. Et notamment un \u00e9v\u00e9nement tr\u00e8s important pour eux : l&rsquo;anniversaire de leur fille.<\/p>\n<p>De s\u00e9dentaires \u00e0 nomades<\/p>\n<p>Le reportage raconte \u00e9galement l&rsquo;histoire de ce couple de gitans s\u00e9dentaris\u00e9s. \u00c0 22 ans, Yuri, son \u00e9pouse et leurs trois enfants, vont changer radicalement de vie. Ils quittent leur confortable appartement pour renouer avec le mode de vie traditionnel de leur communaut\u00e9. Un am\u00e9nagement dans un mobil-home, au milieu de 150 familles.<\/p>\n<p>Et pour la quatri\u00e8me famille, le magazine de M6 a d\u00e9cid\u00e9 de raconter la success-story de Jos\u00e9, Isabelle et leurs trois fils. Une famille gitane marseillaise s\u00e9dentaris\u00e9e qui a b\u00e2ti un mini-empire avec plusieurs entreprises florissantes. Les cam\u00e9ras de Giraf Prod vont suivre l&rsquo;ouverture du nouveau restaurant de Juan \u00e0 Plan-de-Campagne.<\/p>\n<p>\u00ab\u00a0Zone interdite : dans les secrets des gitans de Marseille\u00a0\u00bb, dimanche 18 mai \u00e0 21h10 sur M6<\/p>\n","protected":false},"excerpt":{"rendered":"Marseille en toile de fond de ce nouveau num\u00e9ro de \u00ab\u00a0Zone interdite\u00a0\u00bb. Ce dimanche soir (21h10), le magazine&hellip;\n","protected":false},"author":2,"featured_media":108766,"comment_status":"","ping_status":"","sticky":false,"template":"","format":"standard","meta":{"footnotes":""},"categories":[2814],"tags":[17,1111,11,251,1777,674,1011,27,22680,1930,884,12,5491,882,4049,25,3356,4717,8436],"class_list":{"0":"post-108765","1":"post","2":"type-post","3":"status-publish","4":"format-standard","5":"has-post-thumbnail","7":"category-marseille","8":"tag-17","9":"tag-actu","10":"tag-actualites","11":"tag-culture","12":"tag-eu","13":"tag-europe","14":"tag-fr","15":"tag-france","16":"tag-interdite","17":"tag-mariage","18":"tag-marseille","19":"tag-news","20":"tag-plonge","21":"tag-provence-alpes-cote-dazur","22":"tag-quotidienne","23":"tag-republique-francaise","24":"tag-sur","25":"tag-vie","26":"tag-zone"},"share_on_mastodon":{"url":"https:\/\/pubeurope.com\/@fr\/114527534047330952","error":""},"_links":{"self":[{"href":"https:\/\/www.europesays.com\/fr\/wp-json\/wp\/v2\/posts\/108765","targetHints":{"allow":["GET"]}}],"collection":[{"href":"https:\/\/www.europesays.com\/fr\/wp-json\/wp\/v2\/posts"}],"about":[{"href":"https:\/\/www.europesays.com\/fr\/wp-json\/wp\/v2\/types\/post"}],"author":[{"embeddable":true,"href":"https:\/\/www.europesays.com\/fr\/wp-json\/wp\/v2\/users\/2"}],"replies":[{"embeddable":true,"href":"https:\/\/www.europesays.com\/fr\/wp-json\/wp\/v2\/comments?post=108765"}],"version-history":[{"count":0,"href":"https:\/\/www.europesays.com\/fr\/wp-json\/wp\/v2\/posts\/108765\/revisions"}],"wp:featuredmedia":[{"embeddable":true,"href":"https:\/\/www.europesays.com\/fr\/wp-json\/wp\/v2\/media\/108766"}],"wp:attachment":[{"href":"https:\/\/www.europesays.com\/fr\/wp-json\/wp\/v2\/media?parent=108765"}],"wp:term":[{"taxonomy":"category","embeddable":true,"href":"https:\/\/www.europesays.com\/fr\/wp-json\/wp\/v2\/categories?post=108765"},{"taxonomy":"post_tag","embeddable":true,"href":"https:\/\/www.europesays.com\/fr\/wp-json\/wp\/v2\/tags?post=108765"}],"curies":[{"name":"wp","href":"https:\/\/api.w.org\/{rel}","templated":true}]}}