{"id":108767,"date":"2025-05-18T06:57:11","date_gmt":"2025-05-18T06:57:11","guid":{"rendered":"https:\/\/www.europesays.com\/fr\/108767\/"},"modified":"2025-05-18T06:57:11","modified_gmt":"2025-05-18T06:57:11","slug":"du-stand-up-pour-le-bel-age-le-concept-prometteur-du-comedie-club-vieux-port","status":"publish","type":"post","link":"https:\/\/www.europesays.com\/fr\/108767\/","title":{"rendered":"du stand-up pour le Bel \u00c2ge, le concept prometteur du Com\u00e9die Club Vieux-Port"},"content":{"rendered":"<p class=\"rev-margin-0 rev-text-xs-normal\">Au Com\u00e9die Club Vieux-Port, Michel Nouader lancera d\u00e8s dimanche son concept de th\u00e9 marrant.<\/p>\n<p class=\"rev-margin-0 rev-text-xs-bold\">La Provence \/ Val\u00e9rie Vrel (archives)<\/p>\n<p>Vous les connaissez ces personnes, \u00e0 qui on dit souvent qu&rsquo;elles pourraient faire du stand-up. Que ce soit sur le Vieux-Port, dans les caf\u00e9s les plus authentiques de Marseille ou encore autour des boulodromes, ces figures se d\u00e9marquent par leur sens de la formule, leur gouaille&#8230; mais aussi leurs exp\u00e9riences de vie. C&rsquo;est de ce constat qu&rsquo;est parti Michel Nouader, \u00e0 la t\u00eate du <a href=\"https:\/\/www.laprovence.com\/article\/sortie-loisirs\/23079707477023\/marseille-10-ans-de-stand-up-resonnent-au-comedie-club-vieux-port\" target=\"_blank\" rel=\"nofollow noopener\">Com\u00e9die Club Vieux-Port<\/a>, pour cr\u00e9er un nouveau concept : le th\u00e9 marrant.<\/p>\n<p>\u00ab\u00a0Vous connaissiez le th\u00e9 dansant ? Eh bien c&rsquo;est pareil, il y aura les boissons chaudes, les petits g\u00e2teaux, mais en \u00e9coutant des blagues\u00a0\u00bb, d\u00e9crit l&rsquo;homme de spectacle. Dont l&rsquo;inspiration est venue d&rsquo;une sc\u00e8ne du quotidien : \u00ab\u00a0J&rsquo;ai crois\u00e9 un mec de 83 ans dans un restau au Panier, \u00e0 qui j&rsquo;ai dit de faire de l&rsquo;humour. Il a commenc\u00e9 \u00e0 me faire le sketch et c&rsquo;\u00e9tait act\u00e9.\u00a0\u00bb<\/p>\n<p>De quoi faire le tour de la ville et ses environs pour motiver les plus \u00e9loquents \u00e0 raconter leurs histoires derri\u00e8re un micro. \u00ab\u00a0Ils ont bien des choses \u00e0 dire, des moments de vie, des anecdotes hilarantes. Et regardez combien de personnages nous avons ici\u00a0\u00bb, insiste Michel Nouader.<\/p>\n<p>\u00ab\u00a0On re\u00e7oit des appels de gens \u00e0 Lille\u00a0\u00bb<\/p>\n<p>Si la premi\u00e8re de cette nouvelle formule programm\u00e9e le dimanche 18 mai affiche d\u00e9j\u00e0 complet, le th\u00e9 marrant pourrait rapidement adopter une fr\u00e9quence hebdomadaire. Car c\u00f4t\u00e9 participants, la demande est aussi au rendez-vous : \u00ab\u00a0Un Ehpad d&rsquo;Aix-en-Provence nous a sollicit\u00e9s pour faire participer des r\u00e9sidents, et on re\u00e7oit des appels de gens \u00e0 Lille\u00a0\u00bb, s&rsquo;enthousiasme le dirigeant de la salle aussi connue sous le nom d&rsquo;<a href=\"https:\/\/www.laprovence.com\/article\/culture-loisirs\/3540855543129414\/kev-adams-marseille-a-un-des-meilleurs-publics-de-stand-up-depuis-longtemps\" target=\"_blank\" rel=\"nofollow noopener\">Espace Kev Adams<\/a>.<\/p>\n<p>Si les futurs participants seront peu \u00e0 \u00eatre des habitu\u00e9s de la sc\u00e8ne, ils seront encadr\u00e9s par deux humoristes qui ont fait leurs armes au Com\u00e9die Club Vieux-Port, dont ils sont aujourd&rsquo;hui des tauliers : le Marseillais d&rsquo;origine alg\u00e9rienne <a href=\"https:\/\/www.laprovence.com\/article\/culture-loisirs\/3903367882387514\/moustazou-le-stand-up-de-la-double-culture-a-retrouver-les-samedis-8-et-15-mars-a-marseille\" target=\"_blank\" rel=\"nofollow noopener\">Moustazou<\/a> et <a href=\"https:\/\/www.laprovence.com\/article\/culture-loisirs\/1303350653188816\/marseille-jm-nichanian-le-reve-devenu-realite-sur-la-scene-stand-up\" target=\"_blank\" rel=\"nofollow noopener\">JM Nichanian<\/a>, originaire de Plan-de-Cuques.<\/p>\n<p>Dimanche \u00e0 16h au Com\u00e9die Club Vieux-Port, complet. Nouvelles dates \u00e0 venir sur comedieclubvieuxport.com<\/p>\n","protected":false},"excerpt":{"rendered":"Au Com\u00e9die Club Vieux-Port, Michel Nouader lancera d\u00e8s dimanche son concept de th\u00e9 marrant. La Provence \/ Val\u00e9rie&hellip;\n","protected":false},"author":2,"featured_media":108768,"comment_status":"","ping_status":"","sticky":false,"template":"","format":"standard","meta":{"footnotes":""},"categories":[2814],"tags":[17,1111,11,317,22681,16636,251,1777,674,1011,27,884,12,471,3240,882,25,7492],"class_list":{"0":"post-108767","1":"post","2":"type-post","3":"status-publish","4":"format-standard","5":"has-post-thumbnail","7":"category-marseille","8":"tag-17","9":"tag-actu","10":"tag-actualites","11":"tag-age","12":"tag-bel","13":"tag-concept","14":"tag-culture","15":"tag-eu","16":"tag-europe","17":"tag-fr","18":"tag-france","19":"tag-marseille","20":"tag-news","21":"tag-pour","22":"tag-prometteur","23":"tag-provence-alpes-cote-dazur","24":"tag-republique-francaise","25":"tag-stand-up"},"share_on_mastodon":{"url":"https:\/\/pubeurope.com\/@fr\/114527538245514949","error":""},"_links":{"self":[{"href":"https:\/\/www.europesays.com\/fr\/wp-json\/wp\/v2\/posts\/108767","targetHints":{"allow":["GET"]}}],"collection":[{"href":"https:\/\/www.europesays.com\/fr\/wp-json\/wp\/v2\/posts"}],"about":[{"href":"https:\/\/www.europesays.com\/fr\/wp-json\/wp\/v2\/types\/post"}],"author":[{"embeddable":true,"href":"https:\/\/www.europesays.com\/fr\/wp-json\/wp\/v2\/users\/2"}],"replies":[{"embeddable":true,"href":"https:\/\/www.europesays.com\/fr\/wp-json\/wp\/v2\/comments?post=108767"}],"version-history":[{"count":0,"href":"https:\/\/www.europesays.com\/fr\/wp-json\/wp\/v2\/posts\/108767\/revisions"}],"wp:featuredmedia":[{"embeddable":true,"href":"https:\/\/www.europesays.com\/fr\/wp-json\/wp\/v2\/media\/108768"}],"wp:attachment":[{"href":"https:\/\/www.europesays.com\/fr\/wp-json\/wp\/v2\/media?parent=108767"}],"wp:term":[{"taxonomy":"category","embeddable":true,"href":"https:\/\/www.europesays.com\/fr\/wp-json\/wp\/v2\/categories?post=108767"},{"taxonomy":"post_tag","embeddable":true,"href":"https:\/\/www.europesays.com\/fr\/wp-json\/wp\/v2\/tags?post=108767"}],"curies":[{"name":"wp","href":"https:\/\/api.w.org\/{rel}","templated":true}]}}