{"id":108770,"date":"2025-05-18T06:59:08","date_gmt":"2025-05-18T06:59:08","guid":{"rendered":"https:\/\/www.europesays.com\/fr\/108770\/"},"modified":"2025-05-18T06:59:08","modified_gmt":"2025-05-18T06:59:08","slug":"cambriolage-avorte-dans-le-6e-arrondissement-de-lyon-trois-hommes-interpelles","status":"publish","type":"post","link":"https:\/\/www.europesays.com\/fr\/108770\/","title":{"rendered":"Cambriolage avort\u00e9 dans le 6e arrondissement de Lyon : trois hommes interpell\u00e9s"},"content":{"rendered":"<p>Trois jeunes interpell\u00e9s en flagrant d\u00e9lit de tentative de cambriolage &#8211; LyonMag<\/p>\n<p itemprop=\"description\"><strong>La tentative de cambriolage n\u2019aura pas d\u00e9pass\u00e9 le palier.<\/strong><\/p>\n<p>Il \u00e9tait environ 18h30 ce jeudi 15 mai lorsque des riverains de la rue Vauban \u2014 6e arrondissement de Lyon \u2013 ont contact\u00e9 la police, alert\u00e9s par des bruits suspects en provenance du dernier \u00e9tage d\u2019un immeuble.<\/p>\n<p>Sur place, les fonctionnaires sont tomb\u00e9s sur trois individus en pleine tentative d\u2019effraction.<\/p>\n<p>Les suspects, de nationalit\u00e9 alg\u00e9rienne et en situation irr\u00e9guli\u00e8re, se disaient \u00eatre \u00e2g\u00e9s de 15, 16 et 21 ans, pr\u00e9cise le Progr\u00e8s. Ils ont \u00e9t\u00e9 interpell\u00e9s en flagrant d\u00e9lit puis plac\u00e9s en garde \u00e0 vue. Une enqu\u00eate a \u00e9t\u00e9 ouverte pour tentative de vol par effraction.<\/p>\n<p>Le trio devra r\u00e9pondre de ses actes dans le cadre des investigations en cours, men\u00e9es par les services de police lyonnais.<\/p>\n","protected":false},"excerpt":{"rendered":"Trois jeunes interpell\u00e9s en flagrant d\u00e9lit de tentative de cambriolage &#8211; LyonMag La tentative de cambriolage n\u2019aura pas&hellip;\n","protected":false},"author":2,"featured_media":108771,"comment_status":"","ping_status":"","sticky":false,"template":"","format":"standard","meta":{"footnotes":""},"categories":[1889],"tags":[1111,11,2813,2190,2430,1109,251,1112,2811,1777,674,118,1011,27,1922,1110,1114,2428,2810,12,241,316,25,2812,517,800],"class_list":{"0":"post-108770","1":"post","2":"type-post","3":"status-publish","4":"format-standard","5":"has-post-thumbnail","7":"category-lyon","8":"tag-actu","9":"tag-actualites","10":"tag-article","11":"tag-asvel","12":"tag-auvergne-rhone-alpes","13":"tag-breves","14":"tag-culture","15":"tag-depeches","16":"tag-economique","17":"tag-eu","18":"tag-europe","19":"tag-faits-divers","20":"tag-fr","21":"tag-france","22":"tag-info","23":"tag-informations","24":"tag-infos","25":"tag-lyon","26":"tag-lyonmag","27":"tag-news","28":"tag-ol","29":"tag-politique","30":"tag-republique-francaise","31":"tag-sociale","32":"tag-sport","33":"tag-transports"},"share_on_mastodon":{"url":"https:\/\/pubeurope.com\/@fr\/114527545708177274","error":""},"_links":{"self":[{"href":"https:\/\/www.europesays.com\/fr\/wp-json\/wp\/v2\/posts\/108770","targetHints":{"allow":["GET"]}}],"collection":[{"href":"https:\/\/www.europesays.com\/fr\/wp-json\/wp\/v2\/posts"}],"about":[{"href":"https:\/\/www.europesays.com\/fr\/wp-json\/wp\/v2\/types\/post"}],"author":[{"embeddable":true,"href":"https:\/\/www.europesays.com\/fr\/wp-json\/wp\/v2\/users\/2"}],"replies":[{"embeddable":true,"href":"https:\/\/www.europesays.com\/fr\/wp-json\/wp\/v2\/comments?post=108770"}],"version-history":[{"count":0,"href":"https:\/\/www.europesays.com\/fr\/wp-json\/wp\/v2\/posts\/108770\/revisions"}],"wp:featuredmedia":[{"embeddable":true,"href":"https:\/\/www.europesays.com\/fr\/wp-json\/wp\/v2\/media\/108771"}],"wp:attachment":[{"href":"https:\/\/www.europesays.com\/fr\/wp-json\/wp\/v2\/media?parent=108770"}],"wp:term":[{"taxonomy":"category","embeddable":true,"href":"https:\/\/www.europesays.com\/fr\/wp-json\/wp\/v2\/categories?post=108770"},{"taxonomy":"post_tag","embeddable":true,"href":"https:\/\/www.europesays.com\/fr\/wp-json\/wp\/v2\/tags?post=108770"}],"curies":[{"name":"wp","href":"https:\/\/api.w.org\/{rel}","templated":true}]}}