{"id":1087739,"date":"2026-07-25T19:45:21","date_gmt":"2026-07-25T19:45:21","guid":{"rendered":"https:\/\/www.europesays.com\/fr\/1087739\/"},"modified":"2026-07-25T19:45:21","modified_gmt":"2026-07-25T19:45:21","slug":"rennes-dompte-le-club-bruges-en-amical-grace-a-un-nouveau-but-desteban-lepaul-lequipe","status":"publish","type":"post","link":"https:\/\/www.europesays.com\/fr\/1087739\/","title":{"rendered":"Rennes dompte le Club Bruges en amical gr\u00e2ce \u00e0 un nouveau but d&#039;Est\u00e9ban Lepaul &#8211; L&#039;\u00c9quipe"},"content":{"rendered":"<ol>\n<li><a href=\"https:\/\/news.google.com\/rss\/articles\/CBMiyAFBVV95cUxNQnI4QnZkczIycnhva1dVSXFCLXhBQXlpRG4zaGZiemJzVnRNUGVWQkFEYm54b3NYdzRjRTZxYk40X1VscUNqZVdXbVlUV0QtZmdmbFJneVg5eXZrblhFdlRPcUJkenFOby1vazcwc2ZZOHVMM3MtRGQtZll5V1pnMXdOVG1ET1prWXRXVVhJbHBoT1F2WENISTZVQjNMSTE5TFVJNDduakYzZmJmZW9LTW5mUEExd3JVdXRTcjljb041b3diRG4xZA?oc=5\" target=\"_blank\" rel=\"nofollow noopener\">Rennes dompte le Club Bruges en amical gr\u00e2ce \u00e0 un nouveau but d&rsquo;Est\u00e9ban Lepaul<\/a>&nbsp;&nbsp;L&rsquo;\u00c9quipe<\/li>\n<li><a href=\"https:\/\/news.google.com\/rss\/articles\/CBMi-wFBVV95cUxNVHBfV2tXYTNUUERiOEdSQ2FFZTdXLVhWYUxYa3EwbUtpcEpaTlI2WUNwZ056aFk4Yko0ekNEQlVLTGo4dnNJVnE4U3lDcVFWUFpqcXFyeldXRm1WcE1JM3R3bktOaVJnWUVJWjNYTjVZZ01jbkJDaHk1U3E1d3lWTHdoQ3laanhJeVU5d013Uk8taEk3MVBMYnQ0cUZfSXFuZnJ3RWhMUGtuT0swN1VaZk9UT0NSTUtvOTlwWXRKUlZtT3U0M0hSMW9jU2ZvbG95TFdReE1hNmR3MG5XSG0yMk1mdmpMSFJ0QnJWV01wYm9tYlBpNnV2YVdhNA?oc=5\" target=\"_blank\" rel=\"nofollow noopener\">Revivez la belle victoire du Stade Rennais contre le Club Bruges<\/a>&nbsp;&nbsp;Ouest-France<\/li>\n<li><a href=\"https:\/\/news.google.com\/rss\/articles\/CBMiqAFBVV95cUxQRE9jT3RyeTlvTXAxcWVHVV8xZ2RkZExlSFBmOG5uUEtXLVo2Vzc3QWU1UUluX05xcEFFaTVxVW1aM19ZSmotX3FVdFB2TEhoazhEWmU0NXJCSkU5Y2F1WVRjX3p4NWMxUWhVZUZWZlFnN0JiUjlVbmlxQm5HUkVVS1FfendHQXh2dEJsX1czSU1XdHUycC10cE5PNlJ4bU9LdGVGVlZkZkE?oc=5\" target=\"_blank\" rel=\"nofollow noopener\">SRFC \/ Club Bruges KV : 1-0 Mi-temps (en direct sur Ligue 1+)<\/a>&nbsp;&nbsp;Stade Rennais<\/li>\n<li><a href=\"https:\/\/news.google.com\/rss\/articles\/CBMiqAFBVV95cUxPSDVvcG5qUlR3aDZtdEoxWHZ4THB5UlZfOWtDWjRPU29oX1VDREJLOUR5elg5RDBVOEppa2lsNERTNVdKOWk0amJyM1RqVE9QbVk0UTFCZUJXSlNacmFjT0dIWnhCNFBpMElfX29iSHVmcGlEUVZpdHVvVnBpWnI5RmVIdDZGWElhcmRYeGxjbk5rVGp6Mm52QmlPalQ1ajlKVlNFMWhhUW4?oc=5\" target=\"_blank\" rel=\"nofollow noopener\">Amicaux : Rennes s\u2019offre Bruges, Auxerre renvers\u00e9 par Orl\u00e9ans<\/a>&nbsp;&nbsp;Foot Mercato<\/li>\n<li><a href=\"https:\/\/news.google.com\/rss\/articles\/CBMi2gFBVV95cUxQb2FrZ256czZCSnRnWUdUVF9WcmhrTmY0Smpkb3k0T2FXYnNEZk9hZEZBS1d6ZEJtbWFhd0J1Z3p1TlUzNWpGZjZHWFV1c3pfMkRVWVJvbHA3by1CaUJmWEVpUVVVZWNWelF4UGJTekFUZnFXa2piS09uZE5JU0Q5SnBWTm05aXZDWW9QOXh3TTFLc0dCaXkxS1o0S0NZOXJnYjFYbHdFMTdwOWdJQllZOS1hYVJSY0xacWNVWm9pbERRVG9yR0FXSS1kcEQxZ01HRndkY1pjT2w5dw?oc=5\" target=\"_blank\" rel=\"nofollow noopener\">Stade Rennais. Contre Bruges, les Rouge et Noir passent d\u00e9j\u00e0 en mode europ\u00e9en . Sport<\/a>&nbsp;&nbsp;Maville Angers<\/li>\n<\/ol>\n","protected":false},"excerpt":{"rendered":"Rennes dompte le Club Bruges en amical gr\u00e2ce \u00e0 un nouveau but d&rsquo;Est\u00e9ban Lepaul&nbsp;&nbsp;L&rsquo;\u00c9quipe Revivez la belle victoire&hellip;\n","protected":false},"author":2,"featured_media":1087740,"comment_status":"","ping_status":"","sticky":false,"template":"","format":"standard","meta":{"footnotes":"","_share_on_mastodon":"0"},"categories":[1410],"tags":[93113,95513,63,1011,27,66,584,86796,105443,60],"class_list":["post-1087739","post","type-post","status-publish","format-standard","has-post-thumbnail","category-football","tag-antoine-maumon-de-longevialle","tag-fc-bruges","tag-football","tag-fr","tag-france","tag-ligue-1","tag-rennes","tag-resumes-et-cr","tag-saison-2026-2027","tag-sports"],"share_on_mastodon":{"url":"https:\/\/pubeurope.com\/@fr\/116982338690471901","error":""},"_links":{"self":[{"href":"https:\/\/www.europesays.com\/fr\/wp-json\/wp\/v2\/posts\/1087739","targetHints":{"allow":["GET"]}}],"collection":[{"href":"https:\/\/www.europesays.com\/fr\/wp-json\/wp\/v2\/posts"}],"about":[{"href":"https:\/\/www.europesays.com\/fr\/wp-json\/wp\/v2\/types\/post"}],"author":[{"embeddable":true,"href":"https:\/\/www.europesays.com\/fr\/wp-json\/wp\/v2\/users\/2"}],"replies":[{"embeddable":true,"href":"https:\/\/www.europesays.com\/fr\/wp-json\/wp\/v2\/comments?post=1087739"}],"version-history":[{"count":0,"href":"https:\/\/www.europesays.com\/fr\/wp-json\/wp\/v2\/posts\/1087739\/revisions"}],"wp:featuredmedia":[{"embeddable":true,"href":"https:\/\/www.europesays.com\/fr\/wp-json\/wp\/v2\/media\/1087740"}],"wp:attachment":[{"href":"https:\/\/www.europesays.com\/fr\/wp-json\/wp\/v2\/media?parent=1087739"}],"wp:term":[{"taxonomy":"category","embeddable":true,"href":"https:\/\/www.europesays.com\/fr\/wp-json\/wp\/v2\/categories?post=1087739"},{"taxonomy":"post_tag","embeddable":true,"href":"https:\/\/www.europesays.com\/fr\/wp-json\/wp\/v2\/tags?post=1087739"}],"curies":[{"name":"wp","href":"https:\/\/api.w.org\/{rel}","templated":true}]}}