{"id":108774,"date":"2025-05-18T07:02:08","date_gmt":"2025-05-18T07:02:08","guid":{"rendered":"https:\/\/www.europesays.com\/fr\/108774\/"},"modified":"2025-05-18T07:02:08","modified_gmt":"2025-05-18T07:02:08","slug":"dans-les-hauts-de-seine-les-arbres-sont-notes-pour-evaluer-les-indemnites-a-payer-en-cas-de-degradation","status":"publish","type":"post","link":"https:\/\/www.europesays.com\/fr\/108774\/","title":{"rendered":"Dans les Hauts-de-Seine, les arbres sont not\u00e9s pour \u00e9valuer les indemnit\u00e9s \u00e0 payer en cas de d\u00e9gradation"},"content":{"rendered":"<p>            Par<br \/>\n        <strong><br \/>\n            <a href=\"https:\/\/actu.fr\/auteur\/ines-cussac-actu-fr\" title=\"Consulter tous les articles de In\u00e8s Cussac\" rel=\"nofollow noopener\" target=\"_blank\">In\u00e8s Cussac<\/a><br \/>\n        <\/strong><\/p>\n<p>        Publi\u00e9 le<\/p>\n<p>            18 mai 2025 \u00e0 7h24        <\/p>\n<p>Le D\u00e9partement des Hauts-de-Seine veut \u00ab\u2009reconnecter\u2009\u00bb ses habitants \u00e0 la nature. R\u00e9duire l\u2019empreinte carbone, <a href=\"https:\/\/actu.fr\/hauts-de-seine\/biodiversite\" rel=\"nofollow noopener\" target=\"_blank\">prot\u00e9ger la biodiversit\u00e9<\/a> et am\u00e9liorer la qualit\u00e9 de vie des altos\u00e9quanais sont <strong>les objectifs fix\u00e9s dans l\u2019agenda 2030<\/strong>. Pour mener \u00e0 bien ces missions, <a href=\"https:\/\/actu.fr\/ile-de-france\/nanterre_92050\/decouvrez-ou-seront-installes-les-nouveaux-parcs-des-hauts-de-seine-d-ici-a-2030_60939975.html\" rel=\"nofollow noopener\" target=\"_blank\">le D\u00e9partement compte notamment cr\u00e9er des parcs<\/a>, multiplier les plantations d\u2019arbres et renforcer le cadre de leur protection. \u00ab\u2009Le D\u00e9partement des Hauts-de-Seine renforce son action en adoptant le nouveau <strong>Guide de l\u2019arbre<\/strong>, un outil ambitieux pour mieux prot\u00e9ger, \u00e9valuer et valoriser <a href=\"https:\/\/actu.fr\/ile-de-france\/saint-cloud_92064\/hauts-de-seine-des-arbres-en-bonne-sante-abattus-pour-la-construction-de-la-ligne-15-du-grand-paris-express_61626743.html\" rel=\"nofollow noopener\" target=\"_blank\">notre patrimoine arbor\u00e9<\/a>\u2009\u00bb, annonce-t-il.<\/p>\n<p>Bar\u00e8me de valeur des arbres<\/p>\n<p class=\" wall-content\">Outre la plantation de quelque 30\u2009000 arbres entre\u00a02026 et\u00a02030, contre 40\u2009000 entre\u00a02010 et\u00a02020, le D\u00e9partement veut surtout mieux les prot\u00e9ger. Dans son \u00ab\u2009Guide de l\u2019arbre\u2009\u00bb, il pr\u00e9sente <strong>le bar\u00e8me de la valeur des arbres<\/strong> qu\u2019il met en place. Ce dispositif vise \u00e0 \u00e9valuer \u00ab\u2009de mani\u00e8re objective et standardis\u00e9e\u2009\u00bb leur valeur \u00e9conomique et \u00e9cologique. \u00ab\u2009Cet outil est essentiel pour justifier les d\u00e9cisions de pr\u00e9servation ou de remplacement des arbres, en tenant compte de leur contribution \u00e0 l\u2019environnement et \u00e0 la qualit\u00e9 de vie des citoyens\u2009\u00bb, fait savoir le D\u00e9partement.<\/p>\n<p class=\" wall-content\">La plantation d\u2019arbres peut effectivement g\u00e9n\u00e9rer des avantages \u00e9conomiques en <strong>augmentant la valeur des habitations<\/strong> et des am\u00e9nagements alentour. Elle permet en outre de cr\u00e9er des emplois dans les secteurs du paysage, de la production agricole et de l\u2019ing\u00e9nierie. Les arbres jouent en outre un r\u00f4le dans la r\u00e9gulation des temp\u00e9ratures, la pr\u00e9vention de l\u2019\u00e9rosion des sols et la gestion des ressources en eau.<\/p>\n<p class=\" wall-content\">Concr\u00e8tement, toute d\u00e9gradation ou destruction lors d\u2019une intervention de chantier par exemple <strong>fera l\u2019objet d\u2019une indemnisation financi\u00e8re<\/strong> selon la valeur de l\u2019arbre touch\u00e9. Troncs, branches, racines\u2026 Les zones a\u00e9riennes ainsi que les syst\u00e8mes racinaires des arbres sont sujets \u00e0 d\u2019importantes contraintes en ville. Le bar\u00e8me peut \u00eatre servir de r\u00e9f\u00e9rentiel en cas de travaux, d\u2019accidents et d\u2019expropriations.<\/p>\n<p class=\" wall-content\">Dans le d\u00e9tail, en cas de d\u00e9gradation, l\u2019indemnit\u00e9 correspond \u00e0 la valeur d\u2019am\u00e9nit\u00e9 de l\u2019arbre calcul\u00e9e selon le bar\u00e8me, multipli\u00e9e par le pourcentage correspondant au pr\u00e9judice subi. Un forfait de replantation est \u00e9galement ajout\u00e9 si l\u2019arbre est consid\u00e9r\u00e9 comme perdu.<\/p>\n<p>Vid\u00e9os : en ce moment sur ActuCr\u00e9ation de parcs<\/p>\n<p class=\" wall-content\">En 2024, le conseil d\u00e9partemental avait vot\u00e9 en faveur de <strong>la cr\u00e9ation de 50 hectares<\/strong> de verdure suppl\u00e9mentaires dans les Hauts-de-Seine. La cr\u00e9ation de cinq nouveaux parcs avait ainsi \u00e9t\u00e9 act\u00e9e, parmi lesquels certains doivent ouvrir prochainement.<\/p>\n<p class=\" wall-content\">L\u2019extension du <a href=\"https:\/\/actu.fr\/ile-de-france\/nanterre_92050\/veritable-coulee-verte-jusqu-a-la-seine-ce-parc-des-hauts-de-seine-a-gagne-quelques-hectares_60431763.html\" rel=\"nofollow noopener\" target=\"_blank\">parc du Chemin de l\u2019\u00cele<\/a> \u00e0 Nanterre se poursuit donc, le parc de l\u2019\u00eele Seguin \u00e0 Boulogne-Billancourt et le parc de la Roseraie \u00e0 Ch\u00e2tenay-Malabry se pr\u00e9parent, eux, \u00e0 accueillir leurs premiers badauds d\u2019ici l\u2019ann\u00e9e prochaine.<\/p>\n<p class=\" wall-content\">Le grand parc des berges de Seine \u00e0 Courbevoie s\u2019agrandit aussi avec la cr\u00e9ation de huit kilom\u00e8tres suppl\u00e9mentaires de berges am\u00e9nag\u00e9es.<\/p>\n<p class=\" wall-content\">Suivez toute l\u2019actualit\u00e9 de vos villes et m\u00e9dias favoris en vous inscrivant \u00e0 <a href=\"https:\/\/moncompte.actu.fr\" title=\"D\u00e9couvez Mon Actu\" rel=\"nofollow noopener\" data-trk=\"{&quot;cta&quot;:{&quot;action&quot;:&quot;https:\\\/\\\/moncompte.actu.fr&quot;,&quot;category&quot;:&quot;mon compte&quot;,&quot;from&quot;:&quot;article footer&quot;,&quot;name&quot;:&quot;Mon actu&quot;,&quot;type&quot;:&quot;cta&quot;}}\" target=\"_blank\">Mon Actu<\/a>.<\/p>\n","protected":false},"excerpt":{"rendered":"Par In\u00e8s Cussac Publi\u00e9 le 18 mai 2025 \u00e0 7h24 Le D\u00e9partement des Hauts-de-Seine veut \u00ab\u2009reconnecter\u2009\u00bb ses habitants&hellip;\n","protected":false},"author":2,"featured_media":108775,"comment_status":"","ping_status":"","sticky":false,"template":"","format":"standard","meta":{"footnotes":""},"categories":[1888],"tags":[1111,1928,11,1927,51,436,1777,674,1011,27,12,1926,626,1925,52,25],"class_list":{"0":"post-108774","1":"post","2":"type-post","3":"status-publish","4":"format-standard","5":"has-post-thumbnail","7":"category-paris","8":"tag-actu","9":"tag-actu-paris","10":"tag-actualites","11":"tag-actualites-paris","12":"tag-ecologie","13":"tag-environnement","14":"tag-eu","15":"tag-europe","16":"tag-fr","17":"tag-france","18":"tag-news","19":"tag-news-paris","20":"tag-paris","21":"tag-paris-news","22":"tag-planete","23":"tag-republique-francaise"},"share_on_mastodon":{"url":"https:\/\/pubeurope.com\/@fr\/114527557632040874","error":""},"_links":{"self":[{"href":"https:\/\/www.europesays.com\/fr\/wp-json\/wp\/v2\/posts\/108774","targetHints":{"allow":["GET"]}}],"collection":[{"href":"https:\/\/www.europesays.com\/fr\/wp-json\/wp\/v2\/posts"}],"about":[{"href":"https:\/\/www.europesays.com\/fr\/wp-json\/wp\/v2\/types\/post"}],"author":[{"embeddable":true,"href":"https:\/\/www.europesays.com\/fr\/wp-json\/wp\/v2\/users\/2"}],"replies":[{"embeddable":true,"href":"https:\/\/www.europesays.com\/fr\/wp-json\/wp\/v2\/comments?post=108774"}],"version-history":[{"count":0,"href":"https:\/\/www.europesays.com\/fr\/wp-json\/wp\/v2\/posts\/108774\/revisions"}],"wp:featuredmedia":[{"embeddable":true,"href":"https:\/\/www.europesays.com\/fr\/wp-json\/wp\/v2\/media\/108775"}],"wp:attachment":[{"href":"https:\/\/www.europesays.com\/fr\/wp-json\/wp\/v2\/media?parent=108774"}],"wp:term":[{"taxonomy":"category","embeddable":true,"href":"https:\/\/www.europesays.com\/fr\/wp-json\/wp\/v2\/categories?post=108774"},{"taxonomy":"post_tag","embeddable":true,"href":"https:\/\/www.europesays.com\/fr\/wp-json\/wp\/v2\/tags?post=108774"}],"curies":[{"name":"wp","href":"https:\/\/api.w.org\/{rel}","templated":true}]}}