{"id":10878,"date":"2025-04-08T18:33:11","date_gmt":"2025-04-08T18:33:11","guid":{"rendered":"https:\/\/www.europesays.com\/fr\/10878\/"},"modified":"2025-04-08T18:33:11","modified_gmt":"2025-04-08T18:33:11","slug":"elsa-bois-proche-de-la-famille-de-florent-manaudou-sa-niece-fait-une-publication-qui-en-dit-long","status":"publish","type":"post","link":"https:\/\/www.europesays.com\/fr\/10878\/","title":{"rendered":"Elsa Bois proche de la famille de Florent Manaudou : sa ni\u00e8ce fait une publication qui en dit long"},"content":{"rendered":"<p>Ils ne se l\u00e2chent plus et se suivent m\u00eame jusqu\u2019\u00e0 Marseille. Depuis plusieurs semaines, les rumeurs vont bon train concernant Florent Manaudou et <a href=\"https:\/\/vsd.fr\/tag\/elsa-bois\/\" rel=\"nofollow noopener\" target=\"_blank\">Elsa Bois<\/a>. En effet, nos confr\u00e8res de Voici ont r\u00e9cemment r\u00e9v\u00e9l\u00e9 que le \u00ab\u00a0couple\u00a0\u00bb de <strong>\u00ab\u00a0Danse avec les stars\u00a0\u00bb<\/strong> serait bien plus que des partenaires sur le parquet.<\/p>\n<p>Depuis, les fans du programme de TF1 pr\u00e9sent\u00e9 par Camille Combal, ainsi que les internautes, scrutent les moindres faits et gestes de la danseuse et du nageur olympique. Alors, lorsqu\u2019ils sont aper\u00e7us au m\u00eame endroit au m\u00eame moment, en dehors de l\u2019\u00e9mission, les fans sont en \u00e9bullition.<\/p>\n<p>Elsa Bois et Florent Manaudou, du c\u00f4t\u00e9 de Marseille<\/p>\n<p>La preuve, la semaine derni\u00e8re, lorsque Florent Manaudou et Elsa Bois <a href=\"https:\/\/www.public.fr\/florent-manaudou-et-elsa-bois-duo-complice-dans-le-sud-de-la-france-cette-nouvelle-photo-qui-fait-jaser\" rel=\"nofollow noopener\" target=\"_blank\">se faisaient prendre en photo sur le Vieux-Port<\/a> \u00e0 Marseille. Le duo se trouvait dans la Cit\u00e9 Phoc\u00e9enne dans le but de tourner un magn\u00e9to pour le prochain prime, et rendre visite au fr\u00e8re de l\u2019athl\u00e8te.\u00a0<\/p>\n<p>L\u2019occasion pour ce dernier de pr\u00e9senter le membre de sa famille \u00e0 la danseuse de <strong>\u00ab\u00a0Danse avec les stars\u00a0\u00bb<\/strong>, ainsi que ses ni\u00e8ces. Une tribu qui a d\u2019ailleurs \u00ab\u00a0rendu visite\u00a0\u00bb au sportif <a href=\"https:\/\/www.public.fr\/elsa-bois-florent-manaudou-baiser-direct-choque-telespectateurs\" rel=\"nofollow noopener\" target=\"_blank\">lors du dernier prime<\/a> vendredi 4 avril 2025.<\/p>\n<p>Le fr\u00e8re de Florent Manaudou et ses filles ont fait une belle surprise \u00e0 leur tonton en d\u00e9barquant sur le plateau \u00e0 la fin de sa prestation. De quoi apporter du baume au coeur au sportif. Et visiblement, les ni\u00e8ces du fr\u00e8re de Laure Manaudou appr\u00e9cient beaucoup Elsa Bois.<\/p>\n<p>La ni\u00e8ce du nageur, sous le charme de la danseuse<\/p>\n<p>Il y a deux jours, juste apr\u00e8s le prime de <strong>\u00ab\u00a0Danse avec les stars\u00a0\u00bb<\/strong>, la ni\u00e8ce de Florent Manaudou a publi\u00e9 une tr\u00e8s jolie publication sur son compte Instagram. Rose Manaudou a partag\u00e9 des vid\u00e9os souvenirs de tournage, dans laquelle nous pouvons la retrouver en train de danser avec Elsa Bois, mais aussi avec son \u00ab\u00a0tonton\u00a0\u00bb.\u00a0<\/p>\n<p><strong>\u00ab\u00a0Merci Elsa. Merci tonton Flo. Vous \u00eates les meilleurs\u00a0\u00bb<\/strong>, a-t-elle \u00e9crit en l\u00e9gende pour les remercier de leur pr\u00e9sence \u00e9ph\u00e9m\u00e8re du c\u00f4t\u00e9 de Marseille. Reste \u00e0 savoir si elle va avoir l\u2019occasion de retrouver Elsa Bois dans la Cit\u00e9 Phoc\u00e9enne, m\u00eame apr\u00e8s la fin de la quatorzi\u00e8me saison de <strong>\u00ab\u00a0Danse avec les stars\u00a0\u00bb<\/strong>.\u00a0<\/p>\n<p>      Mentionn\u00e9s dans cet article<\/p>\n<p>\u00c0 lire aussi<\/p>\n","protected":false},"excerpt":{"rendered":"Ils ne se l\u00e2chent plus et se suivent m\u00eame jusqu\u2019\u00e0 Marseille. Depuis plusieurs semaines, les rumeurs vont bon&hellip;\n","protected":false},"author":2,"featured_media":10879,"comment_status":"","ping_status":"","sticky":false,"template":"","format":"standard","meta":{"footnotes":""},"categories":[8],"tags":[193,194,58,59,925,1011,27,884,199],"class_list":{"0":"post-10878","1":"post","2":"type-post","3":"status-publish","4":"format-standard","5":"has-post-thumbnail","7":"category-divertissement","8":"tag-camille-combal","9":"tag-danse-avec-les-stars","10":"tag-divertissement","11":"tag-entertainment","12":"tag-florent-manaudou","13":"tag-fr","14":"tag-france","15":"tag-marseille","16":"tag-tf1"},"share_on_mastodon":{"url":"https:\/\/pubeurope.com\/@fr\/114303782288579758","error":""},"_links":{"self":[{"href":"https:\/\/www.europesays.com\/fr\/wp-json\/wp\/v2\/posts\/10878","targetHints":{"allow":["GET"]}}],"collection":[{"href":"https:\/\/www.europesays.com\/fr\/wp-json\/wp\/v2\/posts"}],"about":[{"href":"https:\/\/www.europesays.com\/fr\/wp-json\/wp\/v2\/types\/post"}],"author":[{"embeddable":true,"href":"https:\/\/www.europesays.com\/fr\/wp-json\/wp\/v2\/users\/2"}],"replies":[{"embeddable":true,"href":"https:\/\/www.europesays.com\/fr\/wp-json\/wp\/v2\/comments?post=10878"}],"version-history":[{"count":0,"href":"https:\/\/www.europesays.com\/fr\/wp-json\/wp\/v2\/posts\/10878\/revisions"}],"wp:featuredmedia":[{"embeddable":true,"href":"https:\/\/www.europesays.com\/fr\/wp-json\/wp\/v2\/media\/10879"}],"wp:attachment":[{"href":"https:\/\/www.europesays.com\/fr\/wp-json\/wp\/v2\/media?parent=10878"}],"wp:term":[{"taxonomy":"category","embeddable":true,"href":"https:\/\/www.europesays.com\/fr\/wp-json\/wp\/v2\/categories?post=10878"},{"taxonomy":"post_tag","embeddable":true,"href":"https:\/\/www.europesays.com\/fr\/wp-json\/wp\/v2\/tags?post=10878"}],"curies":[{"name":"wp","href":"https:\/\/api.w.org\/{rel}","templated":true}]}}