{"id":108790,"date":"2025-05-18T07:10:14","date_gmt":"2025-05-18T07:10:14","guid":{"rendered":"https:\/\/www.europesays.com\/fr\/108790\/"},"modified":"2025-05-18T07:10:14","modified_gmt":"2025-05-18T07:10:14","slug":"depuis-ce-samedi-lallemagne-est-en-vol-direct-jusqua-laeroport-de-figari","status":"publish","type":"post","link":"https:\/\/www.europesays.com\/fr\/108790\/","title":{"rendered":"Depuis ce samedi, l\u2019Allemagne est en vol direct jusqu\u2019\u00e0 l\u2019a\u00e9roport de Figari"},"content":{"rendered":"<p>\t\t\t\t\t <strong style=\"color: rgb(51, 51, 51); font-family: &quot;Open Sans&quot;, sans-serif, Arial, Verdana, &quot;Trebuchet MS&quot;; font-size: 16px;\">Francfort, la ville la plus riche d&rsquo;Allemagne<\/strong><\/p>\n<p>Car le potentiel est l\u00e0, ind\u00e9niablement. Les Allemands fr\u00e9quentent depuis des ann\u00e9es la destination touristique corse. L\u2019aire urbaine de Francfort est la dixi\u00e8me plus importante en Europe, avec plus de 5,5 millions d\u2019habitants. Et Francfort est la ville la plus riche d\u2019Allemagne, avec un PIB par habitant de 85 000 euros, soit des voyageurs au pouvoir d\u2019achat potentiellement \u00e9lev\u00e9, ce qui ne d\u00e9pla\u00eet pas, a priori, aux professionnels du tourisme en Corse&#8230; \u00ab\u00a0On est pour un d\u00e9veloppement qui va sur de l\u2019\u00e9talement de saison,\u00a0ajoute Romain Leccia.\u00a0Le but n\u2019est pas d\u2019amplifier le pic de juillet-ao\u00fbt, mais de le lisser sur les ailes de saison.\u00a0\u00bb Pour atteindre cet objectif, l\u2019a\u00e9roport de Figari accueille, en plus de Francfort, quatre nouvelles lignes cette ann\u00e9e : Rodez (Volotea), Biarritz (Air France), Milan (Easy Jet) et Olbia (Air Corsica).<\/p>\n<p>Et si, d\u2019embl\u00e9e, Francfort n\u2019appara\u00eet pas comme une destination touristique de premier plan aux yeux des Corses, elle ne manque pas d\u2019attrait : c\u2019est une ville port\u00e9e sur le commerce, doubl\u00e9e d\u2019une place financi\u00e8re importante. Avec une activit\u00e9 culturelle intense, d\u2019une rive \u00e0 l\u2019autre du Main. Et pour les plus sportifs, Francfort accueille un marathon en octobre. Mais c\u2019est une \u00e9vidence, ce n\u2019est pas pour faire venir les Corses \u00e0 Francfort que la ligne a \u00e9t\u00e9 ouverte. Et pour qu\u2019elle soit p\u00e9rennis\u00e9e \u00e0 Figari, il faudra remplir un peu plus l\u2019Embraer E195LR dans les mois \u00e0 venir.\n\t\t\t\t <\/p>\n","protected":false},"excerpt":{"rendered":"Francfort, la ville la plus riche d&rsquo;Allemagne Car le potentiel est l\u00e0, ind\u00e9niablement. Les Allemands fr\u00e9quentent depuis des&hellip;\n","protected":false},"author":2,"featured_media":108791,"comment_status":"","ping_status":"","sticky":false,"template":"","format":"standard","meta":{"footnotes":""},"categories":[1587],"tags":[11,22683,5622,672,5621,1804,5624,11049,2517,11050,11051,11052,1805,22684,1803,1777,674,118,22685,22686,3099,1801,22687,14914,2487,12,1802,22688],"class_list":{"0":"post-108790","1":"post","2":"type-post","3":"status-publish","4":"format-standard","5":"has-post-thumbnail","7":"category-allemagne","8":"tag-actualites","9":"tag-air-dolomiti","10":"tag-ajaccio","11":"tag-allemagne","12":"tag-bastia","13":"tag-bundesrepublik-deutschland","14":"tag-calvi","15":"tag-cni","16":"tag-corse","17":"tag-corse-net-infos","18":"tag-corsenetinfos","19":"tag-corsica","20":"tag-de","21":"tag-depuis-ce-samedi","22":"tag-deutschland","23":"tag-eu","24":"tag-europe","25":"tag-faits-divers","26":"tag-figari","27":"tag-figari-sud-corse","28":"tag-francfort","29":"tag-germany","30":"tag-lallemagne-est-en-vol-direct-jusqua-laeroport-de-figari","31":"tag-lingua-corsa","32":"tag-meteo","33":"tag-news","34":"tag-republique-federale-dallemagne","35":"tag-transports-aeriens"},"share_on_mastodon":{"url":"https:\/\/pubeurope.com\/@fr\/114527589297245423","error":""},"_links":{"self":[{"href":"https:\/\/www.europesays.com\/fr\/wp-json\/wp\/v2\/posts\/108790","targetHints":{"allow":["GET"]}}],"collection":[{"href":"https:\/\/www.europesays.com\/fr\/wp-json\/wp\/v2\/posts"}],"about":[{"href":"https:\/\/www.europesays.com\/fr\/wp-json\/wp\/v2\/types\/post"}],"author":[{"embeddable":true,"href":"https:\/\/www.europesays.com\/fr\/wp-json\/wp\/v2\/users\/2"}],"replies":[{"embeddable":true,"href":"https:\/\/www.europesays.com\/fr\/wp-json\/wp\/v2\/comments?post=108790"}],"version-history":[{"count":0,"href":"https:\/\/www.europesays.com\/fr\/wp-json\/wp\/v2\/posts\/108790\/revisions"}],"wp:featuredmedia":[{"embeddable":true,"href":"https:\/\/www.europesays.com\/fr\/wp-json\/wp\/v2\/media\/108791"}],"wp:attachment":[{"href":"https:\/\/www.europesays.com\/fr\/wp-json\/wp\/v2\/media?parent=108790"}],"wp:term":[{"taxonomy":"category","embeddable":true,"href":"https:\/\/www.europesays.com\/fr\/wp-json\/wp\/v2\/categories?post=108790"},{"taxonomy":"post_tag","embeddable":true,"href":"https:\/\/www.europesays.com\/fr\/wp-json\/wp\/v2\/tags?post=108790"}],"curies":[{"name":"wp","href":"https:\/\/api.w.org\/{rel}","templated":true}]}}