{"id":108803,"date":"2025-05-18T07:17:13","date_gmt":"2025-05-18T07:17:13","guid":{"rendered":"https:\/\/www.europesays.com\/fr\/108803\/"},"modified":"2025-05-18T07:17:13","modified_gmt":"2025-05-18T07:17:13","slug":"autun-les-volleyeuses-de-la-vaillante-se-rapprochent-du-double-championnat-departemental-coupe-de-saone-et-loire","status":"publish","type":"post","link":"https:\/\/www.europesays.com\/fr\/108803\/","title":{"rendered":"AUTUN : Les volleyeuses de la Vaillante se rapprochent du doubl\u00e9 Championnat d\u00e9partemental + Coupe de Sa\u00f4ne-et-Loire"},"content":{"rendered":"<p><img decoding=\"async\" class=\"newsFullImg  newsFullImgReduced  \" src=\"https:\/\/www.europesays.com\/fr\/wp-content\/uploads\/2025\/05\/91544_1_full.jpg\"\/><a href=\"https:\/\/www.saoneetloire.fr\/actualite\/devenez-accueillant-familial\/\" target=\"_blank\" rel=\"nofollow noopener\"><img decoding=\"async\" border=\"0\" class=\"adImgWide\" src=\"https:\/\/www.europesays.com\/fr\/wp-content\/uploads\/2025\/05\/ad_innews_1_2_autun.jpg\"\/><\/a><\/p>\n<p>Le vendredi 9 mai 2025, pour le premier tour de la coupe d\u00e9partementale f\u00e9minine de volley-ball, les championnes d\u00e9partementales de cette saison recevaient un adversaire de taille : l\u2019\u00e9quipe Creusot VB 1 qui a \u00e9volu\u00e9 cette saison en Pr\u00e9nationale.<\/p>\n<p>Apr\u00e8s une entame de match h\u00e9sitante du c\u00f4t\u00e9 des Autunoises, peu habitu\u00e9es \u00e0 avoir en face un tel niveau de jeu, le premier set a \u00e9t\u00e9 conc\u00e9d\u00e9 16-25.<\/p>\n<p>Mais l\u2019alchimie entre l\u2019exp\u00e9rience et la pugnacit\u00e9 des plus anciennes et la fougue et le dynamisme des plus jeunes a encore op\u00e9r\u00e9.<\/p>\n<p>Alternant entre des attaques puissantes et des balles bien plac\u00e9es, les Autunoises ont totalement d\u00e9sarm\u00e9 les joueuses creusotines et pris les 3 sets suivants (25-17, 25-15, 25,22), offrant au public venu nombreux les soutenir, un match d\u2019une grande qualit\u00e9 dans une ambiance de feu.<\/p>\n<p>Une victoire sans appel donc, qui a aiguis\u00e9 l\u2019app\u00e9tit des volleyeuses de la Vaillante qui se rapprochent du doubl\u00e9 Championnat d\u00e9partemental + Coupe de Sa\u00f4ne-et-Loire que les plus \u00e2g\u00e9es avaient d\u00e9j\u00e0 obtenu en 2018 puis en 2019.<\/p>\n<p>Aventure \u00e0 suivre pour la demi-finale qui les opposera \u00e0 l\u2019\u00e9quipe du VBC Chalon : coup d\u2019envoi de la rencontre \u00e0 21h le vendredi 23 mai au COSEC DU STADE ROCH.<\/p>\n<p>Laurie-Anne Hern\u00e8s pour le texte et photo d&rsquo;Alexandra Martin, section Volley ball f\u00e9minin de la Vaillante.<\/p>\n","protected":false},"excerpt":{"rendered":"Le vendredi 9 mai 2025, pour le premier tour de la coupe d\u00e9partementale f\u00e9minine de volley-ball, les championnes&hellip;\n","protected":false},"author":2,"featured_media":108804,"comment_status":"","ping_status":"","sticky":false,"template":"","format":"standard","meta":{"footnotes":""},"categories":[1417],"tags":[1011,27,60,1470,1469],"class_list":{"0":"post-108803","1":"post","2":"type-post","3":"status-publish","4":"format-standard","5":"has-post-thumbnail","7":"category-volley","8":"tag-fr","9":"tag-france","10":"tag-sports","11":"tag-volley","12":"tag-volleyball"},"share_on_mastodon":{"url":"https:\/\/pubeurope.com\/@fr\/114527616612816603","error":""},"_links":{"self":[{"href":"https:\/\/www.europesays.com\/fr\/wp-json\/wp\/v2\/posts\/108803","targetHints":{"allow":["GET"]}}],"collection":[{"href":"https:\/\/www.europesays.com\/fr\/wp-json\/wp\/v2\/posts"}],"about":[{"href":"https:\/\/www.europesays.com\/fr\/wp-json\/wp\/v2\/types\/post"}],"author":[{"embeddable":true,"href":"https:\/\/www.europesays.com\/fr\/wp-json\/wp\/v2\/users\/2"}],"replies":[{"embeddable":true,"href":"https:\/\/www.europesays.com\/fr\/wp-json\/wp\/v2\/comments?post=108803"}],"version-history":[{"count":0,"href":"https:\/\/www.europesays.com\/fr\/wp-json\/wp\/v2\/posts\/108803\/revisions"}],"wp:featuredmedia":[{"embeddable":true,"href":"https:\/\/www.europesays.com\/fr\/wp-json\/wp\/v2\/media\/108804"}],"wp:attachment":[{"href":"https:\/\/www.europesays.com\/fr\/wp-json\/wp\/v2\/media?parent=108803"}],"wp:term":[{"taxonomy":"category","embeddable":true,"href":"https:\/\/www.europesays.com\/fr\/wp-json\/wp\/v2\/categories?post=108803"},{"taxonomy":"post_tag","embeddable":true,"href":"https:\/\/www.europesays.com\/fr\/wp-json\/wp\/v2\/tags?post=108803"}],"curies":[{"name":"wp","href":"https:\/\/api.w.org\/{rel}","templated":true}]}}