{"id":108813,"date":"2025-05-18T07:23:11","date_gmt":"2025-05-18T07:23:11","guid":{"rendered":"https:\/\/www.europesays.com\/fr\/108813\/"},"modified":"2025-05-18T07:23:11","modified_gmt":"2025-05-18T07:23:11","slug":"theo-thomas-jai-surtout-pense-aux-gens-qui-me-soutiennent-actualite","status":"publish","type":"post","link":"https:\/\/www.europesays.com\/fr\/108813\/","title":{"rendered":"Th\u00e9o Thomas : \u00ab J\u2019ai surtout pens\u00e9 aux gens qui me soutiennent \u00bb &#8211; Actualit\u00e9"},"content":{"rendered":"<p style=\"text-align: justify;\"><strong>Un an et huit mois. C\u2019est le temps qui s\u2019est \u00e9coul\u00e9 depuis fin septembre 2023 et le dernier succ\u00e8s de Th\u00e9o Thomas (<a href=\"https:\/\/www.directvelo.com\/coureur\/24644\/theo-thomas\" target=\"_blank\" rel=\"noopener\">voir sa fiche DirectVelo<\/a>). Ce samedi, le soci\u00e9taire du SCO Dijon-Team Materiel-velo.com a enfin relev\u00e9 les bras \u00e0 l\u2019occasion de la Classic 71 (<a href=\"https:\/\/www.directvelo.com\/actualite\/120736\/classic-71-theo-thomas-1er\" target=\"_blank\" rel=\"noopener\">voir classement<\/a>). L\u2019ancien pensionnaire du VC Villefranche Beaujolais exprime son soulagement au micro de DirectVelo et revient sur ses difficult\u00e9s de d\u00e9but de saison.<\/strong><\/p>\n<p style=\"text-align: justify;\"><strong>DirectVelo : Tu t\u2019imposes sur la Classic 71 ! Quel sentiment pr\u00e9domine apr\u00e8s ton\u00a0entame discr\u00e8te cette ann\u00e9e ?<\/strong><br \/>Th\u00e9o Thomas : Dans un premier temps, la victoire est pour les dirigeants de Dijon ainsi que pour mes co\u00e9quipiers. En venant ici, le but \u00e9tait d&rsquo;\u00eatre un \u00e9l\u00e9ment fort et de pouvoir jouer la gagne. En fin de course, je devais scorer pour r\u00e9compenser le travail de mes coll\u00e8gues. Mais depuis le d\u00e9but de saison, ce n\u2019\u00e9tait pas trop \u00e7a. Personnellement, j\u2019avais du mal. \u00c7a m&rsquo;atteignait plus le fait de ne pas m\u2019imposer pour l&rsquo;\u00e9quipe que pour moi-m\u00eame. Parfois, m\u00eame si je finis 50e en ayant fait la course, \u00e7a m&rsquo;apporte autant de plaisir que de gagner. Mais l\u00e0, en franchissant la ligne en vainqueur, j\u2019ai surtout pens\u00e9 aux gens qui me soutiennent.<\/p>\n<p style=\"text-align: justify;\"><strong>Comment as-tu man\u0153uvr\u00e9 dans le final ?<\/strong><br \/>Dans la bosse, \u00e7a a cass\u00e9, ils sont sortis \u00e0 cinq. J&rsquo;ai vu le groupe partir, on ne les apercevait presque plus. Je me suis dit que \u00e7a allait \u00eatre compliqu\u00e9, on \u00e9tait tous \u00e0 fond. Au final, j&rsquo;ai r\u00e9ussi \u00e0 ressortir seul pour boucher le trou, comme ce que j\u2019\u00e9tais capable de faire lors des pr\u00e9c\u00e9dentes saisons. Une fois que je suis rentr\u00e9, je me suis dit que comme j\u2019\u00e9tais en mesure d\u2019accomplir \u00e7a, c&rsquo;est que j\u2019\u00e9tais un des plus forts. Mais j&rsquo;ai accept\u00e9 de perdre, je ne m\u2019imaginais pas du tout gagner, je voulais juste essayer de m\u2019amuser. C\u2019est ce qui a fait la diff\u00e9rence et je pense qu&rsquo;on ne m&rsquo;aurait pas reproch\u00e9\u00a0de ne pas gagner.\u00a0<\/p>\n<p style=\"text-align: justify;\"><strong>\u00ab MON PIRE D\u00c9BUT DE SAISON DEPUIS DES ANN\u00c9ES \u00bb<\/strong><\/p>\n<p style=\"text-align: justify;\"><strong>Ce succ\u00e8s va te relancer !<\/strong><br \/>Je ne suis pas quelqu&rsquo;un qui gagne tous les week-ends. Quand j\u2019y arrive, \u00e7a veut dire que les jambes et la t\u00eate r\u00e9pondent bien. Les prochaines semaines devraient bien se passer, \u00e7a annonce de belles choses, m\u00eame s\u2019il\u00a0n&rsquo;y aura peut-\u00eatre pas d\u2019autres victoires. Comme on dit, c&rsquo;est toujours difficile de gagner la premi\u00e8re de la saison. C&rsquo;est surtout mentalement et \u00e0 l&rsquo;entra\u00eenement que \u00e7a sera diff\u00e9rent. Je prendrai plaisir \u00e0 retourner \u00e0 l\u2019entra\u00eenement ce lundi. Peut-\u00eatre que j&rsquo;irai faire du VTT pour m&rsquo;amuser.<\/p>\n<p style=\"text-align: justify;\"><strong>Comment imagines-tu les prochaines \u00e9ch\u00e9ances\u00a0?<\/strong><br \/>D\u00e9j\u00e0, c&rsquo;\u00e9tait mon pire d\u00e9but de saison depuis quelques ann\u00e9es\u2026 Du coup, je ne me mets pas d&rsquo;objectif en t\u00eate, parce que je n\u2019accepte pas \u00e7a mentalement. J\u2019aurai de belles courses tous les week-ends qui vont suivre. Je sais que je ne gagnerai pas tout le temps, mes co\u00e9quipiers s\u2019imposeront aussi. Mais je vais vraiment essayer \u00e0 chaque fois de m&rsquo;amuser et de refaire correctement les choses.<\/p>\n","protected":false},"excerpt":{"rendered":"Un an et huit mois. C\u2019est le temps qui s\u2019est \u00e9coul\u00e9 depuis fin septembre 2023 et le dernier&hellip;\n","protected":false},"author":2,"featured_media":108814,"comment_status":"","ping_status":"","sticky":false,"template":"","format":"standard","meta":{"footnotes":""},"categories":[1411],"tags":[834,828,836,829,837,827,83,826,824,823,1154,207,814,817,815,816,822,821,832,211,839,1011,27,820,818,819,835,831,830,833,838,60,212,208,825],"class_list":{"0":"post-108813","1":"post","2":"type-post","3":"status-publish","4":"format-standard","5":"has-post-thumbnail","7":"category-cyclisme","8":"tag-attaque","9":"tag-belgique","10":"tag-braquet","11":"tag-bretagne","12":"tag-chute","13":"tag-competition","14":"tag-coupe-de-france","15":"tag-coureur","16":"tag-course-cyclisme","17":"tag-course-cycliste","18":"tag-cycling","19":"tag-cyclisme","20":"tag-direct","21":"tag-direct-velo","22":"tag-directvelo","23":"tag-directvelo-com","24":"tag-epreuve","25":"tag-epreuve-cycliste","26":"tag-federation-francaise-de-cyclisme","27":"tag-ffc","28":"tag-flandres","29":"tag-fr","30":"tag-france","31":"tag-live","32":"tag-live-course","33":"tag-live-epreuve","34":"tag-peloton","35":"tag-radio-peloton","36":"tag-radio-tour","37":"tag-ravitaillement","38":"tag-relance","39":"tag-sports","40":"tag-uci","41":"tag-velo","42":"tag-velos"},"share_on_mastodon":{"url":"https:\/\/pubeurope.com\/@fr\/114527640406252059","error":""},"_links":{"self":[{"href":"https:\/\/www.europesays.com\/fr\/wp-json\/wp\/v2\/posts\/108813","targetHints":{"allow":["GET"]}}],"collection":[{"href":"https:\/\/www.europesays.com\/fr\/wp-json\/wp\/v2\/posts"}],"about":[{"href":"https:\/\/www.europesays.com\/fr\/wp-json\/wp\/v2\/types\/post"}],"author":[{"embeddable":true,"href":"https:\/\/www.europesays.com\/fr\/wp-json\/wp\/v2\/users\/2"}],"replies":[{"embeddable":true,"href":"https:\/\/www.europesays.com\/fr\/wp-json\/wp\/v2\/comments?post=108813"}],"version-history":[{"count":0,"href":"https:\/\/www.europesays.com\/fr\/wp-json\/wp\/v2\/posts\/108813\/revisions"}],"wp:featuredmedia":[{"embeddable":true,"href":"https:\/\/www.europesays.com\/fr\/wp-json\/wp\/v2\/media\/108814"}],"wp:attachment":[{"href":"https:\/\/www.europesays.com\/fr\/wp-json\/wp\/v2\/media?parent=108813"}],"wp:term":[{"taxonomy":"category","embeddable":true,"href":"https:\/\/www.europesays.com\/fr\/wp-json\/wp\/v2\/categories?post=108813"},{"taxonomy":"post_tag","embeddable":true,"href":"https:\/\/www.europesays.com\/fr\/wp-json\/wp\/v2\/tags?post=108813"}],"curies":[{"name":"wp","href":"https:\/\/api.w.org\/{rel}","templated":true}]}}