{"id":108817,"date":"2025-05-18T07:25:09","date_gmt":"2025-05-18T07:25:09","guid":{"rendered":"https:\/\/www.europesays.com\/fr\/108817\/"},"modified":"2025-05-18T07:25:09","modified_gmt":"2025-05-18T07:25:09","slug":"bain-de-foule-pour-raphael-quenard-et-un-condor","status":"publish","type":"post","link":"https:\/\/www.europesays.com\/fr\/108817\/","title":{"rendered":"Bain de foule pour Raphael Quenard et un condor"},"content":{"rendered":"<p>Tout a commenc\u00e9 par un bain de foule.<a href=\"https:\/\/www.20minutes.fr\/arts-stars\/cinema\/cesars\/4077885-20240223-raphael-quenard-grand-favori-cesar-2024\" class=\"color-ultramarine c-link\" target=\"_blank\" rel=\"noopener\"> Rapha\u00ebl Quenard<\/a> et son cor\u00e9alisateur Hugo David \u00e9taient accompagn\u00e9s de Fran\u00e7ois Civil et Michel Hazanavicius pour pr\u00e9senter I Love Peru, \u00ab\u00a0documenteur\u00a0\u00bb d\u00e9lirant montr\u00e9 dans la section <a href=\"https:\/\/www.20minutes.fr\/dossier\/festival_de_cannes\" class=\"color-ultramarine c-link\" target=\"_blank\" rel=\"noopener\">Cannes Classics<\/a>. La petite bande a provoqu\u00e9 une \u00e9meute sur la Croisette en se promenant avec un \u00e9tonnant condor \u00e0 taille humaine.<\/p>\n<p><img decoding=\"async\" alt=\"L'\u00e9quipe du film &quot;I Love Peru&quot; devant l'\u00e9cran de la salle Agn\u00e8s Varda\" class=\"c-img\" loading=\"lazy\" fetchpriority=\"auto\" width=\"718\"  src=\"https:\/\/www.europesays.com\/fr\/wp-content\/uploads\/2025\/05\/1747553109_62_718x0.jpeg; charset=utf-8\" \/>L&rsquo;\u00e9quipe du film \u00ab\u00a0I Love Peru\u00a0\u00bb devant l&rsquo;\u00e9cran de la salle Agn\u00e8s Varda\u2002-\u00a0Caroline Vi\u00e9<\/p>\n<p>\u00ab\u00a0Je l\u2019ai touch\u00e9\u00a0!\u00a0\u00bb criait une fan au bord l\u2019\u00e9vanouissement apr\u00e8s un selfie avec<a href=\"https:\/\/www.20minutes.fr\/arts-stars\/cinema\/2450215-20190219-video-chant-loup-comment-francois-civil-vole-vedette-reda-kateb-omar-sy-mathieu-kassovitz\" class=\"color-ultramarine c-link\" target=\"_blank\" rel=\"noopener\"> Fran\u00e7ois Civi<\/a>l. \u00ab\u00a0Rapha\u00ebl, je t\u2019aime\u00a0!\u00a0\u00bb, hurlait une autre tandis qu\u2019attach\u00e9e de presse, productrice et \u00e9quipe tentaient d\u2019\u00e9loigner les admirateurs trop press. Dans la salle l\u2019atmosph\u00e8re \u00e9tait festive avant, pendant et apr\u00e8s la projection de cette com\u00e9die tordante o\u00f9 Rapha\u00ebl Quenard s\u2019autoparodie dans son propre r\u00f4le, celui d\u2019un com\u00e9dien radin et autocentr\u00e9.<\/p>\n<p>Du faux et du r\u00e9el<\/p>\n<p>\u00ab\u00a0S\u2019il \u00e9tait vraiment comme \u00e7a, je n\u2019aurais pas pass\u00e9 trois ans \u00e0 faire ce film avec lui\u00a0\u00bb , d\u00e9clare Hugo David \u00e0 20 Minutes. Le h\u00e9ros est parfaitement imbuvable m\u00eame quand, \u00e0 la suite d\u2019une peine de c\u0153ur, il part pour le P\u00e9rou \u00e0 la recherche de son animal totem. \u00ab\u00a0C\u2019\u00e9tait chouette de jouer avec image, confie Rapha\u00ebl Quenard. Tout est faux mais tout s\u2019inscrit dans un contexte r\u00e9el\u00a0\u00bb. L\u2019amiti\u00e9 est au centre de ce joyeux d\u00e9lire qui a offert un moment de d\u00e9tente bienvenu.<\/p>\n<\/p>\n<p>Ce joyeux d\u00e9lire, tourn\u00e9 avec de tout petits moyens mais des apparitions de stars comme Jean-Pascal Zadi, Marina Fo\u00efs, Eric Judor ou Emmanuelle Devos, a re\u00e7u une belle standing ovation \u00e0 la fin de la projection, un accueil d\u2019autant plus chaleureux que famille et amis \u00e9tait venus soutenir le film.<\/p>\n<p><a href=\"https:\/\/www.20minutes.fr\/dossier\/festival_de_cannes\" class=\"c-link c-btn c-btn--primary\" target=\"_blank\" rel=\"noopener\">Nos articles sur le Festival de Cannes<\/a><\/p>\n<p>\u00ab\u00a0Vous croyez vraiment que \u00e7a a plu aux gens\u00a0?\u00a0\u00bb, s\u2019inqui\u00e9tait Rapha\u00ebl Quenard m\u00eame apr\u00e8s avoir re\u00e7u une statuette porte-bonheur des mains d\u2019une repr\u00e9sentante de l\u2019ambassade du P\u00e9rou. Le film a plu \u00e0 sa maman en tout cas. \u00ab\u00a0Je suis fi\u00e8re de Rapha\u00ebl, nous a-t-elle affirm\u00e9. J\u2019ai \u00e9t\u00e9 totalement surprise car mon fils ne m\u2019avait rien montr\u00e9 avant. J\u2019ai beaucoup ri.\u00a0\u00bb Elle n\u2019est pas la seule car toute la salle s\u2019est pli\u00e9e de rire. Rapah\u00ebl Quenard et Hugo David peuvent c\u00e9l\u00e9brer leur succ\u00e8s avant la sortie en salle de I Love Peru en juillet prochain.<\/p>\n","protected":false},"excerpt":{"rendered":"Tout a commenc\u00e9 par un bain de foule. Rapha\u00ebl Quenard et son cor\u00e9alisateur Hugo David \u00e9taient accompagn\u00e9s de&hellip;\n","protected":false},"author":2,"featured_media":108818,"comment_status":"","ping_status":"","sticky":false,"template":"","format":"standard","meta":{"footnotes":""},"categories":[1359],"tags":[650,251,58,1190,59,5634,1011,27,973],"class_list":{"0":"post-108817","1":"post","2":"type-post","3":"status-publish","4":"format-standard","5":"has-post-thumbnail","7":"category-people","8":"tag-cinema","9":"tag-culture","10":"tag-divertissement","11":"tag-documentaire","12":"tag-entertainment","13":"tag-festival-de-cannes","14":"tag-fr","15":"tag-france","16":"tag-people"},"share_on_mastodon":{"url":"https:\/\/pubeurope.com\/@fr\/114527648027791218","error":""},"_links":{"self":[{"href":"https:\/\/www.europesays.com\/fr\/wp-json\/wp\/v2\/posts\/108817","targetHints":{"allow":["GET"]}}],"collection":[{"href":"https:\/\/www.europesays.com\/fr\/wp-json\/wp\/v2\/posts"}],"about":[{"href":"https:\/\/www.europesays.com\/fr\/wp-json\/wp\/v2\/types\/post"}],"author":[{"embeddable":true,"href":"https:\/\/www.europesays.com\/fr\/wp-json\/wp\/v2\/users\/2"}],"replies":[{"embeddable":true,"href":"https:\/\/www.europesays.com\/fr\/wp-json\/wp\/v2\/comments?post=108817"}],"version-history":[{"count":0,"href":"https:\/\/www.europesays.com\/fr\/wp-json\/wp\/v2\/posts\/108817\/revisions"}],"wp:featuredmedia":[{"embeddable":true,"href":"https:\/\/www.europesays.com\/fr\/wp-json\/wp\/v2\/media\/108818"}],"wp:attachment":[{"href":"https:\/\/www.europesays.com\/fr\/wp-json\/wp\/v2\/media?parent=108817"}],"wp:term":[{"taxonomy":"category","embeddable":true,"href":"https:\/\/www.europesays.com\/fr\/wp-json\/wp\/v2\/categories?post=108817"},{"taxonomy":"post_tag","embeddable":true,"href":"https:\/\/www.europesays.com\/fr\/wp-json\/wp\/v2\/tags?post=108817"}],"curies":[{"name":"wp","href":"https:\/\/api.w.org\/{rel}","templated":true}]}}