{"id":108819,"date":"2025-05-18T07:27:09","date_gmt":"2025-05-18T07:27:09","guid":{"rendered":"https:\/\/www.europesays.com\/fr\/108819\/"},"modified":"2025-05-18T07:27:09","modified_gmt":"2025-05-18T07:27:09","slug":"les-oeuvres-poetiques-delisabeth-baillon-sexposent-a-millau","status":"publish","type":"post","link":"https:\/\/www.europesays.com\/fr\/108819\/","title":{"rendered":"les \u0153uvres po\u00e9tiques d\u2019Elisabeth Baillon s\u2019exposent \u00e0 Millau"},"content":{"rendered":"<p>Exposition des livres brod\u00e9s d\u2019Elisabeth Baillon\u00a0du 23 mai au 25 juin 2025 \u00e0 la M\u00e9diath\u00e8que du Sud-Aveyron.<\/p>\n<p>L\u2019artiste <strong>Elisabeth Baillon<\/strong> brode ses \u0153uvres d\u2019art, elle explore des techniques mixtes associant broderies de laine, dessins \u00e0 la plume, collages et nous invite \u00e0 des r\u00eaveries sans cesse renouvel\u00e9es. <\/p>\n<p>Son arriv\u00e9e sur le Larzac au d\u00e9but des ann\u00e9es 70 marque un tournant dans son travail artistique qui sera d\u00e9sormais profond\u00e9ment impr\u00e9gn\u00e9 de ses rencontres \u00e9motionnelles avec les paysages, les habitants et la lutte collective pour les d\u00e9fendre. <\/p>\n<p>Son langage artistique, libre et po\u00e9tique est aussi anim\u00e9 par un souffle litt\u00e9raire. Ses \u00e9crits sur la peau ou la terre du Larzac t\u00e9moignent autant de son attachement aux grands causses que de son go\u00fbt pour la langue. L\u2019art du \u00ab parl\u00e9 m\u00e9ridional \u00bb, la philosophie et la po\u00e9sie, la puissance de la langue occitane l\u2019inspirent et nourrissent son travail artistique. <\/p>\n<p>C\u2019est donc tout naturellement \u00e0 la confluence du verbe et des arts plastiques qu\u2019Elisabeth Baillon invente aujourd\u2019hui ses livres brod\u00e9s. Ces magnifiques Leporellos nous offrent \u00e0 lire les mots de Ren\u00e9 Char, Max Rouquette, Paul Eluard, Jean Giono, Louise Lab\u00e9 et tant d\u2019autres. <\/p>\n<p>Ces livres brod\u00e9s, livres d\u2019artistes hommages \u00e0 la po\u00e9sie, \u00e0 la terre, au feu cr\u00e9ateur et \u00e0 l\u2019amour sont \u00e0 d\u00e9couvrir \u00e0 la m\u00e9diath\u00e8que jusqu\u2019au 25 juin.<\/p>\n<p>Autour de l\u2019exposition\u00a0<\/p>\n<ul class=\"wp-block-list\">\n<li>Vernissage le vendredi 23 mai \u00e0 18h\u00a0<\/li>\n<li>Ouverture et pr\u00e9sentation de l\u2019exposition, lectures de textes de diff\u00e9rents auteurs par les r\u00e9citants Patrick Jan-George, Genevi\u00e8ve et Patrick Couffin.\u00a0<\/li>\n<li>Samedi 7 et 14 juin 2025 : Visites guid\u00e9es avec l\u2019artiste. Gratuit, sur inscription (<a href=\"https:\/\/www.millavois.com\/2025\/05\/18\/livres-brodes-les-oeuvres-poetiques-delisabeth-baillon-sexposent-a-millau\/mailto:mesa@millau.fr\" target=\"_blank\" rel=\"noopener\">mesa@millau.fr<\/a> \/ 05 65 61 17 19)\u00a0<\/li>\n<\/ul>\n","protected":false},"excerpt":{"rendered":"Exposition des livres brod\u00e9s d\u2019Elisabeth Baillon\u00a0du 23 mai au 25 juin 2025 \u00e0 la M\u00e9diath\u00e8que du Sud-Aveyron. L\u2019artiste&hellip;\n","protected":false},"author":2,"featured_media":108820,"comment_status":"","ping_status":"","sticky":false,"template":"","format":"standard","meta":{"footnotes":""},"categories":[1357],"tags":[18483,1379,58,22698,59,1011,27,1380,22699,6209],"class_list":{"0":"post-108819","1":"post","2":"type-post","3":"status-publish","4":"format-standard","5":"has-post-thumbnail","7":"category-livres","8":"tag-aveyron","9":"tag-books","10":"tag-divertissement","11":"tag-elisabeth-baillon","12":"tag-entertainment","13":"tag-fr","14":"tag-france","15":"tag-livres","16":"tag-mediatheque-du-sud-aveyron","17":"tag-millau"},"share_on_mastodon":{"url":"https:\/\/pubeurope.com\/@fr\/114527655887678510","error":""},"_links":{"self":[{"href":"https:\/\/www.europesays.com\/fr\/wp-json\/wp\/v2\/posts\/108819","targetHints":{"allow":["GET"]}}],"collection":[{"href":"https:\/\/www.europesays.com\/fr\/wp-json\/wp\/v2\/posts"}],"about":[{"href":"https:\/\/www.europesays.com\/fr\/wp-json\/wp\/v2\/types\/post"}],"author":[{"embeddable":true,"href":"https:\/\/www.europesays.com\/fr\/wp-json\/wp\/v2\/users\/2"}],"replies":[{"embeddable":true,"href":"https:\/\/www.europesays.com\/fr\/wp-json\/wp\/v2\/comments?post=108819"}],"version-history":[{"count":0,"href":"https:\/\/www.europesays.com\/fr\/wp-json\/wp\/v2\/posts\/108819\/revisions"}],"wp:featuredmedia":[{"embeddable":true,"href":"https:\/\/www.europesays.com\/fr\/wp-json\/wp\/v2\/media\/108820"}],"wp:attachment":[{"href":"https:\/\/www.europesays.com\/fr\/wp-json\/wp\/v2\/media?parent=108819"}],"wp:term":[{"taxonomy":"category","embeddable":true,"href":"https:\/\/www.europesays.com\/fr\/wp-json\/wp\/v2\/categories?post=108819"},{"taxonomy":"post_tag","embeddable":true,"href":"https:\/\/www.europesays.com\/fr\/wp-json\/wp\/v2\/tags?post=108819"}],"curies":[{"name":"wp","href":"https:\/\/api.w.org\/{rel}","templated":true}]}}