{"id":108821,"date":"2025-05-18T07:28:18","date_gmt":"2025-05-18T07:28:18","guid":{"rendered":"https:\/\/www.europesays.com\/fr\/108821\/"},"modified":"2025-05-18T07:28:18","modified_gmt":"2025-05-18T07:28:18","slug":"leurovision-2025-le-grand-concours-que-regarder-a-la-tele-ce-soir","status":"publish","type":"post","link":"https:\/\/www.europesays.com\/fr\/108821\/","title":{"rendered":"L\u2019Eurovision 2025, Le grand concours\u2026 que regarder \u00e0 la t\u00e9l\u00e9 ce soir ?"},"content":{"rendered":"<p>L\u2019Eurovision 2025 , est \u00e0 suivre \u00e0 21h00 sur France 2 Apr\u00e8s la victoire de Nemo l\u2019an dernier, la 69e \u00e9dition du Concours Eurovision de la chanson se tient en direct de la Halle Saint-Jacques de B\u00e2le en Suisse. Lors de cette grande finale, comment\u00e9e par Laurence Boccolini et St\u00e9phane Bern, 26 pays sont en comp\u00e9tition pour tenter de remporter le troph\u00e9e tant convoit\u00e9. Cette ann\u00e9e, la France est repr\u00e9sent\u00e9e par la chanteuse Louane et sa chanson Maman . Chaque artiste re\u00e7oit, lors de la finale, un total de points compos\u00e9 \u00e0 50% par les votes des jurys nationaux et \u00e0 50% par les votes du public. \u00c0 lire \u00e9galement \u00ab\u00a0Je pense qu\u2019il s\u2019agit m\u00eame de l\u2019un de mes atouts principaux\u00a0\u00bb : Louane se confie avec franchise avant l&rsquo;Eurovision (EXCLU) TF1 programme \u00e0 21h10, le divertissement Le grand concours Place aux esprits vifs et aux rois de la mauvaise foi : les membres de l&rsquo;\u00e9mission \u00ab\u00a0Les Grosses T\u00eates\u00a0\u00bb prennent le contr\u00f4le de cette \u00e9dition sp\u00e9ciale du \u00ab\u00a0Grand concours\u00a0\u00bb. Ils sont dr\u00f4les, ils sont brillants, ils ont la r\u00e9partie mordante mais sauront-ils r\u00e9pondre correctement aux questions d&rsquo;Arthur ? Rien n&rsquo;est moins s\u00fbr. \u00c0 lire \u00e9galement Le Voyageur (France 3) &#8211; Ma\u00eblle Mietton : \u00ab\u00a0Il y a une attirance entre Yann Kandinsky et \u00c9lise\u00a0\u00bb France 3 mise \u00e0 21h05 sur, la s\u00e9rie Le voyageur Kandinsky re\u00e7oit la confirmation de ce qu&rsquo;il soup\u00e7onnait. La commissaire Macena d\u00e9tient la preuve qu&rsquo;un seul pr\u00e9dateur a bien commis les nombreux crimes non \u00e9lucid\u00e9s r\u00e9pertori\u00e9s dans le myst\u00e9rieux cahier trouv\u00e9 dans le van de Bareski. Le \u00ab\u00a0voyageur\u00a0\u00bb met une fois encore ses pas dans ceux de son pr\u00e9d\u00e9cesseur. A l&rsquo;aide des indices de Macena et des notes de Bareski, il commence sa traque en Ille-et-Vilaine. Mais, de chasseur, il va bient\u00f4t devenir la proie d&rsquo;un redoutable pr\u00e9dateur. Car on ne remue pas impun\u00e9ment le pass\u00e9&#8230; On ach\u00e8ve cette s\u00e9lection avec, le film d\u2019animation Le conte de la princesse Kaguya \u00e0 21h00 sur France 4 Un paysan d\u00e9couvre \u00e0 l\u2019int\u00e9rieur d\u2019une tige de bambou un b\u00e9b\u00e9 de la taille d\u2019un pouce et d\u00e9cide de le recueillir. Kaguya devient tr\u00e8s vite une jeune fille qui r\u00eave d\u2019aventure. Cinq pr\u00e9tendants se battent pour obtenir ses faveurs. S\u2019ils veulent l\u2019\u00e9pouser, ils doivent relever les d\u00e9fis qu\u2019elle leur impose\u2026<\/p>\n","protected":false},"excerpt":{"rendered":"L\u2019Eurovision 2025 , est \u00e0 suivre \u00e0 21h00 sur France 2 Apr\u00e8s la victoire de Nemo l\u2019an dernier,&hellip;\n","protected":false},"author":2,"featured_media":108822,"comment_status":"","ping_status":"","sticky":false,"template":"","format":"standard","meta":{"footnotes":""},"categories":[1356],"tags":[8753,58,59,1011,27,12563,3219,252,1364],"class_list":{"0":"post-108821","1":"post","2":"type-post","3":"status-publish","4":"format-standard","5":"has-post-thumbnail","7":"category-television","8":"tag-concours-eurovision-de-la-chanson","9":"tag-divertissement","10":"tag-entertainment","11":"tag-fr","12":"tag-france","13":"tag-leurovision","14":"tag-laurence-boccolini","15":"tag-television","16":"tag-tv"},"share_on_mastodon":{"url":"https:\/\/pubeurope.com\/@fr\/114527660254504925","error":""},"_links":{"self":[{"href":"https:\/\/www.europesays.com\/fr\/wp-json\/wp\/v2\/posts\/108821","targetHints":{"allow":["GET"]}}],"collection":[{"href":"https:\/\/www.europesays.com\/fr\/wp-json\/wp\/v2\/posts"}],"about":[{"href":"https:\/\/www.europesays.com\/fr\/wp-json\/wp\/v2\/types\/post"}],"author":[{"embeddable":true,"href":"https:\/\/www.europesays.com\/fr\/wp-json\/wp\/v2\/users\/2"}],"replies":[{"embeddable":true,"href":"https:\/\/www.europesays.com\/fr\/wp-json\/wp\/v2\/comments?post=108821"}],"version-history":[{"count":0,"href":"https:\/\/www.europesays.com\/fr\/wp-json\/wp\/v2\/posts\/108821\/revisions"}],"wp:featuredmedia":[{"embeddable":true,"href":"https:\/\/www.europesays.com\/fr\/wp-json\/wp\/v2\/media\/108822"}],"wp:attachment":[{"href":"https:\/\/www.europesays.com\/fr\/wp-json\/wp\/v2\/media?parent=108821"}],"wp:term":[{"taxonomy":"category","embeddable":true,"href":"https:\/\/www.europesays.com\/fr\/wp-json\/wp\/v2\/categories?post=108821"},{"taxonomy":"post_tag","embeddable":true,"href":"https:\/\/www.europesays.com\/fr\/wp-json\/wp\/v2\/tags?post=108821"}],"curies":[{"name":"wp","href":"https:\/\/api.w.org\/{rel}","templated":true}]}}