{"id":108831,"date":"2025-05-18T07:34:15","date_gmt":"2025-05-18T07:34:15","guid":{"rendered":"https:\/\/www.europesays.com\/fr\/108831\/"},"modified":"2025-05-18T07:34:15","modified_gmt":"2025-05-18T07:34:15","slug":"des-noyaux-atomiques-lourds-se-brisent-de-facon-inattendue-provoquant-une-fission-asymetrique","status":"publish","type":"post","link":"https:\/\/www.europesays.com\/fr\/108831\/","title":{"rendered":"Des noyaux atomiques lourds se brisent de fa\u00e7on inattendue, provoquant une \u00ab\u00a0fission asym\u00e9trique\u00a0\u00bb"},"content":{"rendered":"<p>Une pi\u00e8ce manquante du puzzle semble avoir \u00e9t\u00e9 pos\u00e9e. Le programme allemand FAIR, qui rassemble quelque 3\u00a0000 chercheurs venus de 50 pays diff\u00e9rents, vient de faire une d\u00e9couverte inattendue\u00a0: dans le tableau nucl\u00e9aire, il existe des <a href=\"https:\/\/www.geo.fr\/sciences\/le-chiffre-de-geo-485-millions-de-dollars-investis-par-les-etats-unis-pour-etudier-les-isotopes-rares-225335\" rel=\"nofollow noopener\" target=\"_blank\">isotopes<\/a> qui r\u00e9agissent \u00e0 la fission de mani\u00e8re \u00e9trange. D&rsquo;apr\u00e8s <a href=\"https:\/\/interestingengineering.com\/science\/unexpected-discovery-nuclear-fission-turns-asymmetric\" target=\"_blank\" rel=\"nofollow noopener\">Interesting Engineering<\/a>, au lieu de se diviser en deux morceaux de masse similaire, leurs noyaux se cassent in\u00e9galement. C\u2019est ce que l\u2019on appelle une \u00ab\u00a0fission asym\u00e9trique\u00a0\u00bb.<\/p>\n<p>Quand des noyaux explosent de mani\u00e8re inhabituelle<\/p>\n<p>Un processus de <a href=\"https:\/\/www.geo.fr\/sciences\/xinghuo-la-premiere-centrale-nucleaire-hybride-fusion-fission-au-monde-verra-bientot-le-jour-en-chine-225343\" rel=\"nofollow noopener\" target=\"_blank\">fission<\/a> &#8211; qu\u2019il ait lieu dans le cadre d\u2019un r\u00e9acteur nucl\u00e9aire ou lors d\u2019une r\u00e9action naturelle &#8211; provoque la s\u00e9paration d\u2019un noyau atomique lourd en deux morceaux plus petits et plus l\u00e9gers. Habituellement, cela donne lieu \u00e0 deux noyaux de masses relativement similaires.<\/p>\n<p>Gr\u00e2ce \u00e0 une installation exp\u00e9rimentale, les chercheurs ont utilis\u00e9 un faisceau d\u2019uranium-238 acc\u00e9l\u00e9r\u00e9 \u00e0 87,6\u00a0% de la <a href=\"https:\/\/www.geo.fr\/sciences\/vitesse-de-la-lumiere-ou-vitesse-du-son-laquelle-est-la-plus-rapide-220920\" rel=\"nofollow noopener\" target=\"_blank\">vitesse de la lumi\u00e8re<\/a>, qu\u2019ils ont dirig\u00e9 sur une cible de plomb pour provoquer des r\u00e9actions de fission. Les fragments produits ont ensuite \u00e9t\u00e9 s\u00e9par\u00e9s, mesur\u00e9s et analys\u00e9s gr\u00e2ce \u00e0 des d\u00e9tecteurs tr\u00e8s pr\u00e9cis capables de suivre leur trajectoire, leur charge et leur vitesse. L\u2019exp\u00e9rience a dur\u00e9 dix jours et a g\u00e9n\u00e9r\u00e9 des t\u00e9raoctets de donn\u00e9es. En observant ces donn\u00e9es, les scientifiques ont pu identifier plus de 100 isotopes dits \u00ab\u00a0exotiques\u00a0\u00bb et ont remarqu\u00e9 qu\u2019une partie d\u2019entre eux subissaient une fission asym\u00e9trique. Ils ont \u00e9galement constat\u00e9 que beaucoup des fragments produits \u00e9taient des atomes de krypton, un \u00e9l\u00e9ment chimique tr\u00e8s rare, pr\u00e9sent sous forme de gaz dans l\u2019atmosph\u00e8re terrestre.<\/p>\n<p>\t\t\t\t\t    <img decoding=\"async\" src=\"https:\/\/www.europesays.com\/fr\/wp-content\/uploads\/2025\/05\/la-nebuleuse-de-l-aigle-33b231.jpg\"  class=\"apply-ratio\" title=\"La n\u00e9buleuse de l'Aigle\"\/> \t\t<\/p>\n<p> Les plus belles images de l&rsquo;univers prises par le t\u00e9lescope Hubble en 2015\t<\/p>\n<p>\tVers une meilleure compr\u00e9hension du processus de fission nucl\u00e9aire<\/p>\n<p>\u00ab\u00a0Au-del\u00e0 de la cartographie de ce ph\u00e9nom\u00e8ne in\u00e9dit, nos r\u00e9sultats am\u00e9liorent notre compr\u00e9hension des processus de fission, tant terrestres que cosmiques\u00a0\u00bb, a d\u00e9clar\u00e9 Pierre Morfouace du CEA, en France, qui a particip\u00e9 \u00e0 ces travaux dans le communiqu\u00e9.<\/p>\n<p>En effet, si cette d\u00e9couverte peu para\u00eetre tr\u00e8s technique, elle est d\u2019une importance capitale pour la physique fondamentale. Elle peut notamment servir \u00e0 am\u00e9liorer les mod\u00e8les th\u00e9oriques qui pr\u00e9disent comment les noyaux atomiques se cassent en morceaux, ce qui impacte directement notre compr\u00e9hension de la formation des \u00e9l\u00e9ments dans l\u2019Univers, notamment lors des explosions de <a href=\"https:\/\/www.geo.fr\/sciences\/les-supernovas-seraient-responsables-de-deux-extinctions-massives-survenues-sur-terre-225112\" rel=\"nofollow noopener\" target=\"_blank\">supernovas<\/a>. Les chercheurs comptent poursuivre leurs travaux avec de nouvelles installations pour mieux \u00e9tudier la mati\u00e8re nucl\u00e9aire dans des conditions extr\u00eames.<\/p>\n","protected":false},"excerpt":{"rendered":"Une pi\u00e8ce manquante du puzzle semble avoir \u00e9t\u00e9 pos\u00e9e. Le programme allemand FAIR, qui rassemble quelque 3\u00a0000 chercheurs&hellip;\n","protected":false},"author":2,"featured_media":108832,"comment_status":"","ping_status":"","sticky":false,"template":"","format":"standard","meta":{"footnotes":""},"categories":[7],"tags":[1011,27,22700,15077,43,40,41,39,42,44],"class_list":{"0":"post-108831","1":"post","2":"type-post","3":"status-publish","4":"format-standard","5":"has-post-thumbnail","7":"category-sciences-et-technologies","8":"tag-fr","9":"tag-france","10":"tag-fusion-nuclu00e9aire","11":"tag-nuclu00e9aire","12":"tag-science","13":"tag-science-and-technology","14":"tag-sciences","15":"tag-sciences-et-technologies","16":"tag-technologies","17":"tag-technology"},"share_on_mastodon":{"url":"https:\/\/pubeurope.com\/@fr\/114527683571137015","error":""},"_links":{"self":[{"href":"https:\/\/www.europesays.com\/fr\/wp-json\/wp\/v2\/posts\/108831","targetHints":{"allow":["GET"]}}],"collection":[{"href":"https:\/\/www.europesays.com\/fr\/wp-json\/wp\/v2\/posts"}],"about":[{"href":"https:\/\/www.europesays.com\/fr\/wp-json\/wp\/v2\/types\/post"}],"author":[{"embeddable":true,"href":"https:\/\/www.europesays.com\/fr\/wp-json\/wp\/v2\/users\/2"}],"replies":[{"embeddable":true,"href":"https:\/\/www.europesays.com\/fr\/wp-json\/wp\/v2\/comments?post=108831"}],"version-history":[{"count":0,"href":"https:\/\/www.europesays.com\/fr\/wp-json\/wp\/v2\/posts\/108831\/revisions"}],"wp:featuredmedia":[{"embeddable":true,"href":"https:\/\/www.europesays.com\/fr\/wp-json\/wp\/v2\/media\/108832"}],"wp:attachment":[{"href":"https:\/\/www.europesays.com\/fr\/wp-json\/wp\/v2\/media?parent=108831"}],"wp:term":[{"taxonomy":"category","embeddable":true,"href":"https:\/\/www.europesays.com\/fr\/wp-json\/wp\/v2\/categories?post=108831"},{"taxonomy":"post_tag","embeddable":true,"href":"https:\/\/www.europesays.com\/fr\/wp-json\/wp\/v2\/tags?post=108831"}],"curies":[{"name":"wp","href":"https:\/\/api.w.org\/{rel}","templated":true}]}}