{"id":108837,"date":"2025-05-18T07:37:07","date_gmt":"2025-05-18T07:37:07","guid":{"rendered":"https:\/\/www.europesays.com\/fr\/108837\/"},"modified":"2025-05-18T07:37:07","modified_gmt":"2025-05-18T07:37:07","slug":"chouette-hulotte-pic-epeiche-petit-renard-la-faune-retrouvee-du-cimetiere-du-pere-lachaise-liberation","status":"publish","type":"post","link":"https:\/\/www.europesays.com\/fr\/108837\/","title":{"rendered":"Chouette hulotte, pic \u00e9peiche, petit renard\u2026 La faune retrouv\u00e9e du cimeti\u00e8re du P\u00e8re-Lachaise \u2013 Lib\u00e9ration"},"content":{"rendered":"<p style=\"color:#ffffff;\">Images d\u2019actualit\u00e9, du quotidien, d\u2019art ou grands noms de l\u2019histoire de la photographie\u2026 Retrouvez dans <a href=\"https:\/\/www.liberation.fr\/en-images\/\" style=\"color:#e60004;\" rel=\"nofollow noopener\" target=\"_blank\">la rubrique \u00abEn images\u00bb<\/a> du site de Lib\u00e9ration les choix du service photo du journal, qui privil\u00e9gie les \u00e9critures singuli\u00e8res, innovantes ou \u00e9tonnantes. Et parce que c\u2019est depuis toujours une pr\u00e9occupation de Lib\u00e9ration, d\u00e9couvrez \u00e9galement nos pages Images dans l\u2019\u00e9dition du week-end.<\/p>\n","protected":false},"excerpt":{"rendered":"Images d\u2019actualit\u00e9, du quotidien, d\u2019art ou grands noms de l\u2019histoire de la photographie\u2026 Retrouvez dans la rubrique \u00abEn&hellip;\n","protected":false},"author":2,"featured_media":108838,"comment_status":"","ping_status":"","sticky":false,"template":"","format":"standard","meta":{"footnotes":""},"categories":[4],"tags":[11,413,1011,27,12,25],"class_list":{"0":"post-108837","1":"post","2":"type-post","3":"status-publish","4":"format-standard","5":"has-post-thumbnail","7":"category-france","8":"tag-actualites","9":"tag-ca-va-mieux-lisant","10":"tag-fr","11":"tag-france","12":"tag-news","13":"tag-republique-francaise"},"share_on_mastodon":{"url":"https:\/\/pubeurope.com\/@fr\/114527695234636633","error":""},"_links":{"self":[{"href":"https:\/\/www.europesays.com\/fr\/wp-json\/wp\/v2\/posts\/108837","targetHints":{"allow":["GET"]}}],"collection":[{"href":"https:\/\/www.europesays.com\/fr\/wp-json\/wp\/v2\/posts"}],"about":[{"href":"https:\/\/www.europesays.com\/fr\/wp-json\/wp\/v2\/types\/post"}],"author":[{"embeddable":true,"href":"https:\/\/www.europesays.com\/fr\/wp-json\/wp\/v2\/users\/2"}],"replies":[{"embeddable":true,"href":"https:\/\/www.europesays.com\/fr\/wp-json\/wp\/v2\/comments?post=108837"}],"version-history":[{"count":0,"href":"https:\/\/www.europesays.com\/fr\/wp-json\/wp\/v2\/posts\/108837\/revisions"}],"wp:featuredmedia":[{"embeddable":true,"href":"https:\/\/www.europesays.com\/fr\/wp-json\/wp\/v2\/media\/108838"}],"wp:attachment":[{"href":"https:\/\/www.europesays.com\/fr\/wp-json\/wp\/v2\/media?parent=108837"}],"wp:term":[{"taxonomy":"category","embeddable":true,"href":"https:\/\/www.europesays.com\/fr\/wp-json\/wp\/v2\/categories?post=108837"},{"taxonomy":"post_tag","embeddable":true,"href":"https:\/\/www.europesays.com\/fr\/wp-json\/wp\/v2\/tags?post=108837"}],"curies":[{"name":"wp","href":"https:\/\/api.w.org\/{rel}","templated":true}]}}