{"id":108839,"date":"2025-05-18T07:38:10","date_gmt":"2025-05-18T07:38:10","guid":{"rendered":"https:\/\/www.europesays.com\/fr\/108839\/"},"modified":"2025-05-18T07:38:10","modified_gmt":"2025-05-18T07:38:10","slug":"en-direct-eurovision-2025-cela-depasse-mes-reves-les-plus-fous-cest-fou-reagit-le-vainqueur-jj-20-minutes","status":"publish","type":"post","link":"https:\/\/www.europesays.com\/fr\/108839\/","title":{"rendered":"EN DIRECT Eurovision 2025 : \u00ab Cela d\u00e9passe mes r\u00eaves les plus fous. C\u2019est fou \u00bb, r\u00e9agit le vainqueur JJ\u2026 &#8211; 20 Minutes"},"content":{"rendered":"<ol>\n<li><a href=\"https:\/\/news.google.com\/rss\/articles\/CBMizwFBVV95cUxQQnRjRlFDdEk3dkkyLWtCVTBwRlJZajhYRkFGWEJTSEcwc21qZFVQV2h4UTk5bk9kNDZHYzEwNWZWN2xwYkFfTFhOQ09BcHNRRmFEQV9yRzhaaWRpTEdJQW5sb2dlNXUxOVNkQU5JQ05vXy04dmEtampqMm1tMXlhVXBmUWQ5bWM3M2hSbTJjbVNOdHdvNzgtNThqWkgtQXZaQmo2ckdMeWlaUTR2LW42UzBtQzludE9zUk5LX2Z5aHZGb25uZk5XbmwteFU1ZkE?oc=5\" target=\"_blank\" rel=\"noopener\">EN DIRECT Eurovision 2025 : \u00ab Cela d\u00e9passe mes r\u00eaves les plus fous. C\u2019est fou \u00bb, r\u00e9agit le vainqueur JJ\u2026<\/a>&nbsp;&nbsp;20 Minutes<\/li>\n<li><a href=\"https:\/\/news.google.com\/rss\/articles\/CBMitAFBVV95cUxPNy1aRkk4TG1zbnZ5MjdQaUdnbFJZamM5SU93WkNmcDg2Y041WHByUDNaZHB5WjlxQXdqdTItdlZXS3hPcWp2dmN6M090c2NZTkh5X1N6d05WMklKdnRZd1VYdmNFMFc5UWR0cGE2RVczUUphRll4d0VSWWh1RU96c0ZCNnh0Wm9hTDBqOUpzTDNyTEtVOGNQVTBOcUpMeUNleVZFNTlseTkwc0dnd1lMdHRZaWU?oc=5\" target=\"_blank\" rel=\"noopener\">Louane et la France ont \u00e9t\u00e9 l\u00e2ch\u00e9es par le public de l\u2019Eurovision<\/a>&nbsp;&nbsp;20 Minutes<\/li>\n<li><a href=\"https:\/\/news.google.com\/rss\/articles\/CBMi_gFBVV95cUxNR05UbUtVc2FEeEREb0ZUek14UjNxMXlJYTJTZ19EQ2ZBZXhiVGY0a08yODNZcHVOQUZPOXJVM3czeGJ4NHg4VkxsU2xDS1V3NFZCWlhRdEN1UER0UXBTaWdDWkdOSENUeWZtbFRSdUdqdHdCOU1XXzJQdlVVUmNuZVV4YWhSWHNMaUZRSWZ2eGFIZDNQMGNsVzRUYWpwdzU1V1BVRzIxZGhWRzIwdkh0VjdydVhhakVtZDB2Q1VuMDlMM0pZeEkzdkE3eXowUzJoT2pMNTlDZUhiUHlweVFlSG1VUkJVWko2c19uNXQxZnJzNmpMVE93MExKMGN5dw?oc=5\" target=\"_blank\" rel=\"noopener\">Eurovision 2025. Qui est JJ le contre-t\u00e9nor autrichien vainqueur du concours ?<\/a>&nbsp;&nbsp;Ouest-France<\/li>\n<li><a href=\"https:\/\/news.google.com\/rss\/articles\/CBMimAFBVV95cUxPME5GZ0pkYXBmZlpJdnhRcnZLWmlnbjJHY1hhc1hvcjdRTXlWdzNxSnJSU2VMRHY1dng5bFF0bVhFZlIwVnVWaXJqcHpEcEJheTI1NVg4dFZRSXp3dmxVUk4xRVR6dlFHbHFBcFhpRjJISWdQU1VDZWkxQzVDTUFnTTJfUTJNa2o3U3U4aURkam1LTVZJYzAwQg?oc=5\" target=\"_blank\" rel=\"noopener\">Eurovision 2025 : voici le classement complet<\/a>&nbsp;&nbsp;L&rsquo;Union<\/li>\n<li><a href=\"https:\/\/news.google.com\/rss\/articles\/CBMi-AFBVV95cUxQU0JWY1Jpcm5GUVFjanRvQzRDY1k2d2xSeE5VRXQxNUVyV2NabjQ3b0dPN2MwQnVmYXlGTjJ6RG5nZjlNU1hpcFhwWTFwYUl4ZFhmeVZpR3VpZWxUVm5ORkQtZ1p5NkJfZUpCUFp4d2RYcWpNQk5sU1kwYXdwWmszby1xVGJNcVp6VFF6M0dwZk1UVU9EQUtIRElyTkdGclR6czBLYUVyY0tBSEhwakZPSzJJb3k1Q2t3NEJSbGdpTWFucjkxSFd2dlY0ZnpYN0IwblBxeFZnLVJWTFh5S3RCVU9Md2U3UXFpVko2eHlBQmlwVTJVNG1WSA?oc=5\" target=\"_blank\" rel=\"noopener\">Eurovision 2025 : l\u2019Autriche remporte le concours, Louane termine \u00e0 la septi\u00e8me place pour la France<\/a>&nbsp;&nbsp;Le Monde.fr<\/li>\n<\/ol>\n","protected":false},"excerpt":{"rendered":"EN DIRECT Eurovision 2025 : \u00ab Cela d\u00e9passe mes r\u00eaves les plus fous. C\u2019est fou \u00bb, r\u00e9agit le&hellip;\n","protected":false},"author":2,"featured_media":108840,"comment_status":"","ping_status":"","sticky":false,"template":"","format":"standard","meta":{"footnotes":""},"categories":[2],"tags":[11,1695,5551,903,58,4500,1011,27,4501,873,12,3067,252],"class_list":{"0":"post-108839","1":"post","2":"type-post","3":"status-publish","4":"format-standard","5":"has-post-thumbnail","7":"category-actualites","8":"tag-actualites","9":"tag-chanson","10":"tag-chanson-francaise","11":"tag-concours","12":"tag-divertissement","13":"tag-eurovision-2025","14":"tag-fr","15":"tag-france","16":"tag-louane","17":"tag-musique","18":"tag-news","19":"tag-suisse","20":"tag-television"},"share_on_mastodon":{"url":"https:\/\/pubeurope.com\/@fr\/114527699104858237","error":""},"_links":{"self":[{"href":"https:\/\/www.europesays.com\/fr\/wp-json\/wp\/v2\/posts\/108839","targetHints":{"allow":["GET"]}}],"collection":[{"href":"https:\/\/www.europesays.com\/fr\/wp-json\/wp\/v2\/posts"}],"about":[{"href":"https:\/\/www.europesays.com\/fr\/wp-json\/wp\/v2\/types\/post"}],"author":[{"embeddable":true,"href":"https:\/\/www.europesays.com\/fr\/wp-json\/wp\/v2\/users\/2"}],"replies":[{"embeddable":true,"href":"https:\/\/www.europesays.com\/fr\/wp-json\/wp\/v2\/comments?post=108839"}],"version-history":[{"count":0,"href":"https:\/\/www.europesays.com\/fr\/wp-json\/wp\/v2\/posts\/108839\/revisions"}],"wp:featuredmedia":[{"embeddable":true,"href":"https:\/\/www.europesays.com\/fr\/wp-json\/wp\/v2\/media\/108840"}],"wp:attachment":[{"href":"https:\/\/www.europesays.com\/fr\/wp-json\/wp\/v2\/media?parent=108839"}],"wp:term":[{"taxonomy":"category","embeddable":true,"href":"https:\/\/www.europesays.com\/fr\/wp-json\/wp\/v2\/categories?post=108839"},{"taxonomy":"post_tag","embeddable":true,"href":"https:\/\/www.europesays.com\/fr\/wp-json\/wp\/v2\/tags?post=108839"}],"curies":[{"name":"wp","href":"https:\/\/api.w.org\/{rel}","templated":true}]}}