{"id":108860,"date":"2025-05-18T07:54:19","date_gmt":"2025-05-18T07:54:19","guid":{"rendered":"https:\/\/www.europesays.com\/fr\/108860\/"},"modified":"2025-05-18T07:54:19","modified_gmt":"2025-05-18T07:54:19","slug":"dans-la-maison-de-claude-lapointe-des-tresors-dillustration-a-lavenir-ouvert","status":"publish","type":"post","link":"https:\/\/www.europesays.com\/fr\/108860\/","title":{"rendered":"Dans la maison de Claude Lapointe, des tr\u00e9sors d&rsquo;illustration \u00e0 l&rsquo;avenir ouvert"},"content":{"rendered":"<p class=\"wp-block-post-excerpt__excerpt\">Fondateur de la section illustration des Arts D\u00e9co de Strasbourg, Claude Lapointe est d\u00e9c\u00e9d\u00e9 en octobre 2024. Une visite de sa maison alsacienne permet de replonger dans les archives de ce g\u00e9nie du dessin. <\/p>\n<p><a href=\"https:\/\/www.rue89strasbourg.com\/category\/premium\" rel=\"tag nofollow noopener\" target=\"_blank\">\u00c9dition abonn\u00e9s<\/a>, <a href=\"https:\/\/www.rue89strasbourg.com\/category\/reportage\" rel=\"tag nofollow noopener\" target=\"_blank\">Reportage<\/a><\/p>\n<p>Jeanne-Esther Eichenlaub<\/p>\n<p>Publi\u00e9 le 18 mai 2025\u00a0\u00a0\u00b7\u00a0\u00a0<\/p>\n<p>Imprim\u00e9 le 18 mai 2025 \u00e0 09h54\u00a0\u00a0\u00b7\u00a0\u00a0<\/p>\n<p>Modifi\u00e9 le 18 mai 2025\u00a0\u00a0\u00b7\u00a0\u00a0<\/p>\n<p>\t\t\t\t\t6\u00a0minutes\n<\/p>\n<p>Les herbes folles et la v\u00e9g\u00e9tation ont envahi la fa\u00e7ade de la maison. La b\u00e2tisse date des ann\u00e9es 70. Son int\u00e9rieur incarne bien le style de l\u2019\u00e9poque\u00a0: une cuisine peinte en vert kaki, des fleurs orange qui d\u00e9corent les carreaux d\u2019une salle de bain et une moquette \u00e0 poils longs qui tapisse le sol de l\u2019atelier. Claude Lapointe a lui-m\u00eame a con\u00e7u les plans, rel\u00e8ve son fils a\u00een\u00e9 Bernard. L\u2019atelier, situ\u00e9 en mezzanine, est ouvert sur le salon\u00a0: \u00ab\u00a0Il voulait bosser sans \u00eatre d\u00e9connect\u00e9 du reste de la maison\u00a0\u00bb, raconte-t-il. \u00c0 la diff\u00e9rence de certains artistes qui ont besoin d\u2019\u00eatre isol\u00e9s pour cr\u00e9er, Claude Lapointe aimait s\u2019inspirer de son environnement.<\/p>\n<p><img loading=\"lazy\" decoding=\"async\" width=\"2560\" height=\"1920\" src=\"https:\/\/www.europesays.com\/fr\/wp-content\/uploads\/2025\/05\/20250504-165712-scaled.jpg\" alt=\"\" class=\"wp-image-342724\"  \/>Dessin de Claude Lapointe.<\/p>\n<p><a href=\"https:\/\/www.rue89strasbourg.com\/abonnement\" rel=\"nofollow noopener\" target=\"_blank\"><img loading=\"lazy\" decoding=\"async\" width=\"970\" height=\"250\" src=\"https:\/\/www.europesays.com\/fr\/wp-content\/uploads\/2025\/05\/bannie\u0300re-autopromo-2025-desktop-1.gif\" alt=\"\" class=\"wp-image-343590\" style=\"width:792px\"\/><\/a><\/p>\n<p><a href=\"https:\/\/www.rue89strasbourg.com\/abonnement\" rel=\"nofollow noopener\" target=\"_blank\"><img loading=\"lazy\" decoding=\"async\" width=\"300\" height=\"300\" src=\"https:\/\/www.europesays.com\/fr\/wp-content\/uploads\/2025\/05\/bannieres@2x.png\" alt=\"\" class=\"wp-image-341656\"  \/><\/a><\/p>\n<p>Un pionnier de l\u2019illustration <\/p>\n<p>Claude Lapointe, CLAP de son nom d\u2019artiste, a fait les beaux-arts de Nancy puis l\u2019\u00e9cole des arts d\u00e9coratifs de Strasbourg (actuelle HEAR). Il n\u2019a jamais fini ses \u00e9tudes. Deux mois avant l\u2019obtention de son dipl\u00f4me, il se fait embaucher comme graphiste par une agence de publicit\u00e9 \u00e0 Metz. Ce qui ne l\u2019emp\u00eache pas de revenir aux arts d\u00e9co en tant que professeur pour y fonder en 1972 la premi\u00e8re section illustration de France. <\/p>\n<p>Sous la v\u00e9randa de la maison alsacienne, une photo attire l\u2019attention. Claude Lapointe y fait face \u00e0 une salle de classe bond\u00e9e. \u00ab\u00a0C\u2019\u00e9tait pour son dernier cours\u00a0\u00e0 l\u2019\u00e9cole des arts d\u00e9coratifs (actuelle HEAR), en 2006\u00a0\u00bb, expose Bernard. Beaucoup de ses anciens \u00e9l\u00e8ves \u00e9taient venus y assister. Certains sont assis \u00e0 m\u00eame le sol, en tailleur, d\u2019autres se serrent au fond de la pi\u00e8ce. Beaucoup d\u2019illustrateurs r\u00e9put\u00e9s, prim\u00e9s ou nomm\u00e9s au festival de BD d\u2019Angoul\u00eame, sont pass\u00e9s par la classe de CLAP\u00a0: Matthieu Sapin, Marjane Satrapi, Catel, Blutch, Christian Voltz\u2026 La liste est loin d\u2019\u00eatre exhaustive. <\/p>\n<p class=\"has-warning-color has-text-color\">\n\t\t\t<strong> Cet article fait partie de l\u2019\u00e9dition abonn\u00e9s.<\/strong><br \/>\n\t\t\t| D\u00e9j\u00e0 abonn\u00e9\u00a0?<br \/>\n\t\t\t<a href=\"https:\/\/www.rue89strasbourg.com\/user\/connexion\" data-type=\"page\" data-id=\"116070\" rel=\"nofollow noopener\" target=\"_blank\">Connectez-vous<\/a>\n\t\t<\/p>\n<p>Abonnez-vous maintenant pour poursuivre votre lecture<\/p>\n<p><img loading=\"lazy\" decoding=\"async\" width=\"1206\" height=\"1241\" src=\"https:\/\/www.europesays.com\/fr\/wp-content\/uploads\/2025\/04\/04-paywall.png\" alt=\"Abonnez-vous\" class=\"wp-image-282314\" style=\"aspect-ratio:0.9717969379532635;width:281px;height:auto\"  \/><\/p>\n<p>\t\t\t<a href=\"https:\/\/www.rue89strasbourg.com\/\" class=\"custom-logo-link\" rel=\"home nofollow noopener\" target=\"_blank\"><img loading=\"lazy\" decoding=\"async\" width=\"290\" height=\"62\" src=\"https:\/\/www.europesays.com\/fr\/wp-content\/uploads\/2025\/04\/1743975279_388_logo.png\" class=\"custom-logo\" alt=\"Rue89 Strasbourg Enqu\u00eates et informations locales\"  \/><\/a><\/p>\n<p>\n\t\t\t\tAbonnez-vous maintenant pour suivre l\u2019actualit\u00e9 locale.\t\t\t<\/p>\n<p class=\"font-bold font-serif-heading mb-2 text-4xl\">\n\t\t\t\t\t\tL\u2019investigation locale \u00e0 port\u00e9e de main.\n\t\t\t\t\t<\/p>\n<p>\n\t\t\t\t\t\tAbonnez-vous et profitez d\u2019un acc\u00e8s illimit\u00e9 \u00e0 Rue89 Strasbourg. Annulez quand vous voulez.\n\t\t\t\t\t<\/p>\n<p class=\"xl:text-sm\">\n\t\t\t\t\tD\u00e9j\u00e0 abonn\u00e9\u00a0?<br \/>\n\t\t\t\t\t<a class=\"border border-transparent text-center transition-colors duration-instant focus:border-info focus:rounded focus:shadow-focus cursor-pointer text-black hover:text-gray-700 active:bg-black-700 font-semibold inline-block\" href=\"https:\/\/www.rue89strasbourg.com\/user\/connexion?redirect=\/dans-la-maison-de-claude-lapointe-des-cartons-pleins-de-tresors-dillustration-342707\" rel=\"nofollow noopener\" target=\"_blank\">Connectez-vous<\/a>\t\t\t\t<\/p>\n<p>\n\t\t\t\tChoisissez votre formule\u00a0:\n\t\t\t<\/p>\n<p>\t\t\t\tFermer<\/p>\n","protected":false},"excerpt":{"rendered":"Fondateur de la section illustration des Arts D\u00e9co de Strasbourg, Claude Lapointe est d\u00e9c\u00e9d\u00e9 en octobre 2024. Une&hellip;\n","protected":false},"author":2,"featured_media":108861,"comment_status":"","ping_status":"","sticky":false,"template":"","format":"standard","meta":{"footnotes":""},"categories":[2820],"tags":[1111,11,251,1777,674,1011,27,775,22704,11043,12,25,640],"class_list":{"0":"post-108860","1":"post","2":"type-post","3":"status-publish","4":"format-standard","5":"has-post-thumbnail","7":"category-strasbourg","8":"tag-actu","9":"tag-actualites","10":"tag-culture","11":"tag-eu","12":"tag-europe","13":"tag-fr","14":"tag-france","15":"tag-grand-est","16":"tag-haute-ecole-des-arts-du-rhin","17":"tag-illustration","18":"tag-news","19":"tag-republique-francaise","20":"tag-strasbourg"},"share_on_mastodon":{"url":"https:\/\/pubeurope.com\/@fr\/114527762235934676","error":""},"_links":{"self":[{"href":"https:\/\/www.europesays.com\/fr\/wp-json\/wp\/v2\/posts\/108860","targetHints":{"allow":["GET"]}}],"collection":[{"href":"https:\/\/www.europesays.com\/fr\/wp-json\/wp\/v2\/posts"}],"about":[{"href":"https:\/\/www.europesays.com\/fr\/wp-json\/wp\/v2\/types\/post"}],"author":[{"embeddable":true,"href":"https:\/\/www.europesays.com\/fr\/wp-json\/wp\/v2\/users\/2"}],"replies":[{"embeddable":true,"href":"https:\/\/www.europesays.com\/fr\/wp-json\/wp\/v2\/comments?post=108860"}],"version-history":[{"count":0,"href":"https:\/\/www.europesays.com\/fr\/wp-json\/wp\/v2\/posts\/108860\/revisions"}],"wp:featuredmedia":[{"embeddable":true,"href":"https:\/\/www.europesays.com\/fr\/wp-json\/wp\/v2\/media\/108861"}],"wp:attachment":[{"href":"https:\/\/www.europesays.com\/fr\/wp-json\/wp\/v2\/media?parent=108860"}],"wp:term":[{"taxonomy":"category","embeddable":true,"href":"https:\/\/www.europesays.com\/fr\/wp-json\/wp\/v2\/categories?post=108860"},{"taxonomy":"post_tag","embeddable":true,"href":"https:\/\/www.europesays.com\/fr\/wp-json\/wp\/v2\/tags?post=108860"}],"curies":[{"name":"wp","href":"https:\/\/api.w.org\/{rel}","templated":true}]}}