{"id":108864,"date":"2025-05-18T07:56:09","date_gmt":"2025-05-18T07:56:09","guid":{"rendered":"https:\/\/www.europesays.com\/fr\/108864\/"},"modified":"2025-05-18T07:56:09","modified_gmt":"2025-05-18T07:56:09","slug":"a-nice-ce-grand-rendez-vous-litteraire-sapprete-a-transformer-la-ville-en-scene-ouverte-pour-auteurs-lecteurs-et-passionnes-de-culture-en-provence-alpes-cote-dazur","status":"publish","type":"post","link":"https:\/\/www.europesays.com\/fr\/108864\/","title":{"rendered":"\u00c0 Nice, ce grand rendez-vous litt\u00e9raire s\u2019appr\u00eate \u00e0 transformer la ville en sc\u00e8ne ouverte pour auteurs, lecteurs et passionn\u00e9s de culture en Provence-Alpes-C\u00f4te d\u2019Azur"},"content":{"rendered":"<p><strong>Le Festival du Livre de Nice se tiendra majoritairement au jardin Albert 1er. Mais d\u2019autres sites ailleurs en ville seront \u00e9galement mobilis\u00e9s. \u00c9changes avec des auteurs, diffusions de films\u2026 Des \u00e9v\u00e9nements en acc\u00e8s libre.  <\/strong><\/p>\n<p>\u00c0 la fin du mois, l\u2019une des plus incontournables manifestations culturelles de la commune sera de retour. Entre le vendredi 30 mai et le dimanche 1er juin, Nice-Presse sera \u00e0 nouveau partenaire <a href=\"https:\/\/nicepresse.com\/prendre-le-large-200-auteurs-dedicaces-rencontres-quand-limmanquable-festival-du-livre-de-nice-rencontre-lannee-de-la-mer\/\" rel=\"nofollow noopener\" target=\"_blank\">du Festival du Livre de Nice<\/a>. L\u2019\u00e9v\u00e9nement aura pour th\u00e9\u00e2tre le jardin Albert Ier, au sein duquel se r\u00e9uniront pr\u00e8s de <a href=\"https:\/\/nicepresse.com\/david-foenkinos-marie-drucker-franz-olivier-giesbert-les-auteurs-stars-a-rencontrer-lors-du-festival-du-livre-de-nice-a-la-fin-du-mois\/\" rel=\"nofollow noopener\" target=\"_blank\">200 romanciers et romanci\u00e8res<\/a>.<\/p>\n<p>Le th\u00e8me ? \u00ab\u00a0Prendre le large\u00a0\u00bb, une invitation au voyage et \u00e0 la d\u00e9ambulation qui prend un double sens. Tout d\u2019abord, car 2025 est dans la capitale maralpine consid\u00e9r\u00e9e comme l\u2019Ann\u00e9e de la mer, mais aussi parce que le festival se d\u00e9roule au-del\u00e0 du domaine du parc. Comme il a coutume de le faire, il pousse les murs un peu plus loin afin de partager un peu de sa programmation dans d\u2019autres secteurs de la Baie des Anges.<\/p>\n<p>L\u2019Artistique, partie prenante du Festival du Livre<\/p>\n<p>\u00c0 l\u2019Artistique par exemple. Dans ce centre, haut lieu de la culture sur la C\u00f4te d\u2019Azur, les visiteurs pourront assister \u00e0 une rencontre avec Marie Drucker. Une discussion avec la journaliste autour de \u00ab\u00a0Nos c\u0153urs d\u00e9racin\u00e9s\u00a0\u00bb qui aura lieu \u00e0 16h15 le vendredi 30 mai, pour lancer le menu de ce week-end charg\u00e9.<\/p>\n<p>C\u2019est dans ce m\u00eame \u00e9tablissement que viendront Catel Muller et Jos\u00e9-Louis Bocquet. Au cours d\u2019un rendez-vous m\u00ealant le dessin, la photo et la musique, les deux auteurs rendront hommage au travail d\u2019Anita Conti, la premi\u00e8re femme oc\u00e9anographe fran\u00e7aise. A 14 heures le samedi 31 mai.<\/p>\n<p>Enfin, L\u2019Artistique recevra \u00e0 16 heures Christine Angot. Avec le public, elle \u00e9changera \u00e0 propos de son dernier ouvrage, \u00ab\u00a0La nuit sur commande\u00a0\u00bb.<\/p>\n<p>Deux projections \u00e0 la Cin\u00e9math\u00e8que<\/p>\n<p>Vous pr\u00e9f\u00e9rez les projections ? Deux dates sont \u00e0 cocher dans votre agenda, et direction la cin\u00e9math\u00e8que ni\u00e7oise. La premi\u00e8re, le 30 mai \u00e0 19 heures, avec la diffusion de \u00ab\u00a0Une famille\u00a0\u00bb, le premier film de Christine Angot. Dans ce long-m\u00e9trage, elle revient sur les violences sexuelles subies enfant, et \u00e9voque la lib\u00e9ration de la parole sur ce sujet. S\u2019ensuivra un entretien et une s\u00e9ance de d\u00e9dicaces.<\/p>\n<p>C\u2019est ici aussi que se conclura le programme ext\u00e9rieur au jardin Albert 1er. Le 1er juin, \u00e0 10h45, sera retransmis un \u00e9pisode in\u00e9dit de la s\u00e9rie \u00ab\u00a0Bleu : un oc\u00e9an de solutions\u00a0\u00bb, de la militante \u00e9cologiste Maud Fontenoy. En pr\u00e9sence de la navigatrice, les spectateurs pourront, apr\u00e8s la s\u00e9ance, s\u2019entretenir avec elle. <\/p>\n<p>\u00c9v\u00e9nements gratuits<\/p>\n<p>Quant au troisi\u00e8me site arpent\u00e9, il s\u2019agit de l\u2019h\u00f4tel Aston La Scala. Deux \u00e9v\u00e9nements s\u2019y installeront le samedi 31 mai. Deux conf\u00e9rences intitul\u00e9es \u00ab\u00a0Les sites majeurs et m\u00e9connus du patrimoine historique des Alpes-Maritimes\u00a0\u00bb (15 heures) et \u00ab\u00a0Les explorateurs de l\u2019univers\u00a0\u00bb (17 heures).<\/p>\n<p><a href=\"https:\/\/anneedelamer.nice.fr\/\" rel=\"nofollow noopener\" target=\"_blank\"><img loading=\"lazy\" decoding=\"async\" width=\"300\" height=\"300\" src=\"data:image\/svg+xml,%3Csvg%20xmlns=\" http:=\"\" alt=\"\" class=\"wp-image-235449\" data-lazy-src=\"https:\/\/www.europesays.com\/fr\/wp-content\/uploads\/2025\/04\/IMG_1416-2.png\"\/><\/a><\/p>\n<p>La premi\u00e8re se d\u00e9roulera avec Fr\u00e9d\u00e9ric Boyer, directeur des \u00e9ditions M\u00e9moires Mill\u00e9naires, et Bertrand Roussel, directeur des mus\u00e9es d\u2019arch\u00e9ologie de Nice. La seconde mettra en avant la bande dessin\u00e9e \u00ab\u00a0Les explorateurs de l\u2019univers\u00a0\u00bb, de Christophe Galfard. L\u2019auteur y d\u00e9dicacera ses ouvrages. <\/p>\n<p>\u00c0 noter que toutes ces manifestations seront gratuites et libres d\u2019acc\u00e8s. En revanche, l\u2019accueil du public s\u2019op\u00e9rera dans la limite des places disponibles.<\/p>\n<p>En savoir +<\/p>\n","protected":false},"excerpt":{"rendered":"Le Festival du Livre de Nice se tiendra majoritairement au jardin Albert 1er. Mais d\u2019autres sites ailleurs en&hellip;\n","protected":false},"author":2,"featured_media":108865,"comment_status":"","ping_status":"","sticky":false,"template":"","format":"standard","meta":{"footnotes":""},"categories":[2819],"tags":[1111,11,1777,674,1011,27,12,2401,882,25],"class_list":{"0":"post-108864","1":"post","2":"type-post","3":"status-publish","4":"format-standard","5":"has-post-thumbnail","7":"category-nice","8":"tag-actu","9":"tag-actualites","10":"tag-eu","11":"tag-europe","12":"tag-fr","13":"tag-france","14":"tag-news","15":"tag-nice","16":"tag-provence-alpes-cote-dazur","17":"tag-republique-francaise"},"share_on_mastodon":{"url":"https:\/\/pubeurope.com\/@fr\/114527770100015146","error":""},"_links":{"self":[{"href":"https:\/\/www.europesays.com\/fr\/wp-json\/wp\/v2\/posts\/108864","targetHints":{"allow":["GET"]}}],"collection":[{"href":"https:\/\/www.europesays.com\/fr\/wp-json\/wp\/v2\/posts"}],"about":[{"href":"https:\/\/www.europesays.com\/fr\/wp-json\/wp\/v2\/types\/post"}],"author":[{"embeddable":true,"href":"https:\/\/www.europesays.com\/fr\/wp-json\/wp\/v2\/users\/2"}],"replies":[{"embeddable":true,"href":"https:\/\/www.europesays.com\/fr\/wp-json\/wp\/v2\/comments?post=108864"}],"version-history":[{"count":0,"href":"https:\/\/www.europesays.com\/fr\/wp-json\/wp\/v2\/posts\/108864\/revisions"}],"wp:featuredmedia":[{"embeddable":true,"href":"https:\/\/www.europesays.com\/fr\/wp-json\/wp\/v2\/media\/108865"}],"wp:attachment":[{"href":"https:\/\/www.europesays.com\/fr\/wp-json\/wp\/v2\/media?parent=108864"}],"wp:term":[{"taxonomy":"category","embeddable":true,"href":"https:\/\/www.europesays.com\/fr\/wp-json\/wp\/v2\/categories?post=108864"},{"taxonomy":"post_tag","embeddable":true,"href":"https:\/\/www.europesays.com\/fr\/wp-json\/wp\/v2\/tags?post=108864"}],"curies":[{"name":"wp","href":"https:\/\/api.w.org\/{rel}","templated":true}]}}