{"id":1088711,"date":"2026-07-26T09:33:40","date_gmt":"2026-07-26T09:33:40","guid":{"rendered":"https:\/\/www.europesays.com\/fr\/1088711\/"},"modified":"2026-07-26T09:33:40","modified_gmt":"2026-07-26T09:33:40","slug":"peut-etre-ma-derniere-etape-de-montagne-sur-le-tour-de-france-lemotion-de-warren-barguil-a-larrivee-de-la-20e-etape-a-lalpe-dhuez","status":"publish","type":"post","link":"https:\/\/www.europesays.com\/fr\/1088711\/","title":{"rendered":"\u00ab\u00a0Peut-\u00eatre ma derni\u00e8re \u00e9tape de montagne sur le Tour de France\u00a0\u00bb\u00a0: l\u2019\u00e9motion de Warren Barguil \u00e0 l\u2019arriv\u00e9e de la 20e \u00e9tape \u00e0 l\u2019Alpe d\u2019Huez"},"content":{"rendered":"<p>Tour de France (20e \u00e9tape). Le Bourg-d\u2019Oisans &#8211; Alpe d\u2019HuezComment vous ressortez de cette \u00e9tape dantesque ?<\/p>\n<p>C\u2019est dur le Tour (rires). Ce n\u2019est pas un cadeau apr\u00e8s le Giro, je savais \u00e0 quoi m\u2019attendre. Le niveau \u00e9tait tr\u00e8s relev\u00e9, il y a peu de place. J\u2019ai essay\u00e9 de donner mon meilleur et mon corps s\u2019est r\u00e9veill\u00e9 un peu tard. Aujourd\u2019hui, j\u2019avais les meilleures sensations. C\u2019est frustrant que \u00e7a n\u2019arrive que maintenant, mais c\u2019est comme \u00e7a.<\/p>\n<p>Quelles \u00e9motions vous traversent au moment de boucler ce Tour ?<\/p>\n<p>C\u2019est forc\u00e9ment beaucoup d\u2019\u00e9motions. C\u2019est peut-\u00eatre mon dernier tour, ma derni\u00e8re \u00e9tape de montagne en France. J\u2019\u00e9tais seul dans la mont\u00e9e, je pensais \u00e0 \u00e7a, \u00e0 mes douze Tours de France. Quand je regarde en arri\u00e8re, je suis fier de ce que j\u2019ai fait pendant ces douze Tours.<\/p>\n<p>Vous avez pris du plaisir sur ce Tour ?<\/p>\n<p>Non (rires), pas de plaisir. Mais je pense que vous demandez aux trois quarts du peloton, pas grand monde a pris beaucoup de plaisir. Mais c\u2019est le Tour, on sait que c\u2019est la course la plus dure au monde et on sait \u00e0 quoi s\u2019attendre au d\u00e9part !<\/p>\n","protected":false},"excerpt":{"rendered":"Tour de France (20e \u00e9tape). Le Bourg-d\u2019Oisans &#8211; Alpe d\u2019HuezComment vous ressortez de cette \u00e9tape dantesque ? C\u2019est&hellip;\n","protected":false},"author":2,"featured_media":1088712,"comment_status":"","ping_status":"","sticky":false,"template":"","format":"standard","meta":{"footnotes":"","_share_on_mastodon":"0"},"categories":[1411],"tags":[1154,207,765,3166,1011,27,17980,2427,60,210],"class_list":["post-1088711","post","type-post","status-publish","format-standard","has-post-thumbnail","category-cyclisme","tag-cycling","tag-cyclisme","tag-en-continu","tag-en-continu-sports","tag-fr","tag-france","tag-hennebont","tag-professionnels","tag-sports","tag-tour-de-france"],"share_on_mastodon":{"url":"https:\/\/pubeurope.com\/@fr\/116985594288938342","error":""},"_links":{"self":[{"href":"https:\/\/www.europesays.com\/fr\/wp-json\/wp\/v2\/posts\/1088711","targetHints":{"allow":["GET"]}}],"collection":[{"href":"https:\/\/www.europesays.com\/fr\/wp-json\/wp\/v2\/posts"}],"about":[{"href":"https:\/\/www.europesays.com\/fr\/wp-json\/wp\/v2\/types\/post"}],"author":[{"embeddable":true,"href":"https:\/\/www.europesays.com\/fr\/wp-json\/wp\/v2\/users\/2"}],"replies":[{"embeddable":true,"href":"https:\/\/www.europesays.com\/fr\/wp-json\/wp\/v2\/comments?post=1088711"}],"version-history":[{"count":0,"href":"https:\/\/www.europesays.com\/fr\/wp-json\/wp\/v2\/posts\/1088711\/revisions"}],"wp:featuredmedia":[{"embeddable":true,"href":"https:\/\/www.europesays.com\/fr\/wp-json\/wp\/v2\/media\/1088712"}],"wp:attachment":[{"href":"https:\/\/www.europesays.com\/fr\/wp-json\/wp\/v2\/media?parent=1088711"}],"wp:term":[{"taxonomy":"category","embeddable":true,"href":"https:\/\/www.europesays.com\/fr\/wp-json\/wp\/v2\/categories?post=1088711"},{"taxonomy":"post_tag","embeddable":true,"href":"https:\/\/www.europesays.com\/fr\/wp-json\/wp\/v2\/tags?post=1088711"}],"curies":[{"name":"wp","href":"https:\/\/api.w.org\/{rel}","templated":true}]}}