{"id":108880,"date":"2025-05-18T08:06:09","date_gmt":"2025-05-18T08:06:09","guid":{"rendered":"https:\/\/www.europesays.com\/fr\/108880\/"},"modified":"2025-05-18T08:06:09","modified_gmt":"2025-05-18T08:06:09","slug":"marseille-ce-grand-vide-grenier-et-ses-dizaines-de-stands-reviennent-ce-week-end-voici-ou","status":"publish","type":"post","link":"https:\/\/www.europesays.com\/fr\/108880\/","title":{"rendered":"Marseille. Ce grand vide-grenier et ses dizaines de stands reviennent ce week-end : voici o\u00f9"},"content":{"rendered":"<p>            Par<br \/>\n        <strong><br \/>\n            <a href=\"https:\/\/actu.fr\/auteur\/fabien-binacchi\" title=\"Consulter tous les articles de Fabien Binacchi\" rel=\"nofollow noopener\" target=\"_blank\">Fabien Binacchi<\/a><br \/>\n        <\/strong><\/p>\n<p>        Publi\u00e9 le<\/p>\n<p>            18 mai 2025 \u00e0 9h30        <\/p>\n<p>C\u2019est devenu un rituel. Depuis 2023, l\u2019association des commer\u00e7ants <strong>Vauban Breteuil<\/strong>, dans le 6e arrondissement de <a href=\"https:\/\/actu.fr\/marseille\/\" rel=\"nofollow noopener\" target=\"_blank\">Marseille<\/a>, organise deux vide-greniers par an\u2009: un \u00e0 l\u2019automne et un autre printemps. Cette seconde version revient <strong>ce dimanche 18\u00a0mai 2025.<\/strong><\/p>\n<p class=\" wall-content\">Et, pour la premi\u00e8re fois, <strong>le Samu social est de la partie,<\/strong> pour la bonne cause.<\/p>\n<p>Buvette et restauration sur place<\/p>\n<p class=\" wall-content\">Jusqu\u2019\u00e0 16h ce dimanche 18\u00a0mai 2025, tout le bas du boulevard Vauban, qui fait l\u2019angle avec la rue Breteuil, accueille <strong>une soixantaine d\u2019exposants<\/strong> pour une nouvelle \u00e9dition \u00ab\u2009printemps\u2009\u00bb du vide-greniers de l\u2019ACVB, l\u2019Association des commer\u00e7ants Vauban Breteuil.<\/p>\n<p class=\" wall-content\">V\u00eatements, jouets, accessoires, objets de d\u00e9coration\u2026 Les amateurs de brocante et tous ceux qui aiment chiner, en g\u00e9n\u00e9ral, devraient y trouver leur bonheur, le tout <strong>dans une ambiance conviviale\u2009:<\/strong> un stand buvette et restauration est pr\u00e9vu.<\/p>\n<p>Les invendus pour le Samu social<\/p>\n<p class=\" wall-content\">Pour la premi\u00e8re fois, le Samu social municipal est \u00e9galement sur place.<\/p>\n<p>Vid\u00e9os : en ce moment sur Actu<\/p>\n<blockquote class=\"ac-article-quote wall-content\">\n<p>Un camion est pr\u00e9sent pour la collecte\u00a0de v\u00eatements et un stand est mis en place afin de sensibiliser sur la condition des sans-abri \u00e0 Marseille et recueillir des dons .<\/p>\n<p>    <strong>Les organisateurs du vide-grenier, \u00e0 l&rsquo;ACVB<\/strong>\n            <\/p><\/blockquote>\n<p class=\" wall-content\">\u00c0 noter qu\u2019en fin de vide-grenier, donc aux alentours de 16h, les exposants s\u2019engagent \u00e9galement <strong>\u00e0 donner leurs invendus \u00e0 l\u2019association.<\/strong><\/p>\n<p>Infos au 0603761366<\/p>\n<p class=\" wall-content\">Suivez toute l\u2019actualit\u00e9 de vos villes et m\u00e9dias favoris en vous inscrivant \u00e0 <a href=\"https:\/\/moncompte.actu.fr\" title=\"D\u00e9couvez Mon Actu\" rel=\"nofollow noopener\" data-trk=\"{&quot;cta&quot;:{&quot;action&quot;:&quot;https:\\\/\\\/moncompte.actu.fr&quot;,&quot;category&quot;:&quot;mon compte&quot;,&quot;from&quot;:&quot;article footer&quot;,&quot;name&quot;:&quot;Mon actu&quot;,&quot;type&quot;:&quot;cta&quot;}}\" target=\"_blank\">Mon Actu<\/a>.<\/p>\n","protected":false},"excerpt":{"rendered":"Par Fabien Binacchi Publi\u00e9 le 18 mai 2025 \u00e0 9h30 C\u2019est devenu un rituel. Depuis 2023, l\u2019association des&hellip;\n","protected":false},"author":2,"featured_media":108881,"comment_status":"","ping_status":"","sticky":false,"template":"","format":"standard","meta":{"footnotes":""},"categories":[2814],"tags":[1111,11,6961,1777,674,1011,27,1652,884,12,882,25,3365],"class_list":{"0":"post-108880","1":"post","2":"type-post","3":"status-publish","4":"format-standard","5":"has-post-thumbnail","7":"category-marseille","8":"tag-actu","9":"tag-actualites","10":"tag-brocante","11":"tag-eu","12":"tag-europe","13":"tag-fr","14":"tag-france","15":"tag-loisirs-culture","16":"tag-marseille","17":"tag-news","18":"tag-provence-alpes-cote-dazur","19":"tag-republique-francaise","20":"tag-vide-greniers"},"share_on_mastodon":{"url":"https:\/\/pubeurope.com\/@fr\/114527809377005883","error":""},"_links":{"self":[{"href":"https:\/\/www.europesays.com\/fr\/wp-json\/wp\/v2\/posts\/108880","targetHints":{"allow":["GET"]}}],"collection":[{"href":"https:\/\/www.europesays.com\/fr\/wp-json\/wp\/v2\/posts"}],"about":[{"href":"https:\/\/www.europesays.com\/fr\/wp-json\/wp\/v2\/types\/post"}],"author":[{"embeddable":true,"href":"https:\/\/www.europesays.com\/fr\/wp-json\/wp\/v2\/users\/2"}],"replies":[{"embeddable":true,"href":"https:\/\/www.europesays.com\/fr\/wp-json\/wp\/v2\/comments?post=108880"}],"version-history":[{"count":0,"href":"https:\/\/www.europesays.com\/fr\/wp-json\/wp\/v2\/posts\/108880\/revisions"}],"wp:featuredmedia":[{"embeddable":true,"href":"https:\/\/www.europesays.com\/fr\/wp-json\/wp\/v2\/media\/108881"}],"wp:attachment":[{"href":"https:\/\/www.europesays.com\/fr\/wp-json\/wp\/v2\/media?parent=108880"}],"wp:term":[{"taxonomy":"category","embeddable":true,"href":"https:\/\/www.europesays.com\/fr\/wp-json\/wp\/v2\/categories?post=108880"},{"taxonomy":"post_tag","embeddable":true,"href":"https:\/\/www.europesays.com\/fr\/wp-json\/wp\/v2\/tags?post=108880"}],"curies":[{"name":"wp","href":"https:\/\/api.w.org\/{rel}","templated":true}]}}