{"id":108885,"date":"2025-05-18T08:09:08","date_gmt":"2025-05-18T08:09:08","guid":{"rendered":"https:\/\/www.europesays.com\/fr\/108885\/"},"modified":"2025-05-18T08:09:08","modified_gmt":"2025-05-18T08:09:08","slug":"la-ville-de-lyon-investit-pres-dun-million-deuros","status":"publish","type":"post","link":"https:\/\/www.europesays.com\/fr\/108885\/","title":{"rendered":"la Ville de Lyon investit pr\u00e8s d\u2019un million d\u2019euros"},"content":{"rendered":"<p>La Ville de Lyon engage un important chantier de renaturation au cimeti\u00e8re de la Guilloti\u00e8re, pour un montant estim\u00e9 \u00e0 pr\u00e8s de 900 000 euros. Objectif : d\u00e9simperm\u00e9abiliser, planter et exp\u00e9rimenter un \u00ab\u00a0carr\u00e9 naturel\u00a0\u00bb, une premi\u00e8re \u00e0 Lyon.<\/p>\n<p>Avec ses 22 hectares et ses 40 000 tombes, le cimeti\u00e8re de la Guilloti\u00e8re, r\u00e9parti entre les 7e et 8e arrondissements, est le plus vaste de Lyon. Dans un communiqu\u00e9 diffus\u00e9 ce mois-ci, la municipalit\u00e9 annonce un projet de transformation majeur, port\u00e9 par une enveloppe budg\u00e9taire de\u00a0<strong>pr\u00e8s de 900 000 euros<\/strong>.<\/p>\n<p>Ce programme s\u2019inscrit dans la continuit\u00e9 de la politique \u00e9cologique de la Ville : \u00ab\u00a0Ce projet de renaturation [&#8230;] s\u2019inscrit dans la volont\u00e9 municipale d\u2019\u00e9tendre le potentiel \u00e9cologique du parc Blandan, afin de cr\u00e9er une trame verte propice \u00e0 la biodiversit\u00e9, \u00e0 la promenade, \u00e0 la lutte contre les \u00eelots de chaleur urbains, et \u00e0 la mise en valeur du patrimoine culturel\u00a0\u00bb.\u00a0<\/p>\n<p>Concr\u00e8tement, la Ville pr\u00e9voit \u00a0: la cr\u00e9ation de deux nouvelles entr\u00e9es\u00a0dans les cimeti\u00e8res ancien et nouveau, la d\u00e9simperm\u00e9abilisation des all\u00e9es, avec la plantation de\u00a0plus de 40 arbres. Mais aussi, une promenade pi\u00e9tonne\u00a0dans le cimeti\u00e8re ancien, pens\u00e9e pour \u00eatre \u00ab\u00a0fra\u00eeche, patrimoniale et accessible \u00e0 tous\u00a0\u00bb,\u00a0et surtout,\u00a0l\u2019exp\u00e9rimentation d\u2019un \u00ab\u00a0carr\u00e9 naturel\u00a0\u00bb\u00a0dans le nouveau \u00ab\u00a0cimeti\u00e8re vert\u00a0\u00bb.<\/p>\n<p>Ce dernier point constitue une\u00a0innovation fun\u00e9raire\u00a0\u00e0 Lyon. \u00ab\u00a0Le carr\u00e9 naturel permettra &#8211; d&rsquo;ici \u00e0 la rentr\u00e9e 2025 &#8211; aux Lyonnaises et aux Lyonnais qui le souhaitent, d\u2019\u00eatre inhum\u00e9s dans une prairie, avec un impact environnemental limit\u00e9\u00a0\u00bb, indique Laurent Bosetti, adjoint au maire d\u00e9l\u00e9gu\u00e9 \u00e0 la politique fun\u00e9raire.<\/p>\n<p>\u00c0 terme, le projet entend transformer les cimeti\u00e8res min\u00e9raux en v\u00e9ritables refuges urbains pour la faune et la flore. \u00ab\u00a0La v\u00e9g\u00e9talisation, les espaces favorables \u00e0 la biodiversit\u00e9 sont b\u00e9n\u00e9fiques partout dans la ville ; et les cimeti\u00e8res ne sont pas des exceptions\u00a0\u00bb, souligne de son c\u00f4t\u00e9 Gautier Chapuis, adjoint \u00e0 la v\u00e9g\u00e9talisation.<\/p>\n<p>Si les Verts restent aux commandes en 2026, les autres cimeti\u00e8res auront droit, eux aussi, \u00e0 leur coin de verdure&#8230; \u00c0 la Guilloti\u00e8re, le chantier doit se boucler en f\u00e9vrier 2026.<\/p>\n","protected":false},"excerpt":{"rendered":"La Ville de Lyon engage un important chantier de renaturation au cimeti\u00e8re de la Guilloti\u00e8re, pour un montant&hellip;\n","protected":false},"author":2,"featured_media":108886,"comment_status":"","ping_status":"","sticky":false,"template":"","format":"standard","meta":{"footnotes":""},"categories":[1889],"tags":[1111,11,2813,2190,2430,1109,251,1112,2811,1777,674,118,1011,27,1922,1110,1114,2428,2810,12,241,316,25,2812,517,800],"class_list":{"0":"post-108885","1":"post","2":"type-post","3":"status-publish","4":"format-standard","5":"has-post-thumbnail","7":"category-lyon","8":"tag-actu","9":"tag-actualites","10":"tag-article","11":"tag-asvel","12":"tag-auvergne-rhone-alpes","13":"tag-breves","14":"tag-culture","15":"tag-depeches","16":"tag-economique","17":"tag-eu","18":"tag-europe","19":"tag-faits-divers","20":"tag-fr","21":"tag-france","22":"tag-info","23":"tag-informations","24":"tag-infos","25":"tag-lyon","26":"tag-lyonmag","27":"tag-news","28":"tag-ol","29":"tag-politique","30":"tag-republique-francaise","31":"tag-sociale","32":"tag-sport","33":"tag-transports"},"share_on_mastodon":{"url":"https:\/\/pubeurope.com\/@fr\/114527821177443267","error":""},"_links":{"self":[{"href":"https:\/\/www.europesays.com\/fr\/wp-json\/wp\/v2\/posts\/108885","targetHints":{"allow":["GET"]}}],"collection":[{"href":"https:\/\/www.europesays.com\/fr\/wp-json\/wp\/v2\/posts"}],"about":[{"href":"https:\/\/www.europesays.com\/fr\/wp-json\/wp\/v2\/types\/post"}],"author":[{"embeddable":true,"href":"https:\/\/www.europesays.com\/fr\/wp-json\/wp\/v2\/users\/2"}],"replies":[{"embeddable":true,"href":"https:\/\/www.europesays.com\/fr\/wp-json\/wp\/v2\/comments?post=108885"}],"version-history":[{"count":0,"href":"https:\/\/www.europesays.com\/fr\/wp-json\/wp\/v2\/posts\/108885\/revisions"}],"wp:featuredmedia":[{"embeddable":true,"href":"https:\/\/www.europesays.com\/fr\/wp-json\/wp\/v2\/media\/108886"}],"wp:attachment":[{"href":"https:\/\/www.europesays.com\/fr\/wp-json\/wp\/v2\/media?parent=108885"}],"wp:term":[{"taxonomy":"category","embeddable":true,"href":"https:\/\/www.europesays.com\/fr\/wp-json\/wp\/v2\/categories?post=108885"},{"taxonomy":"post_tag","embeddable":true,"href":"https:\/\/www.europesays.com\/fr\/wp-json\/wp\/v2\/tags?post=108885"}],"curies":[{"name":"wp","href":"https:\/\/api.w.org\/{rel}","templated":true}]}}