{"id":108888,"date":"2025-05-18T08:12:08","date_gmt":"2025-05-18T08:12:08","guid":{"rendered":"https:\/\/www.europesays.com\/fr\/108888\/"},"modified":"2025-05-18T08:12:08","modified_gmt":"2025-05-18T08:12:08","slug":"une-chute-de-200-m-un-alpiniste-meurt-dans-les-hautes-pyrenees","status":"publish","type":"post","link":"https:\/\/www.europesays.com\/fr\/108888\/","title":{"rendered":"\u00ab\u00a0Une chute de 200\u00a0m\u00a0\u00bb\u00a0: un alpiniste meurt dans les Hautes-Pyr\u00e9n\u00e9es"},"content":{"rendered":"<p class=\"paragraph text_align_left\">Un <a href=\"https:\/\/www.leparisien.fr\/faits-divers\/chute-de-100-m-et-douze-heures-de-marche-un-alpiniste-est-le-seul-survivant-dun-groupe-dans-un-parc-americain-14-05-2025-UUABHDN3IRHALCMYM7NUKSCZB4.php\" target=\"_self\" rel=\"nofollow noopener\">alpiniste espagnol a fait une chute<\/a> mortelle samedi dans les Hautes-Pyr\u00e9n\u00e9es, pr\u00e8s de la fronti\u00e8re avec l\u2019Espagne, a fait savoir le Peloton de gendarmerie de haute montagne (PGHM).<\/p>\n<p class=\"paragraph text_align_left\">Les secouristes ont \u00e9t\u00e9 contact\u00e9s samedi matin \u00ab pour porter secours \u00e0 un groupe d\u2019alpinistes espagnols \u00e9voluant sur l\u2019\u00e9peron Fischesser, au pic de Campbieil, sur la commune d\u2019Aragnouet \u00bb, frontali\u00e8re avec l\u2019Espagne, \u00e9crit le PGHM dans un communiqu\u00e9 diffus\u00e9 samedi soir.<\/p>\n<p class=\"paragraph text_align_left\">La victime serait \u00e2g\u00e9e de 34 ans, selon <a href=\"https:\/\/www.lasemainedespyrenees.fr\/aragnouet-un-alpiniste-espagnol-decede-apres-une-chute-de-200-metres-au-pic-de-campbieil\/\" target=\"_self\" rel=\"nofollow noopener\">La Semaine des Pyr\u00e9n\u00e9es<\/a>.<\/p>\n<p>\u00ab Un membre a d\u00e9viss\u00e9 \u00bb<\/p>\n<p class=\"paragraph text_align_left\">\u00ab Le groupe progressait sur l\u2019ar\u00eate lorsqu\u2019un de ses membres a d\u00e9viss\u00e9 et chut\u00e9 sur environ 200 m \u00bb, poursuit-il, ajoutant que les tentatives de r\u00e9animation ont \u00e9t\u00e9 vaines.<\/p>\n<p class=\"lp-card-podcast-highlighting__title lp-f-subtitle-05\">Affaire Fiona\u00a0: une fillette disparue\u2026 et l\u2019ombre du mensonge<\/p>\n<p class=\"lp-card-podcast-highlighting__description lp-f-ui-05\">Crime story raconte chaque semaine les grandes affaires criminelles.<\/p>\n<p><a class=\"lp-card-podcast-highlighting__call-to-action\" data-page-type=\"HP\" data-block-name=\"podcast-highlight\">\u00c9couter<\/a><\/p>\n<p class=\"paragraph text_align_left\">Une enqu\u00eate a \u00e9t\u00e9 ouverte afin de d\u00e9terminer les circonstances pr\u00e9cises de l\u2019accident.<\/p>\n","protected":false},"excerpt":{"rendered":"Un alpiniste espagnol a fait une chute mortelle samedi dans les Hautes-Pyr\u00e9n\u00e9es, pr\u00e8s de la fronti\u00e8re avec l\u2019Espagne,&hellip;\n","protected":false},"author":2,"featured_media":108889,"comment_status":"","ping_status":"","sticky":false,"template":"","format":"standard","meta":{"footnotes":""},"categories":[1888],"tags":[1111,1928,11,1927,459,1777,674,118,1011,27,12,1926,626,1925,25],"class_list":{"0":"post-108888","1":"post","2":"type-post","3":"status-publish","4":"format-standard","5":"has-post-thumbnail","7":"category-paris","8":"tag-actu","9":"tag-actu-paris","10":"tag-actualites","11":"tag-actualites-paris","12":"tag-departements-horsidfo","13":"tag-eu","14":"tag-europe","15":"tag-faits-divers","16":"tag-fr","17":"tag-france","18":"tag-news","19":"tag-news-paris","20":"tag-paris","21":"tag-paris-news","22":"tag-republique-francaise"},"share_on_mastodon":{"url":"https:\/\/pubeurope.com\/@fr\/114527832876669203","error":""},"_links":{"self":[{"href":"https:\/\/www.europesays.com\/fr\/wp-json\/wp\/v2\/posts\/108888","targetHints":{"allow":["GET"]}}],"collection":[{"href":"https:\/\/www.europesays.com\/fr\/wp-json\/wp\/v2\/posts"}],"about":[{"href":"https:\/\/www.europesays.com\/fr\/wp-json\/wp\/v2\/types\/post"}],"author":[{"embeddable":true,"href":"https:\/\/www.europesays.com\/fr\/wp-json\/wp\/v2\/users\/2"}],"replies":[{"embeddable":true,"href":"https:\/\/www.europesays.com\/fr\/wp-json\/wp\/v2\/comments?post=108888"}],"version-history":[{"count":0,"href":"https:\/\/www.europesays.com\/fr\/wp-json\/wp\/v2\/posts\/108888\/revisions"}],"wp:featuredmedia":[{"embeddable":true,"href":"https:\/\/www.europesays.com\/fr\/wp-json\/wp\/v2\/media\/108889"}],"wp:attachment":[{"href":"https:\/\/www.europesays.com\/fr\/wp-json\/wp\/v2\/media?parent=108888"}],"wp:term":[{"taxonomy":"category","embeddable":true,"href":"https:\/\/www.europesays.com\/fr\/wp-json\/wp\/v2\/categories?post=108888"},{"taxonomy":"post_tag","embeddable":true,"href":"https:\/\/www.europesays.com\/fr\/wp-json\/wp\/v2\/tags?post=108888"}],"curies":[{"name":"wp","href":"https:\/\/api.w.org\/{rel}","templated":true}]}}