{"id":108900,"date":"2025-05-18T08:18:08","date_gmt":"2025-05-18T08:18:08","guid":{"rendered":"https:\/\/www.europesays.com\/fr\/108900\/"},"modified":"2025-05-18T08:18:08","modified_gmt":"2025-05-18T08:18:08","slug":"tesla-passe-en-mode-panique-aux-etats-unis","status":"publish","type":"post","link":"https:\/\/www.europesays.com\/fr\/108900\/","title":{"rendered":"Tesla passe en mode panique aux \u00c9tats-Unis"},"content":{"rendered":"\n<p><strong><a href=\"https:\/\/mobiwisy.fr\/marque\/tesla\" data-internallinksmanager029f6b8e52c=\"37\" title=\"Tesla\" data-wpel-link=\"internal\" target=\"_blank\" rel=\"noopener\">Tesla<\/a> redouble d\u2019efforts pour stimuler ses ventes aux \u00c9tats-Unis et en Europe, face \u00e0 une demande en chute libre.<\/strong><\/p>\n<p>Ces chiffres catastrophiques illustrent un d\u00e9samour croissant du public pour Tesla. Ces mesures r\u00e9v\u00e8lent donc implicitement que le constructeur commence \u00e0 reconna\u00eetre les cons\u00e9quences \u00e0 long terme de son image \u00e9corn\u00e9e.<\/p>\n<p>Cette semaine, Tesla a \u00e9largi son programme de rabais, auparavant r\u00e9serv\u00e9 aux militaires et fonctionnaires am\u00e9ricains (merci tonton Trump!, \u00e0 d\u2019autres groupes : \u00e9tudiants, enseignants, primo acqu\u00e9reurs, retrait\u00e9s et leurs familles. Ce n\u2019est pas compliqu\u00e9, une r\u00e9duction de 1 000 dollars s\u2019applique d\u00e9sormais \u00e0 quasiment toute la gamme de v\u00e9hicules neufs.<\/p>\n<p>En parall\u00e8le, Tesla a contact\u00e9 les d\u00e9tenteurs de pr\u00e9commandes du Cybertruck, les pressant de confirmer leur achat avant le 15 juin 2025 pour maintenir un tarif pr\u00e9f\u00e9rentiel de 7 000 dollars sur l\u2019option de Conduite Autonome Supervis\u00e9e (FSD). Pass\u00e9e cette date, le prix augmentera \u00e0 8 000 dollars. Pour le coup, il faudra certainement faire beaucoup mieux car le Cybertruck, autrefois vu comme une r\u00e9volution, peine \u00e0 convaincre et reste un \u00e9chec commercial.<\/p>\n<p><strong>Tesla USA sur le mod\u00e8le europ\u00e9en<\/strong><\/p>\n<p>Au-del\u00e0 des \u00c9tats-Unis, Tesla d\u00e9ploie des mesures similaires \u00e0 celles utilis\u00e9es r\u00e9guli\u00e8rement en Europe, et particuli\u00e8rement chez nous en France, o\u00f9 la marque rencontre \u00e9galement des difficult\u00e9s. Le constructeur propose un financement exceptionnel \u00e0 taux 0 % sur l\u2019ensemble de sa gamme, une offre inhabituelle au pays de l\u2019Oncle Sam qui t\u00e9moigne d\u2019un besoin urgent de relancer les ventes. Ces incitations illustrent un probl\u00e8me de fond : m\u00eame en r\u00e9duisant les co\u00fbts pour les clients, Tesla peine \u00e0 inverser la tendance.<\/p>\n<p>L\u2019image de la marque est au c\u0153ur du probl\u00e8me. Une lettre ouverte, r\u00e9cemment publi\u00e9e par des employ\u00e9s, appelle \u00e0 la d\u00e9mission d\u2019Elon Musk, accus\u00e9 d\u2019avoir gravement terni la r\u00e9putation de l\u2019entreprise. Les scandales et les pol\u00e9miques qui entourent le PDG ont \u00e9loign\u00e9 de nombreux consommateurs autrefois fid\u00e8les.<\/p>\n<p>Les d\u00e9g\u00e2ts ne sont pas uniquement financiers. Tesla voit son aura d\u2019innovateur se fragiliser, un risque qui pourrait compromettre son avenir \u00e0 long terme. Ces mesures agressives pour stimuler la demande ne suffisent pas \u00e0 masquer une r\u00e9alit\u00e9 inqui\u00e9tante : si la marque n\u2019affronte pas ces d\u00e9fis structurels, elle pourrait perdre son r\u00f4le de leader dans le secteur des v\u00e9hicules \u00e9lectriques, face \u00e0 des concurrents de plus en plus nombreux et performants.<\/p>\n<p><strong>\u00c0 LIRE AUSSI : <a href=\"https:\/\/mobiwisy.fr\/innovation\/video-une-tesla-autonome-survit-place-de-l-etoile\" data-wpel-link=\"internal\" target=\"_blank\" rel=\"noopener\">VID\u00c9O \u2013 Une Tesla autonome survit Place de l\u2019\u00c9toile<\/a><\/strong><\/p>\n","protected":false},"excerpt":{"rendered":"Tesla redouble d\u2019efforts pour stimuler ses ventes aux \u00c9tats-Unis et en Europe, face \u00e0 une demande en chute&hellip;\n","protected":false},"author":2,"featured_media":108901,"comment_status":"","ping_status":"","sticky":false,"template":"","format":"standard","meta":{"footnotes":""},"categories":[1589],"tags":[11,11662,73,1866,12,1115,320,1864,1865,1863,308],"class_list":{"0":"post-108900","1":"post","2":"type-post","3":"status-publish","4":"format-standard","5":"has-post-thumbnail","7":"category-etats-unis","8":"tag-actualites","9":"tag-credit","10":"tag-etats-unis","11":"tag-etats-unis-damerique","12":"tag-news","13":"tag-taux","14":"tag-tesla","15":"tag-united-states","16":"tag-united-states-of-america","17":"tag-us","18":"tag-usa"},"share_on_mastodon":{"url":"https:\/\/pubeurope.com\/@fr\/114527856413999672","error":""},"_links":{"self":[{"href":"https:\/\/www.europesays.com\/fr\/wp-json\/wp\/v2\/posts\/108900","targetHints":{"allow":["GET"]}}],"collection":[{"href":"https:\/\/www.europesays.com\/fr\/wp-json\/wp\/v2\/posts"}],"about":[{"href":"https:\/\/www.europesays.com\/fr\/wp-json\/wp\/v2\/types\/post"}],"author":[{"embeddable":true,"href":"https:\/\/www.europesays.com\/fr\/wp-json\/wp\/v2\/users\/2"}],"replies":[{"embeddable":true,"href":"https:\/\/www.europesays.com\/fr\/wp-json\/wp\/v2\/comments?post=108900"}],"version-history":[{"count":0,"href":"https:\/\/www.europesays.com\/fr\/wp-json\/wp\/v2\/posts\/108900\/revisions"}],"wp:featuredmedia":[{"embeddable":true,"href":"https:\/\/www.europesays.com\/fr\/wp-json\/wp\/v2\/media\/108901"}],"wp:attachment":[{"href":"https:\/\/www.europesays.com\/fr\/wp-json\/wp\/v2\/media?parent=108900"}],"wp:term":[{"taxonomy":"category","embeddable":true,"href":"https:\/\/www.europesays.com\/fr\/wp-json\/wp\/v2\/categories?post=108900"},{"taxonomy":"post_tag","embeddable":true,"href":"https:\/\/www.europesays.com\/fr\/wp-json\/wp\/v2\/tags?post=108900"}],"curies":[{"name":"wp","href":"https:\/\/api.w.org\/{rel}","templated":true}]}}