{"id":108910,"date":"2025-05-18T08:23:08","date_gmt":"2025-05-18T08:23:08","guid":{"rendered":"https:\/\/www.europesays.com\/fr\/108910\/"},"modified":"2025-05-18T08:23:08","modified_gmt":"2025-05-18T08:23:08","slug":"pour-lintronisation-de-leon-xiv-une-foule-de-fideles-et-de-dirigeants-etrangers-a-rome","status":"publish","type":"post","link":"https:\/\/www.europesays.com\/fr\/108910\/","title":{"rendered":"Pour l\u2019intronisation de L\u00e9on XIV, une foule de fid\u00e8les et de dirigeants \u00e9trangers \u00e0 Rome"},"content":{"rendered":"<p>\u00c0 9 heures, le Pape a pris son premier bain de foule en papamobile, place Saint-Pierre.<\/p>\n<p class=\"fig-paragraph\">Dix jours apr\u00e8s son \u00e9lection \u00e0 la t\u00eate de l&rsquo;\u00c9glise catholique,\u00a0<a href=\"http:\/\/www.lefigaro.fr\/actualite-france\/qui-est-vraiment-leon-xiv-les-extraits-exclusifs-de-sa-premiere-biographie-20250515\" data-fig-type=\"Article\" data-gtm-custom-categorie=\"navigation\" data-gtm-custom-action=\"crossclick\" data-gtm-custom-label=\"Contextuel\" data-gtm-event=\"customEventSPE\" data-fig-domain=\"LEFIGARO\" target=\"_blank\" rel=\"noopener\">L\u00e9on XIV<\/a>\u00a0c\u00e9l\u00e8bre dimanche au Vatican la messe d&rsquo;inauguration de son pontificat, en pr\u00e9sence de dizaines de milliers de fid\u00e8les et de dirigeants \u00e9trangers dont le vice-pr\u00e9sident am\u00e9ricain JD Vance. \u00c0 9 heures, il a pris son premier bain de foule en papamobile place Saint-Pierre.<\/p>\n<p class=\"fig-paragraph\">Cette messe solennelle riche en rites et symboles, qui d\u00e9bute \u00e0 10 heures, encadr\u00e9e par un lourd dispositif de s\u00e9curit\u00e9, marque le d\u00e9but officiel du pontificat du premier pape am\u00e9ricain de l&rsquo;histoire deux fois mill\u00e9naire de l&rsquo;\u00c9glise catholique.<\/p>\n<p>Son hom\u00e9lie devrait donner le ton de son pontificat<\/p>\n<p class=\"fig-paragraph\">Robert Francis Prevost, 69 ans, \u00e9lu le 8 mai apr\u00e8s un conclave de 24 heures, y recevra \u00e0 cette occasion les embl\u00e8mes pontificaux, le pallium, bande d&rsquo;\u00e9toffe qui se porte sur la chasuble, et l&rsquo;anneau du p\u00eacheur, une bague rendue inutilisable apr\u00e8s la mort de chaque pape.<\/p>\n<p class=\"fig-paragraph\">Son hom\u00e9lie devrait donner\u00a0<a href=\"http:\/\/www.lefigaro.fr\/actualite-france\/quel-pape-sera-leon-xiv-les-reponses-de-notre-specialiste-jean-marie-guenois-a-43-questions-posees-par-les-lecteurs-du-figaro-20250515\" data-fig-type=\"Article\" data-gtm-custom-categorie=\"navigation\" data-gtm-custom-action=\"crossclick\" data-gtm-custom-label=\"Contextuel\" data-gtm-event=\"customEventSPE\" data-fig-domain=\"LEFIGARO\" target=\"_blank\" rel=\"noopener\">le ton de son pontificat<\/a>, au terme d&rsquo;une premi\u00e8re semaine charg\u00e9e lors de laquelle il a appel\u00e9 \u00e0 la paix, au dialogue et \u00e0 davantage de justice sociale.<\/p>\n<p>    L\u00e9on XIV ce dimanche matin \u00e0 Rome.<br \/>\n                Yara Nardi \/ REUTERS<\/p>\n<p>JD Vance et Marco Rubio<\/p>\n<p class=\"fig-paragraph\">Le vice-pr\u00e9sident am\u00e9ricain JD Vance &#8211;\u00a0<a href=\"http:\/\/www.lefigaro.fr\/c-est-assez-fou-jd-vance-evoque-sa-rencontre-avec-le-pape-moins-de-24-heures-avant-son-deces-20250423\" data-fig-type=\"NewsFlash\" data-gtm-custom-categorie=\"navigation\" data-gtm-custom-action=\"crossclick\" data-gtm-custom-label=\"Contextuel\" data-gtm-event=\"customEventSPE\" data-fig-domain=\"LEFIGARO\" target=\"_blank\" rel=\"noopener\">dernier dirigeant \u00e0 rencontrer le pape Fran\u00e7ois<\/a>, le 20 avril \u00e0 la veille de sa mort &#8211; sera pr\u00e9sent aux c\u00f4t\u00e9s du secr\u00e9taire d&rsquo;\u00c9tat Marco Rubio, ces deux responsables \u00e9tant d&rsquo;ailleurs de fervents catholiques.<\/p>\n<p class=\"fig-paragraph\">L&rsquo;\u00e9lection de L\u00e9on XIV, natif de Chicago, a suscit\u00e9 un vif enthousiasme aux \u00c9tats-Unis m\u00eame s&rsquo;il s&rsquo;\u00e9tait oppos\u00e9 \u00e0 la politique antimigratoire de l&rsquo;administration Trump, notamment sur son compte X, supprim\u00e9 depuis.<\/p>\n<p class=\"fig-paragraph\">Sont \u00e9galement attendus les pr\u00e9sidents ukrainien Volodymyr Zelensky, isra\u00e9lien Isaac Herzog et nig\u00e9rian Bola Ahmed Tinubu, ainsi que leur homologue p\u00e9ruvienne Dina Boluarte. Le chancelier allemand Friedrich Merz, le Premier ministre fran\u00e7ais Fran\u00e7ois Bayrou, la cheffe du gouvernement italien Giorgia Meloni et la pr\u00e9sidente de la Commission europ\u00e9enne Ursula von der Leyen seront aussi place Saint-Pierre.<\/p>\n<p>C\u00e9r\u00e9monial millim\u00e9tr\u00e9<\/p>\n<p>    L\u00e9on XIV sur la papamobile, ce dimanche matin \u00e0 Rome.<br \/>\n                Yara Nardi \/ REUTERS<\/p>\n<p class=\"fig-paragraph\">Du c\u00f4t\u00e9 des t\u00eates couronn\u00e9es, le roi et la reine Philippe et Mathilde de Belgique, Felipe VI et Letizia d&rsquo;Espagne, le prince Edouard d&rsquo;Edimbourg ont, entre autres, annonc\u00e9 leur pr\u00e9sence.<\/p>\n<p class=\"fig-paragraph\">Bien qu&rsquo;aucun pape n&rsquo;ait \u00e9t\u00e9 couronn\u00e9 lors d&rsquo;une messe d&rsquo;investiture depuis Paul VI en 1963, l&rsquo;\u00e9v\u00e9nement demeure grandiose et empreint de traditions.<\/p>\n<p class=\"fig-paragraph\">Apr\u00e8s s&rsquo;\u00eatre recueilli devant le tombeau de Saint Pierre, sous l&rsquo;autel central de la basilique, le nouveau guide spirituel des 1,4 milliard de catholiques se rendra en procession jusqu&rsquo;\u00e0 la place pour la messe c\u00e9l\u00e9br\u00e9e en plusieurs langues et retransmise en direct en mondovision.<\/p>\n<p class=\"fig-paragraph\">\u00c0 l&rsquo;issue de la c\u00e9r\u00e9monie, le pape saluera une par une les d\u00e9l\u00e9gations des chefs d&rsquo;\u00c9tat \u00e0 l&rsquo;int\u00e9rieur de la plus grande \u00e9glise du monde.<\/p>\n<p>5.000 membres des forces de l\u2019ordre<\/p>\n<p class=\"fig-paragraph\">Comme pour les fun\u00e9railles de Fran\u00e7ois le 26 avril, les autorit\u00e9s italiennes ont annonc\u00e9 des mesures de s\u00e9curit\u00e9 drastiques avec 5.000 membres des forces de l&rsquo;ordre et 2.000 volontaires de la protection civile d\u00e9ploy\u00e9s dans la capitale italienne. Des tireurs d&rsquo;\u00e9lite, des plongeurs, une couverture a\u00e9rienne de l&rsquo;arm\u00e9e de l&rsquo;air et des op\u00e9rations anti-drones seront \u00e9galement mis en place.<\/p>\n<p class=\"fig-paragraph\">Les fid\u00e8les et visiteurs qui ne pourront pas acc\u00e9der \u00e0 la place pourront suivre la c\u00e9r\u00e9monie sur des \u00e9crans g\u00e9ants install\u00e9s sur la Via dalle Conciliation, la grande avenue menant au Vatican.<\/p>\n<p class=\"fig-paragraph\">Au cours de sa premi\u00e8re semaine en tant que pape, L\u00e9on XIV a profit\u00e9 de ses audiences pour lancer ses premiers appels, de la lib\u00e9ration des journalistes emprisonn\u00e9s \u00e0 la proposition de m\u00e9diation aux bellig\u00e9rants du monde entier.<\/p>\n<p class=\"fig-paragraph\">Devant le corps diplomatique vendredi, il a insist\u00e9 sur<a href=\"http:\/\/www.lefigaro.fr\/actualite-france\/la-dignite-et-la-famille-piliers-de-paix-et-vecteurs-de-la-justice-sociale-dans-le-monde-pour-leon-xiv-20250516\" data-fig-type=\"Article\" data-gtm-custom-categorie=\"navigation\" data-gtm-custom-action=\"crossclick\" data-gtm-custom-label=\"Contextuel\" data-gtm-event=\"customEventSPE\" data-fig-domain=\"LEFIGARO\" target=\"_blank\" rel=\"noopener\">\u00a0son engagement social<\/a>\u00a0et appel\u00e9 \u00e0 lutter contre les \u00abin\u00e9galit\u00e9s mondiales\u00bb et les \u00abconditions de travail indignes\u00bb, dans la lign\u00e9e de L\u00e9on XIII (1878-1903), artisan de la doctrine sociale de l&rsquo;\u00c9glise.<\/p>\n<p class=\"fig-paragraph\">Sur une note plus l\u00e9g\u00e8re, le pape, passionn\u00e9 de tennis, a \u00e9galement re\u00e7u au Vatican le N.1 mondial, l&rsquo;Italien Jannik Sinner, qui lui a offert une raquette.<\/p>\n","protected":false},"excerpt":{"rendered":"\u00c0 9 heures, le Pape a pris son premier bain de foule en papamobile, place Saint-Pierre. Dix jours&hellip;\n","protected":false},"author":2,"featured_media":108911,"comment_status":"","ping_status":"","sticky":false,"template":"","format":"standard","meta":{"footnotes":""},"categories":[2],"tags":[47,1058,1054,1059,1060,1055,11,1057,118,1011,27,1061,303,12,1062,25,656,104,1056,809],"class_list":{"0":"post-108910","1":"post","2":"type-post","3":"status-publish","4":"format-standard","5":"has-post-thumbnail","7":"category-actualites","8":"tag-actualite","9":"tag-actualite-education","10":"tag-actualite-france","11":"tag-actualite-justice","12":"tag-actualite-securite","13":"tag-actualite-societe","14":"tag-actualites","15":"tag-education","16":"tag-faits-divers","17":"tag-fr","18":"tag-france","19":"tag-immigration","20":"tag-justice","21":"tag-news","22":"tag-polemique","23":"tag-republique-francaise","24":"tag-securite","25":"tag-societe","26":"tag-societe-francaise","27":"tag-violence"},"share_on_mastodon":{"url":"https:\/\/pubeurope.com\/@fr\/114527876203422978","error":""},"_links":{"self":[{"href":"https:\/\/www.europesays.com\/fr\/wp-json\/wp\/v2\/posts\/108910","targetHints":{"allow":["GET"]}}],"collection":[{"href":"https:\/\/www.europesays.com\/fr\/wp-json\/wp\/v2\/posts"}],"about":[{"href":"https:\/\/www.europesays.com\/fr\/wp-json\/wp\/v2\/types\/post"}],"author":[{"embeddable":true,"href":"https:\/\/www.europesays.com\/fr\/wp-json\/wp\/v2\/users\/2"}],"replies":[{"embeddable":true,"href":"https:\/\/www.europesays.com\/fr\/wp-json\/wp\/v2\/comments?post=108910"}],"version-history":[{"count":0,"href":"https:\/\/www.europesays.com\/fr\/wp-json\/wp\/v2\/posts\/108910\/revisions"}],"wp:featuredmedia":[{"embeddable":true,"href":"https:\/\/www.europesays.com\/fr\/wp-json\/wp\/v2\/media\/108911"}],"wp:attachment":[{"href":"https:\/\/www.europesays.com\/fr\/wp-json\/wp\/v2\/media?parent=108910"}],"wp:term":[{"taxonomy":"category","embeddable":true,"href":"https:\/\/www.europesays.com\/fr\/wp-json\/wp\/v2\/categories?post=108910"},{"taxonomy":"post_tag","embeddable":true,"href":"https:\/\/www.europesays.com\/fr\/wp-json\/wp\/v2\/tags?post=108910"}],"curies":[{"name":"wp","href":"https:\/\/api.w.org\/{rel}","templated":true}]}}