{"id":108912,"date":"2025-05-18T08:24:08","date_gmt":"2025-05-18T08:24:08","guid":{"rendered":"https:\/\/www.europesays.com\/fr\/108912\/"},"modified":"2025-05-18T08:24:08","modified_gmt":"2025-05-18T08:24:08","slug":"die-my-love-file-le-mal-de-mere-liberation","status":"publish","type":"post","link":"https:\/\/www.europesays.com\/fr\/108912\/","title":{"rendered":"\u00abDie, My Love\u00bb file le mal de m\u00e8re \u2013 Lib\u00e9ration"},"content":{"rendered":"<p class=\"sc-ksZaOG ehjQrN text-element\">C\u2019est l\u2019histoire de Grace, \u00e9crivaine et jeune m\u00e8re, qui glisse peu \u00e0 peu dans la folie. Claquemur\u00e9e dans une vieille maison du Montana et ses alentours, on la voit agir de mani\u00e8re de plus en plus agit\u00e9e et erratique, laissant de plus en plus inquiets et impuissants son compagnon, Jackson, et de plus en plus stup\u00e9fait le spectateur, au gr\u00e9 des grimaces, contorsions, rugissements bestiaux et acc\u00e8s de violence verbale et physique qu\u2019elle s\u2019inflige ou inflige aux autres.<\/p>\n<p class=\"sc-ksZaOG ehjQrN text-element\">On aura lu ici ou l\u00e0 que Die, My Love, adapt\u00e9 de Cr\u00e8ve, mon amour (2012), le premier roman de l\u2019\u00e9crivaine argentine Ariana Harwicz, traite de la d\u00e9pression post-partum. Mais le film de Lynne Ramsay, dont on sait depuis <a href=\"https:\/\/www.liberation.fr\/cinema\/2011\/09\/28\/decime-moi-un-mouton_764082\/\" target=\"_blank\" rel=\"noreferrer noopener\" title=\"https:\/\/www.liberation.fr\/cinema\/2011\/09\/28\/decime-moi-un-mouton_764082\/\">son adaptation du We Need to Talk About Kevin<\/a> de Lionel Shriver le go\u00fbt pour la cruaut\u00e9 enfouie au creux des relations intimes, est tout sauf un film dossier \u00e9difiant. C\u2019est plut\u00f4t un bad trip en roue libre, n\u00e9o R\u00e9pulsion vaguement panth\u00e9iste agit\u00e9 par les soubresauts d\u2019un romanesque instable et tr\u00e8s sommaire qui finit en r\u00e9ceptacle pubard \u00e0 la performance tonitruante d\u2019une Jennifer Lawrence plus marketable que jamais en h\u00e9riti\u00e8re glamour de Gena Rowlands.<\/p>\n<p class=\"sc-ksZaOG ehjQrN text-element\">Difficile par ailleurs de minimiser l\u2019effort de la star qui se donne \u00e0 fond et impressionne ici et l\u00e0, surtout quand son<\/p>\n","protected":false},"excerpt":{"rendered":"C\u2019est l\u2019histoire de Grace, \u00e9crivaine et jeune m\u00e8re, qui glisse peu \u00e0 peu dans la folie. Claquemur\u00e9e dans&hellip;\n","protected":false},"author":2,"featured_media":108913,"comment_status":"","ping_status":"","sticky":false,"template":"","format":"standard","meta":{"footnotes":""},"categories":[2],"tags":[11,5634,1011,27,12,25],"class_list":{"0":"post-108912","1":"post","2":"type-post","3":"status-publish","4":"format-standard","5":"has-post-thumbnail","7":"category-actualites","8":"tag-actualites","9":"tag-festival-de-cannes","10":"tag-fr","11":"tag-france","12":"tag-news","13":"tag-republique-francaise"},"share_on_mastodon":{"url":"https:\/\/pubeurope.com\/@fr\/114527880235627993","error":""},"_links":{"self":[{"href":"https:\/\/www.europesays.com\/fr\/wp-json\/wp\/v2\/posts\/108912","targetHints":{"allow":["GET"]}}],"collection":[{"href":"https:\/\/www.europesays.com\/fr\/wp-json\/wp\/v2\/posts"}],"about":[{"href":"https:\/\/www.europesays.com\/fr\/wp-json\/wp\/v2\/types\/post"}],"author":[{"embeddable":true,"href":"https:\/\/www.europesays.com\/fr\/wp-json\/wp\/v2\/users\/2"}],"replies":[{"embeddable":true,"href":"https:\/\/www.europesays.com\/fr\/wp-json\/wp\/v2\/comments?post=108912"}],"version-history":[{"count":0,"href":"https:\/\/www.europesays.com\/fr\/wp-json\/wp\/v2\/posts\/108912\/revisions"}],"wp:featuredmedia":[{"embeddable":true,"href":"https:\/\/www.europesays.com\/fr\/wp-json\/wp\/v2\/media\/108913"}],"wp:attachment":[{"href":"https:\/\/www.europesays.com\/fr\/wp-json\/wp\/v2\/media?parent=108912"}],"wp:term":[{"taxonomy":"category","embeddable":true,"href":"https:\/\/www.europesays.com\/fr\/wp-json\/wp\/v2\/categories?post=108912"},{"taxonomy":"post_tag","embeddable":true,"href":"https:\/\/www.europesays.com\/fr\/wp-json\/wp\/v2\/tags?post=108912"}],"curies":[{"name":"wp","href":"https:\/\/api.w.org\/{rel}","templated":true}]}}