{"id":108914,"date":"2025-05-18T08:25:09","date_gmt":"2025-05-18T08:25:09","guid":{"rendered":"https:\/\/www.europesays.com\/fr\/108914\/"},"modified":"2025-05-18T08:25:09","modified_gmt":"2025-05-18T08:25:09","slug":"cest-une-belle-surprise","status":"publish","type":"post","link":"https:\/\/www.europesays.com\/fr\/108914\/","title":{"rendered":"C&rsquo;est une belle surprise !"},"content":{"rendered":"<p>            Par<br \/>\n        <strong><br \/>\n            <a href=\"https:\/\/actu.fr\/auteur\/salomee-tafforeau\" title=\"Consulter tous les articles de Salomee Tafforeau\" rel=\"nofollow noopener\" target=\"_blank\">Salomee Tafforeau<\/a><br \/>\n        <\/strong><\/p>\n<p>        Publi\u00e9 le<\/p>\n<p>            18 mai 2025 \u00e0 10h12        <\/p>\n<p><strong>L\u2019H\u00f4tel de France<\/strong> <a href=\"https:\/\/actu.fr\/occitanie\/auch_32013\" rel=\"nofollow noopener\" target=\"_blank\">d\u2019<strong>Auch<\/strong> <\/a>(<strong><a href=\"https:\/\/actu.fr\/occitanie\/gers_32\" rel=\"nofollow noopener\" target=\"_blank\">Gers<\/a><\/strong>) a le sens de l\u2019accueil. Et un troph\u00e9e pour le prouver. Ce lundi 12 mai 2025, le c\u00e9l\u00e8bre guide gastronomique <a href=\"https:\/\/www.gaultmillau.org\/\" rel=\"nofollow noopener\" target=\"_blank\">Gault-Millau<\/a> pr\u00e9sentait son \u00e9dition 2025 consacr\u00e9e \u00e0 la r\u00e9gion Occitanie Andorre.<\/p>\n<p class=\" wall-content\">\u00c0 cette occasion, l\u2019H\u00f4tel de France d\u2019Auch s\u2019est vu remettre le prix du <a href=\"https:\/\/actu.fr\/occitanie\/auch_32013\/gastronomie-voici-les-douze-restaurants-sacres-par-le-gault-amp-millau-en-occitanie_62614430.html\" rel=\"nofollow noopener\" target=\"_blank\">\u00ab\u2009meilleur accueil r\u00e9gional\u2009\u00bb<\/a> avec une note globale de <strong>14,5\/20<\/strong>, qui lui permet de s\u2019inscrire au palmar\u00e8s des \u00ab\u2009<strong>Tables de chef\u2009<\/strong>\u00bb. Un <a href=\"https:\/\/fr.gaultmillau.com\/fr\/itineraries\/occ\/48-heures-dans-le-gers\" rel=\"nofollow noopener\" target=\"_blank\"><strong>record<\/strong>\u00a0<\/a>pour le d\u00e9partement, la deuxi\u00e8me meilleure note \u00e9tant de 14 pour le <a href=\"https:\/\/fr.gaultmillau.com\/fr\/restaurant\/le-florida-restaurant\" rel=\"nofollow noopener\" target=\"_blank\">Florida<\/a> \u00e0 Cast\u00e9ra-Verduzan.<\/p>\n<p>Une histoire familiale<\/p>\n<p class=\" wall-content\">L\u2019ingr\u00e9dient principal derri\u00e8re le succ\u00e8s de l\u2019H\u00f4tel d\u2019Auch\u2009? La famille. \u00c0 sa t\u00eate se trouvent en effet les Casassus, d\u00e9j\u00e0 tenanciers de l\u2019h\u00f4tel restaurant Dupont de <strong>Castelnau-Magnoac<\/strong>. Respectivement directeur, chef cuisinier et chef P\u00e2tissier, Bruno, Vincent et Fabien ont salu\u00e9 cette \u00ab\u2009<strong>bien belle surprise<\/strong> venant couronner le travail de la famille et de toute l\u2019\u00e9quipe\u2009\u00bb.<\/p>\n<p>    <a href=\"https:\/\/www.facebook.com\/plugins\/post.php?href=https%3A%2F%2Fwww.facebook.com%2Fhoteldefranceauch%2Fposts%2Fpfbid03hjS8sjfcgQR32U57CjZoiR3Y7qBdK7q7aTGBeCSSy31HWDRuXYodrN8GiYEkqPvl&amp;show_text=true&amp;width=350\" title=\"Ouvrie le lien\" rel=\"nofollow noopener\" target=\"_blank\">Cliquez ici pour visualiser le contenu<\/a><\/p>\n<p>Vid\u00e9os : en ce moment sur Actu<\/p>\n<p class=\" wall-content\">Une r\u00e9ussite qui participe non seulement au rayonnement d\u2019<strong>Auch<\/strong>, mais aussi \u00e0 celui du d\u00e9partement gersois et de toute la gastronomie et le savoir-vivre en Occitanie.<\/p>\n<p>H\u00f4tel de France. Place de la Lib\u00e9ration \u00e0 Auch (<strong>Gers<\/strong>). T\u00e9l. 05 62 61 71 71. Courriel : <a href=\"http:\/\/actu.fr\/cdn-cgi\/l\/email-protection#3754585943565443775f5843525b53525145565954521a5642545f1954585a\" rel=\"nofollow noopener\" target=\"_blank\">[email\u00a0protected].<\/a>\u00a0Plus d\u2019informations sur <a href=\"https:\/\/www.hoteldefrance-auch.com\/\" rel=\"nofollow noopener\" target=\"_blank\">le site internet de l\u2019\u00e9tablissement<\/a>.<\/p>\n<p class=\" wall-content\">Suivez toute l\u2019actualit\u00e9 de vos villes et m\u00e9dias favoris en vous inscrivant \u00e0 <a href=\"https:\/\/moncompte.actu.fr\" title=\"D\u00e9couvez Mon Actu\" rel=\"nofollow noopener\" data-trk=\"{&quot;cta&quot;:{&quot;action&quot;:&quot;https:\\\/\\\/moncompte.actu.fr&quot;,&quot;category&quot;:&quot;mon compte&quot;,&quot;from&quot;:&quot;article footer&quot;,&quot;name&quot;:&quot;Mon actu&quot;,&quot;type&quot;:&quot;cta&quot;}}\" target=\"_blank\">Mon Actu<\/a>.<\/p>\n","protected":false},"excerpt":{"rendered":"Par Salomee Tafforeau Publi\u00e9 le 18 mai 2025 \u00e0 10h12 L\u2019H\u00f4tel de France d\u2019Auch (Gers) a le sens&hellip;\n","protected":false},"author":2,"featured_media":108915,"comment_status":"","ping_status":"","sticky":false,"template":"","format":"standard","meta":{"footnotes":""},"categories":[4],"tags":[11,902,1011,27,1661,1652,12,25,1340],"class_list":{"0":"post-108914","1":"post","2":"type-post","3":"status-publish","4":"format-standard","5":"has-post-thumbnail","7":"category-france","8":"tag-actualites","9":"tag-cuisine","10":"tag-fr","11":"tag-france","12":"tag-gastronomie","13":"tag-loisirs-culture","14":"tag-news","15":"tag-republique-francaise","16":"tag-restaurant"},"share_on_mastodon":{"url":"https:\/\/pubeurope.com\/@fr\/114527884056504442","error":""},"_links":{"self":[{"href":"https:\/\/www.europesays.com\/fr\/wp-json\/wp\/v2\/posts\/108914","targetHints":{"allow":["GET"]}}],"collection":[{"href":"https:\/\/www.europesays.com\/fr\/wp-json\/wp\/v2\/posts"}],"about":[{"href":"https:\/\/www.europesays.com\/fr\/wp-json\/wp\/v2\/types\/post"}],"author":[{"embeddable":true,"href":"https:\/\/www.europesays.com\/fr\/wp-json\/wp\/v2\/users\/2"}],"replies":[{"embeddable":true,"href":"https:\/\/www.europesays.com\/fr\/wp-json\/wp\/v2\/comments?post=108914"}],"version-history":[{"count":0,"href":"https:\/\/www.europesays.com\/fr\/wp-json\/wp\/v2\/posts\/108914\/revisions"}],"wp:featuredmedia":[{"embeddable":true,"href":"https:\/\/www.europesays.com\/fr\/wp-json\/wp\/v2\/media\/108915"}],"wp:attachment":[{"href":"https:\/\/www.europesays.com\/fr\/wp-json\/wp\/v2\/media?parent=108914"}],"wp:term":[{"taxonomy":"category","embeddable":true,"href":"https:\/\/www.europesays.com\/fr\/wp-json\/wp\/v2\/categories?post=108914"},{"taxonomy":"post_tag","embeddable":true,"href":"https:\/\/www.europesays.com\/fr\/wp-json\/wp\/v2\/tags?post=108914"}],"curies":[{"name":"wp","href":"https:\/\/api.w.org\/{rel}","templated":true}]}}