{"id":1089192,"date":"2026-07-26T15:15:20","date_gmt":"2026-07-26T15:15:20","guid":{"rendered":"https:\/\/www.europesays.com\/fr\/1089192\/"},"modified":"2026-07-26T15:15:20","modified_gmt":"2026-07-26T15:15:20","slug":"rennes-affirme-son-ambition-un-attaquant-xxl-pour-le-club-breton","status":"publish","type":"post","link":"https:\/\/www.europesays.com\/fr\/1089192\/","title":{"rendered":"Rennes affirme son ambition ! Un attaquant XXL pour le club breton"},"content":{"rendered":"<p>Le Stade Rennais a bien l&rsquo;intention de<br \/>\nredorer son blason la saison prochaine.<\/p>\n<p>Apr\u00e8s un revers contre le Stade Malherbe de Caen (1-2) et un<br \/>\nsucc\u00e8s face \u00e0 l\u2019En Avant Guingamp (3-1), le <a href=\"https:\/\/www.football365.fr\/france-football\/ligue-1-france-football\" rel=\"nofollow noopener\" target=\"_blank\"><br \/>\n<strong>Stade Rennais<\/strong><\/a> poursuit sa mont\u00e9e en<br \/>\nr\u00e9gime.<\/p>\n<p>Le club breton a rendu sa meilleure copie de cette pr\u00e9-saison en<br \/>\nfaisant chuter le Club Bruges, formation engag\u00e9e en Ligue des<br \/>\nchampions (2-1).<\/p>\n<blockquote class=\"twitter-tweet\"><p><a class=\"twitter-link\" rel=\"nofollow noopener\" href=\"https:\/\/twitter.com\/staderennais\/status\/2081074637715243354\" target=\"_blank\"><\/p><\/blockquote>\n<p>\u00ab C\u2019est tr\u00e8s positif face \u00e0 une \u00e9quipe qui joue en Ligue des<br \/>\nChampions et qui avait deux semaines d\u2019avance sur nous, s\u2019est<br \/>\nenthousiasm\u00e9 Franck Haise. On a fait globalement un tr\u00e8s, tr\u00e8s<br \/>\nbon match. Je ne pensais pas qu\u2019on serait aussi pr\u00eat. On a mont\u00e9<br \/>\nd\u2019un cran lors de notre stage. Il va falloir maintenant que tout le<br \/>\ngroupe se mette \u00e0 l\u2019unisson \u00bb.<\/p>\n<p>Lepaul d\u00e9j\u00e0 tr\u00e8s en jambes<\/p>\n<p>Cette victoire porte la signature d\u2019Esteban Lepaul. Buteur sur<br \/>\nun centre de Szymanski avant la pause (38e), l\u2019avant-centre du<br \/>\nStade Rennais a confirm\u00e9 sa bonne forme. Il totalise d\u00e9j\u00e0 trois<br \/>\nbuts sur cette p\u00e9riode de pr\u00e9paration estivale et semble bien<br \/>\nd\u00e9termin\u00e9 \u00e0 surfer sur la dynamique de la saison pass\u00e9e, qui<br \/>\nl\u2019avait vu d\u00e9crocher le titre de meilleur buteur de Ligue 1 (21<br \/>\nbuts).<\/p>\n<p>De quoi se projeter sur un avenir en \u00e9quipe de France ?<br \/>\nL\u2019ambition a \u00e9t\u00e9 assum\u00e9e. Cela tombe bien, les Bleus entrent dans<br \/>\nune nouvelle \u00e8re cette semaine avec l\u2019arriv\u00e9e de Zin\u00e9dine<br \/>\nZidane.<\/p>\n<p><script async src=\"https:\/\/platform.twitter.com\/widgets.js\" charset=\"utf-8\"><\/script><\/p>\n","protected":false},"excerpt":{"rendered":"Le Stade Rennais a bien l&rsquo;intention de redorer son blason la saison prochaine. Apr\u00e8s un revers contre le&hellip;\n","protected":false},"author":2,"featured_media":1089193,"comment_status":"","ping_status":"","sticky":false,"template":"","format":"standard","meta":{"footnotes":"","_share_on_mastodon":"0"},"categories":[2821],"tags":[1111,11,829,1777,674,1011,27,12,584,25],"class_list":["post-1089192","post","type-post","status-publish","format-standard","has-post-thumbnail","category-rennes","tag-actu","tag-actualites","tag-bretagne","tag-eu","tag-europe","tag-fr","tag-france","tag-news","tag-rennes","tag-republique-francaise"],"share_on_mastodon":{"url":"https:\/\/pubeurope.com\/@fr\/116986939241216715","error":""},"_links":{"self":[{"href":"https:\/\/www.europesays.com\/fr\/wp-json\/wp\/v2\/posts\/1089192","targetHints":{"allow":["GET"]}}],"collection":[{"href":"https:\/\/www.europesays.com\/fr\/wp-json\/wp\/v2\/posts"}],"about":[{"href":"https:\/\/www.europesays.com\/fr\/wp-json\/wp\/v2\/types\/post"}],"author":[{"embeddable":true,"href":"https:\/\/www.europesays.com\/fr\/wp-json\/wp\/v2\/users\/2"}],"replies":[{"embeddable":true,"href":"https:\/\/www.europesays.com\/fr\/wp-json\/wp\/v2\/comments?post=1089192"}],"version-history":[{"count":0,"href":"https:\/\/www.europesays.com\/fr\/wp-json\/wp\/v2\/posts\/1089192\/revisions"}],"wp:featuredmedia":[{"embeddable":true,"href":"https:\/\/www.europesays.com\/fr\/wp-json\/wp\/v2\/media\/1089193"}],"wp:attachment":[{"href":"https:\/\/www.europesays.com\/fr\/wp-json\/wp\/v2\/media?parent=1089192"}],"wp:term":[{"taxonomy":"category","embeddable":true,"href":"https:\/\/www.europesays.com\/fr\/wp-json\/wp\/v2\/categories?post=1089192"},{"taxonomy":"post_tag","embeddable":true,"href":"https:\/\/www.europesays.com\/fr\/wp-json\/wp\/v2\/tags?post=1089192"}],"curies":[{"name":"wp","href":"https:\/\/api.w.org\/{rel}","templated":true}]}}