{"id":108923,"date":"2025-05-18T08:32:10","date_gmt":"2025-05-18T08:32:10","guid":{"rendered":"https:\/\/www.europesays.com\/fr\/108923\/"},"modified":"2025-05-18T08:32:10","modified_gmt":"2025-05-18T08:32:10","slug":"la-surchauffe-des-pneus-reste-le-plus-gros-souci-de-red-bull","status":"publish","type":"post","link":"https:\/\/www.europesays.com\/fr\/108923\/","title":{"rendered":"La surchauffe des pneus reste \u00ab\u00a0le plus gros souci\u00a0\u00bb de Red Bull"},"content":{"rendered":"<p>Pass\u00e9 \u00e0 34 milli\u00e8mes d&rsquo;une nouvelle pole position, <a href=\"https:\/\/fr.motorsport.com\/driver\/max-verstappen\/93029\/\" target=\"_blank\" rel=\"noopener\">Max Verstappen<\/a> se contentera de la premi\u00e8re ligne et du fait d&rsquo;avoir r\u00e9ussi \u00e0 devancer au moins une <a href=\"https:\/\/fr.motorsport.com\/team\/mclaren\/609\/\" target=\"_blank\" rel=\"noopener\">McLaren<\/a> sur la <a href=\"https:\/\/fr.motorsport.com\/f1\/news\/grille-depart-gp-emilie-romagne-2025\/10723685\/\" target=\"_self\" rel=\"noopener\">grille de d\u00e9part du Grand Prix d&rsquo;\u00c9milie-Romagne<\/a>, celle de <a href=\"https:\/\/fr.motorsport.com\/driver\/lando-norris\/289708\/\" target=\"_blank\" rel=\"noopener\">Lando Norris<\/a>. Il retient toutefois les progr\u00e8s effectu\u00e9s par <a href=\"https:\/\/fr.motorsport.com\/team\/red-bull\/553\/\" target=\"_blank\" rel=\"noopener\">Red Bull<\/a> avec une monoplace qui a \u00e9volu\u00e9 et sur laquelle les r\u00e9glages affin\u00e9s ont port\u00e9 leurs fruits entre les essais libres et les qualifications.<\/p>\n<p>\u00ab\u00a0La voiture en elle-m\u00eame m&rsquo;a sembl\u00e9 plut\u00f4t bonne d\u00e8s le matin\u00a0\u00bb, explique-t-il dans le paddock d&rsquo;Imola. \u00ab\u00a0Je pense juste que les gommes \u00e9taient peut-\u00eatre un peu trop agressives pour nous. \u00c0 cause de \u00e7a, j&rsquo;ai eu plus de surchauffe, et je n&rsquo;ai pas pu en tirer davantage. Le point positif, c&rsquo;est qu&rsquo;on a chang\u00e9 la voiture, et que \u00e7a m&rsquo;a donn\u00e9 de meilleures sensations.\u00a0\u00bb<\/p>\n<p>Confirmant qu&rsquo;il ne s&rsquo;\u00e9tait jamais senti aussi \u00e0 l&rsquo;aise au volant depuis le d\u00e9but de l&rsquo;ann\u00e9e, Max Verstappen a soulign\u00e9 que la pole position n&rsquo;\u00e9tait pas un objectif aussi important que lors des Grands Prix pr\u00e9c\u00e9dents, raison pour laquelle il n&rsquo;a pas voulu tenter un tour rapide en gommes mediums, comme l&rsquo;ont fait <a href=\"https:\/\/fr.motorsport.com\/driver\/george-russell\/96626\/\" target=\"_blank\" rel=\"noopener\">George Russell<\/a> ou les pilotes <a href=\"https:\/\/fr.motorsport.com\/team\/aston-martin\/806\/\" target=\"_blank\" rel=\"noopener\">Aston Martin<\/a>.<\/p>\n<p>\u00ab\u00a0Je ne voulais pas faire \u00e7a parce que je voulais garder les bons pneus pour demain\u00a0\u00bb, pr\u00e9cise-t-il. \u00ab\u00a0J&rsquo;ai d\u00e9j\u00e0 \u00e9t\u00e9 en pole plusieurs fois cette ann\u00e9e, mais \u00e7a ne m&rsquo;a pas vraiment aid\u00e9 ensuite. Il faut surtout qu&rsquo;on marque des points en course, c&rsquo;est \u00e7a le plus important.\u00a0\u00bb<\/p>\n<p>\u00ab\u00a0Quelque chose de vraiment malin\u00a0\u00bb chez McLaren<br \/>\n   <img decoding=\"async\" draggable=\"false\" src=\"https:\/\/www.europesays.com\/fr\/wp-content\/uploads\/2025\/05\/1747557130_410_oscar-piastri-mclaren-max-vers.jpg\" alt=\"Verstappen pense souffrir en course face aux McLaren.\" width=\"1200\" height=\"800\" loading=\"lazy\"\/> <\/p>\n<p class=\"title\">Verstappen pense souffrir en course face aux McLaren.<\/p>\n<p class=\"photographer\">Photo de: Peter Fox \/ Getty Images<\/p>\n<p>Apr\u00e8s un vendredi d\u00e9cevant, l&rsquo;optimisme est donc un peu plus de rigueur chez Red Bull en Italie, mais l&rsquo;inqui\u00e9tude pour les longs relais demeure. Pour Max Verstappen, il ne fait aucun doute que les pilotes McLaren \u00ab\u00a0restent clairement les favoris\u00a0\u00bb gr\u00e2ce \u00e0 leur meilleure gestion pneumatique,\u00a0<\/p>\n<p>\u00ab\u00a0Je crois qu&rsquo;on a vraiment progress\u00e9 en termes de r\u00e9glages\u00a0\u00bb, souligne le N\u00e9erlandais en saluant l&rsquo;apport des r\u00e9centes \u00e9volutions sur la RB21. \u00ab\u00a0L&rsquo;\u00e9quilibre est clairement meilleur, mais si les pneus surchauffent, ils surchauffent. \u00c7a ira un peu mieux, mais je ne pense pas qu&rsquo;on puisse vraiment les menacer, simplement parce qu&rsquo;ils ont moins de probl\u00e8mes de surchauffe.\u00a0\u00bb<\/p>\n<p>\u00ab\u00a0On doit d&rsquo;abord s&rsquo;assurer que nos pneus ne surchauffent pas. C&rsquo;est encore notre plus gros souci. On pourrait mettre dix \u00e9volutions sur la voiture, mais le plus important, c&rsquo;est de ma\u00eetriser les pneus. Ils font quelque chose de vraiment malin chez McLaren. On travaille dessus, mais ce n&rsquo;est pas simple, sinon tout le monde l&rsquo;aurait d\u00e9j\u00e0 sur sa voiture.\u00a0\u00bb<\/p>\n<p style=\"text-align: right;\">Propos recueillis par Filip Cleeren<\/p>\n<p>Lire aussi :<\/p>\n<p>Dans cet article<\/p>\n<p>    Basile Davoine\n<\/p>\n<p>    Formule 1\n<\/p>\n<p>    Max Verstappen\n<\/p>\n<p>    Red Bull\n<\/p>\n<p>Soyez le premier inform\u00e9 et souscrivez aux alertes mails pour recevoir les infos en temps r\u00e9el<\/p>\n<p>    S&rsquo;abonner aux alertes de news<\/p>\n","protected":false},"excerpt":{"rendered":"Pass\u00e9 \u00e0 34 milli\u00e8mes d&rsquo;une nouvelle pole position, Max Verstappen se contentera de la premi\u00e8re ligne et du&hellip;\n","protected":false},"author":2,"featured_media":108924,"comment_status":"","ping_status":"","sticky":false,"template":"","format":"standard","meta":{"footnotes":""},"categories":[1412],"tags":[1451,1452,1453,1454,1455,1011,27,18197,9935,2236,2255,60],"class_list":{"0":"post-108923","1":"post","2":"type-post","3":"status-publish","4":"format-standard","5":"has-post-thumbnail","7":"category-f1","8":"tag-f1","9":"tag-formula-1","10":"tag-formula1","11":"tag-formule-1","12":"tag-formule1","13":"tag-fr","14":"tag-france","15":"tag-gp-du00c9milie-romagne","16":"tag-imola","17":"tag-max-verstappen","18":"tag-red-bull","19":"tag-sports"},"share_on_mastodon":{"url":"https:\/\/pubeurope.com\/@fr\/114527911566374416","error":""},"_links":{"self":[{"href":"https:\/\/www.europesays.com\/fr\/wp-json\/wp\/v2\/posts\/108923","targetHints":{"allow":["GET"]}}],"collection":[{"href":"https:\/\/www.europesays.com\/fr\/wp-json\/wp\/v2\/posts"}],"about":[{"href":"https:\/\/www.europesays.com\/fr\/wp-json\/wp\/v2\/types\/post"}],"author":[{"embeddable":true,"href":"https:\/\/www.europesays.com\/fr\/wp-json\/wp\/v2\/users\/2"}],"replies":[{"embeddable":true,"href":"https:\/\/www.europesays.com\/fr\/wp-json\/wp\/v2\/comments?post=108923"}],"version-history":[{"count":0,"href":"https:\/\/www.europesays.com\/fr\/wp-json\/wp\/v2\/posts\/108923\/revisions"}],"wp:featuredmedia":[{"embeddable":true,"href":"https:\/\/www.europesays.com\/fr\/wp-json\/wp\/v2\/media\/108924"}],"wp:attachment":[{"href":"https:\/\/www.europesays.com\/fr\/wp-json\/wp\/v2\/media?parent=108923"}],"wp:term":[{"taxonomy":"category","embeddable":true,"href":"https:\/\/www.europesays.com\/fr\/wp-json\/wp\/v2\/categories?post=108923"},{"taxonomy":"post_tag","embeddable":true,"href":"https:\/\/www.europesays.com\/fr\/wp-json\/wp\/v2\/tags?post=108923"}],"curies":[{"name":"wp","href":"https:\/\/api.w.org\/{rel}","templated":true}]}}