{"id":108925,"date":"2025-05-18T08:33:14","date_gmt":"2025-05-18T08:33:14","guid":{"rendered":"https:\/\/www.europesays.com\/fr\/108925\/"},"modified":"2025-05-18T08:33:14","modified_gmt":"2025-05-18T08:33:14","slug":"plapp-enfin-recompense-ulissi-prend-le-rose","status":"publish","type":"post","link":"https:\/\/www.europesays.com\/fr\/108925\/","title":{"rendered":"Plapp enfin r\u00e9compens\u00e9, Ulissi prend le rose"},"content":{"rendered":"<p>Le v\u00e9t\u00e9ran italien Diego Ulissi a mis les tifosi en \u00e9bullition en s&#8217;emparant du maillot rose du Tour d&rsquo;Italie samedi \u00e0 Castelraimondo o\u00f9 l&rsquo;Australien Luke Plapp a d\u00e9croch\u00e9 en solitaire la premi\u00e8re grande victoire de sa carri\u00e8re.<\/p>\n<p>Cette huiti\u00e8me \u00e9tape particuli\u00e8rement intense a d\u00e9bouch\u00e9 sur plusieurs premi\u00e8res qui secouent ce Giro plut\u00f4t assoupi jusque-l\u00e0: premi\u00e8re \u00e9chapp\u00e9e victorieuse, premier succ\u00e8s significatif de Plapp, attendu depuis des ann\u00e9es, et premier maillot de leader dans un grand Tour pour Ulissi, \u00e0 35 ans.<\/p>\n<p>\u00ab\u00a0C&rsquo;est un r\u00eave de gosse pour tout Italien. Quand j&rsquo;\u00e9tais petit, je regardais le Giro avec mes grands-parents, je r\u00eavais de porter ce maillot mythique. C&rsquo;est une \u00e9norme satisfaction\u00a0\u00bb, a jubil\u00e9 l&rsquo;Italien qui a connu beaucoup de choses dans sa carri\u00e8re, gagn\u00e9 48 courses dont huit \u00e9tapes du Giro, mais n&rsquo;avait encore jamais eu droit \u00e0 cet honneur.<\/p>\n<p>Le Toscan portera la tunique rose avec fiert\u00e9 et \u00e9motion sur les routes de sa r\u00e9gion dimanche pendant l&rsquo;all\u00e9chante \u00e9tape des chemins blancs utilis\u00e9s par les Strade Bianche.<\/p>\n<p>\u00ab\u00a0Arriver avec ce maillot dans ma Toscane, \u00e7a va \u00eatre incroyable\u00a0\u00bb, a-t-il insist\u00e9, tr\u00e8s \u00e9mu, apr\u00e8s avoir embrass\u00e9 la tunique \u00e0 la mani\u00e8re d&rsquo;un footballeur sur le podium.<\/p>\n<p>&#8211; La folle remont\u00e9e d&rsquo;Astana &#8211;<\/p>\n<p>Ulissi, qui a pris la troisi\u00e8me place de l&rsquo;\u00e9tape derri\u00e8re Plapp et Wilco Kelderman, ravit le rose \u00e0 Primoz Roglic qui a volontiers l\u00e2ch\u00e9 la t\u00eate du g\u00e9n\u00e9ral \u00e0 deux semaines de l&rsquo;arriv\u00e9e finale \u00e0 Rome.<\/p>\n<p>\u00ab\u00a0Le chemin est encore long, hein\u00a0\u00bb, a expliqu\u00e9 le Slov\u00e8ne.<\/p>\n<p>La prise de pouvoir d&rsquo;Ulissi, m\u00eame si elle ne devrait \u00eatre que provisoire, constitue aussi une nouvelle superbe op\u00e9ration pour son \u00e9quipe Astana, en passe de r\u00e9ussir son incroyable pari d&rsquo;\u00e9chapper \u00e0 la rel\u00e9gation en fin de saison.<\/p>\n<p>Donn\u00e9e pour perdue en d\u00e9but d&rsquo;ann\u00e9e, avec 5.000 points UCI de retard sur le premier non-rel\u00e9gable, la formation kazakhe a d\u00e9j\u00e0 remont\u00e9 tout son retard apr\u00e8s un d\u00e9but de saison exceptionnel.<\/p>\n<p>Dans le Giro, l&rsquo;\u00e9quipe d&rsquo;Alexandre Vinokourov place au soir de cette 8e \u00e9tape deux coureurs aux deux premi\u00e8res places du classement avec Ulissi et Lorenzo Fortunato, deuxi\u00e8me \u00e0 12 secondes et par ailleurs porteur du maillot azur de meilleur grimpeur.<\/p>\n<p>Plapp, multiple champion d&rsquo;Australie, a lui aussi enfin touch\u00e9 au grand bonheur samedi en d\u00e9crochant sa premi\u00e8re victoire significative, \u00e0 24 ans.<\/p>\n<p>\u00ab\u00a0Elle a mis beaucoup de temps \u00e0 venir. C&rsquo;est un r\u00eave qui devient r\u00e9alit\u00e9\u00a0\u00bb, a r\u00e9agi le coureur de Jayco-AlUla qui est parti seul \u00e0 46 km de l&rsquo;arriv\u00e9e en sortant de l&rsquo;\u00e9chapp\u00e9e.<\/p>\n<p>&#8211; Le bonheur de Plapp &#8211;<\/p>\n<p>Gros rouleur, le natif de Melbourne s&rsquo;est lanc\u00e9 dans un contre-la-montre impressionnant, sa sp\u00e9cialit\u00e9, pour s&rsquo;imposer avec 38 secondes d&rsquo;avance sur Kelderman et Ulissi.<\/p>\n<p>Souvent malchanceux ces derniers mois, il savourait sa revanche. \u00ab\u00a0Ma chute dans le chrono des JO, mon op\u00e9ration au poignet en f\u00e9vrier et mon nouveau crash dans le premier contre-la-montre ici rendent cette victoire encore plus belle. Dans le cyclisme, les bas vous font plonger tr\u00e8s bas et entre deux hauts c&rsquo;est souvent tr\u00e8s long. Une victoire comme celle-l\u00e0 fait un bien fou\u00a0\u00bb, a-t-il l\u00e2ch\u00e9.<\/p>\n<p>\u00ab\u00a0La bagarre pour aller dans l&rsquo;\u00e9chapp\u00e9e a \u00e9t\u00e9 incroyable, j&rsquo;ai failli laisser tomber mais je me suis fait violence pour y retourner une derni\u00e8re fois\u00a0\u00bb, a racont\u00e9 l&rsquo;Australien.<\/p>\n<p>Il a pu y c\u00f4toyer deux Fran\u00e7ais qui finiront l&rsquo;\u00e9tape dans le Top 10, Nicolas Prodhomme (5e) et Romain Bardet (9e). Ce dernier s&rsquo;est rassur\u00e9 au lendemain de sa chute qui lui a amoch\u00e9 le genou gauche.<\/p>\n<p>\u00ab\u00a0Je peux rouler \u00e0 peu pr\u00e8s normalement, je ressens une g\u00eane mais ce n&rsquo;est pas trop p\u00e9nalisant. \u00c0 50 km de l&rsquo;arriv\u00e9e, les feux ont commenc\u00e9 \u00e0 s&rsquo;\u00e9teindre. Je n&rsquo;avais pas les jambes pour faire mieux\u00a0\u00bb, a rapport\u00e9 le grimpeur fran\u00e7ais.<\/p>\n<p>jk\/fbx<\/p>\n","protected":false},"excerpt":{"rendered":"Le v\u00e9t\u00e9ran italien Diego Ulissi a mis les tifosi en \u00e9bullition en s&#8217;emparant du maillot rose du Tour&hellip;\n","protected":false},"author":2,"featured_media":108926,"comment_status":"","ping_status":"","sticky":false,"template":"","format":"standard","meta":{"footnotes":""},"categories":[1411],"tags":[22711,1154,207,22709,1011,27,11459,22713,22712,22710,60],"class_list":{"0":"post-108925","1":"post","2":"type-post","3":"status-publish","4":"format-standard","5":"has-post-thumbnail","7":"category-cyclisme","8":"tag-cest-un-reve","9":"tag-cycling","10":"tag-cyclisme","11":"tag-diego-ulissi","12":"tag-fr","13":"tag-france","14":"tag-le-podium","15":"tag-luke-plapp","16":"tag-maillot-rose","17":"tag-plapp","18":"tag-sports"},"share_on_mastodon":{"url":"https:\/\/pubeurope.com\/@fr\/114527915525170807","error":""},"_links":{"self":[{"href":"https:\/\/www.europesays.com\/fr\/wp-json\/wp\/v2\/posts\/108925","targetHints":{"allow":["GET"]}}],"collection":[{"href":"https:\/\/www.europesays.com\/fr\/wp-json\/wp\/v2\/posts"}],"about":[{"href":"https:\/\/www.europesays.com\/fr\/wp-json\/wp\/v2\/types\/post"}],"author":[{"embeddable":true,"href":"https:\/\/www.europesays.com\/fr\/wp-json\/wp\/v2\/users\/2"}],"replies":[{"embeddable":true,"href":"https:\/\/www.europesays.com\/fr\/wp-json\/wp\/v2\/comments?post=108925"}],"version-history":[{"count":0,"href":"https:\/\/www.europesays.com\/fr\/wp-json\/wp\/v2\/posts\/108925\/revisions"}],"wp:featuredmedia":[{"embeddable":true,"href":"https:\/\/www.europesays.com\/fr\/wp-json\/wp\/v2\/media\/108926"}],"wp:attachment":[{"href":"https:\/\/www.europesays.com\/fr\/wp-json\/wp\/v2\/media?parent=108925"}],"wp:term":[{"taxonomy":"category","embeddable":true,"href":"https:\/\/www.europesays.com\/fr\/wp-json\/wp\/v2\/categories?post=108925"},{"taxonomy":"post_tag","embeddable":true,"href":"https:\/\/www.europesays.com\/fr\/wp-json\/wp\/v2\/tags?post=108925"}],"curies":[{"name":"wp","href":"https:\/\/api.w.org\/{rel}","templated":true}]}}