{"id":108929,"date":"2025-05-18T08:35:10","date_gmt":"2025-05-18T08:35:10","guid":{"rendered":"https:\/\/www.europesays.com\/fr\/108929\/"},"modified":"2025-05-18T08:35:10","modified_gmt":"2025-05-18T08:35:10","slug":"une-chanson-de-kanye-west-a-la-gloire-dhitler-ecoutee-des-millions-de-fois-sur-x-2","status":"publish","type":"post","link":"https:\/\/www.europesays.com\/fr\/108929\/","title":{"rendered":"Une chanson de Kanye West \u00e0 la gloire d&rsquo;Hitler \u00e9cout\u00e9e des millions de fois sur X"},"content":{"rendered":"<p>Une chanson du rappeur am\u00e9ricain Kanye West, intitul\u00e9e \u00ab\u00a0Heil Hitler\u00a0\u00bb, r\u00e9colte depuis sa sortie le 8 mai des millions d&rsquo;\u00e9coutes sur le r\u00e9seau social X d&rsquo;Elon Musk, le morceau ayant \u00e9t\u00e9 interdit sur d&rsquo;autres grandes plateformes comme YouTube.<\/p>\n<p>Autrefois c\u00e9l\u00e9br\u00e9 pour son \u00e9criture musicale qui lui avait permis de glaner 24 Grammys, l&rsquo;artiste, qui se fait aujourd&rsquo;hui appeler \u00ab\u00a0Ye\u00a0\u00bb, a multipli\u00e9 ces derni\u00e8res ann\u00e9es les d\u00e9clarations antis\u00e9mites et de soutien aux nazis.<\/p>\n<p>Sur son compte X, le clip publi\u00e9 le jour anniversaire de la fin de la Seconde guerre mondiale comptait pr\u00e8s de 10 millions de vues samedi.<\/p>\n<p>On y voit un ensemble de figurants afro-am\u00e9ricains portant des peaux de b\u00eate et reprenant en choeur le titre de la chanson, qui salue Adolf Hitler, architecte de l&rsquo;extermination de quelque six millions de juifs en Europe entre 1933 et 1945.<\/p>\n<p>La chanson se termine par un discours prononc\u00e9 par le dictateur nazi.<\/p>\n<p>Selon un communiqu\u00e9 cit\u00e9 par le m\u00e9dia am\u00e9ricain NBC News, YouTube a d\u00e9cid\u00e9 de \u00ab\u00a0retirer le contenu\u00a0\u00bb en question, affirmant qu&rsquo;elle continuerait \u00ab\u00a0d&rsquo;enlever de nouvelles mises en ligne\u00a0\u00bb de la chanson sur sa plateforme.<\/p>\n<p>Le r\u00e9seau social Reddit a d\u00e9clar\u00e9 au m\u00eame m\u00e9dia qu&rsquo;il retirerait toute mise en ligne de la chanson sur la plateforme. \u00ab\u00a0La haine et l&rsquo;antis\u00e9mitisme n&rsquo;ont absolument pas leur place sur Reddit\u00a0\u00bb, a d\u00e9clar\u00e9 un porte-parole.<\/p>\n<p>La chanson a \u00e9galement \u00e9t\u00e9 supprim\u00e9e des grandes plateformes de streaming musical Spotify et Apple Music.<\/p>\n<p>Depuis qu&rsquo;il a rachet\u00e9 Twitter fin 2022, Elon Musk a d\u00e9cid\u00e9 d&rsquo;autoriser les propos haineux et la d\u00e9sinformation sur le site, rebaptis\u00e9 X.<\/p>\n<p>&#8211; T-shirts aux croix gamm\u00e9es &#8211;<\/p>\n<p>L&rsquo;homme le plus riche du monde s&rsquo;\u00e9rige ainsi en d\u00e9fenseur de la libert\u00e9 d&rsquo;expression, mais ses critiques lui reprochent de favoriser l&rsquo;expression de ses propres convictions politiques.<\/p>\n<p>Le patron de Tesla et SpaceX est devenu lors de la campagne pr\u00e9sidentielle am\u00e9ricaine de 2024 un proche alli\u00e9 de Donald Trump, consacrant 277 millions de dollars de sa fortune personnelle \u00e0 soutenir le candidat r\u00e9publicain et son parti.<\/p>\n<p>Sollicit\u00e9e par l&rsquo;AFP, X n&rsquo;avait pas r\u00e9pondu dans l&rsquo;imm\u00e9diat.<\/p>\n<p>En f\u00e9vrier, Kanye West avait d\u00e9clar\u00e9 se d\u00e9connecter de X et son compte avait disparu quelques jours, sans que l&rsquo;on sache s&rsquo;il avait \u00e9t\u00e9 banni ou s&rsquo;il l&rsquo;avait d\u00e9sactiv\u00e9 lui-m\u00eame. Peu avant, il avait publi\u00e9 des messages \u00e0 caract\u00e8re antis\u00e9mite comme \u00ab\u00a0J&rsquo;adore Hitler\u00a0\u00bb, et avait apport\u00e9 son soutien au rappeur Sean Combs, aussi appel\u00e9 P. Diddy, jug\u00e9 actuellement \u00e0 New York dans une vaste affaire de trafic sexuel.<\/p>\n<p>Le site web de Yeezy, la marque de mode du rappeur, avait aussi \u00e9t\u00e9 d\u00e9sactiv\u00e9 en f\u00e9vrier par son h\u00e9bergeur Shopify, apr\u00e8s avoir commenc\u00e9 \u00e0 vendre des t-shirts blancs sigl\u00e9s d&rsquo;une croix gamm\u00e9e.<\/p>\n<p>A l&rsquo;automne 2022, Kanye West, qui dit souffrir de troubles bipolaires, s&rsquo;\u00e9tait d\u00e9j\u00e0 fendu de plusieurs sorties \u00e0 caract\u00e8re\u00a0antis\u00e9mite.<\/p>\n<p>L&rsquo;artiste avait alors vu son compte Twitter suspendu pour \u00ab\u00a0incitation \u00e0 la violence\u00a0\u00bb, apr\u00e8s la publication d&rsquo;une image repr\u00e9sentant une croix gamm\u00e9e entrelac\u00e9e avec une \u00e9toile de David. Son compte avait ensuite \u00e9t\u00e9 r\u00e9tabli par le r\u00e9seau social rachet\u00e9 par Elon Musk.<\/p>\n<p>Dans la foul\u00e9e, la marque de\u00a0v\u00eatements\u00a0Adidas avait d\u00e9cid\u00e9 de rompre sa collaboration avec le rappeur, l&rsquo;une des plus fructueuses dans le monde de la mode.<\/p>\n<p>rle\/ube<\/p>\n","protected":false},"excerpt":{"rendered":"Une chanson du rappeur am\u00e9ricain Kanye West, intitul\u00e9e \u00ab\u00a0Heil Hitler\u00a0\u00bb, r\u00e9colte depuis sa sortie le 8 mai des&hellip;\n","protected":false},"author":2,"featured_media":108930,"comment_status":"","ping_status":"","sticky":false,"template":"","format":"standard","meta":{"footnotes":""},"categories":[1359],"tags":[19146,1695,58,59,15767,1011,27,22715,7361,10523,973,22714],"class_list":{"0":"post-108929","1":"post","2":"type-post","3":"status-publish","4":"format-standard","5":"has-post-thumbnail","7":"category-people","8":"tag-adolf-hitler","9":"tag-chanson","10":"tag-divertissement","11":"tag-entertainment","12":"tag-fin-de-la-seconde-guerre-mondiale","13":"tag-fr","14":"tag-france","15":"tag-heil-hitler","16":"tag-kanye-west","17":"tag-lhomme-le-plus-riche-du-monde","18":"tag-people","19":"tag-rappeur-americain"},"share_on_mastodon":{"url":"https:\/\/pubeurope.com\/@fr\/114527923376585441","error":""},"_links":{"self":[{"href":"https:\/\/www.europesays.com\/fr\/wp-json\/wp\/v2\/posts\/108929","targetHints":{"allow":["GET"]}}],"collection":[{"href":"https:\/\/www.europesays.com\/fr\/wp-json\/wp\/v2\/posts"}],"about":[{"href":"https:\/\/www.europesays.com\/fr\/wp-json\/wp\/v2\/types\/post"}],"author":[{"embeddable":true,"href":"https:\/\/www.europesays.com\/fr\/wp-json\/wp\/v2\/users\/2"}],"replies":[{"embeddable":true,"href":"https:\/\/www.europesays.com\/fr\/wp-json\/wp\/v2\/comments?post=108929"}],"version-history":[{"count":0,"href":"https:\/\/www.europesays.com\/fr\/wp-json\/wp\/v2\/posts\/108929\/revisions"}],"wp:featuredmedia":[{"embeddable":true,"href":"https:\/\/www.europesays.com\/fr\/wp-json\/wp\/v2\/media\/108930"}],"wp:attachment":[{"href":"https:\/\/www.europesays.com\/fr\/wp-json\/wp\/v2\/media?parent=108929"}],"wp:term":[{"taxonomy":"category","embeddable":true,"href":"https:\/\/www.europesays.com\/fr\/wp-json\/wp\/v2\/categories?post=108929"},{"taxonomy":"post_tag","embeddable":true,"href":"https:\/\/www.europesays.com\/fr\/wp-json\/wp\/v2\/tags?post=108929"}],"curies":[{"name":"wp","href":"https:\/\/api.w.org\/{rel}","templated":true}]}}