{"id":108940,"date":"2025-05-18T08:42:12","date_gmt":"2025-05-18T08:42:12","guid":{"rendered":"https:\/\/www.europesays.com\/fr\/108940\/"},"modified":"2025-05-18T08:42:12","modified_gmt":"2025-05-18T08:42:12","slug":"vers-un-probleme-ol-crystal-palace-en-cas-de-ligue-europa","status":"publish","type":"post","link":"https:\/\/www.europesays.com\/fr\/108940\/","title":{"rendered":"Vers un probl\u00e8me OL &#8211; Crystal Palace en cas de Ligue Europa ?"},"content":{"rendered":"<p>                            <img width=\"770\" height=\"433\" src=\"https:\/\/www.europesays.com\/fr\/wp-content\/uploads\/2025\/05\/000_9LQ766-770x433.jpg\" class=\"attachment-article size-article wp-post-image\" alt=\"Troph\u00e9e de la Ligue Europa\" decoding=\"async\" fetchpriority=\"high\"  \/><\/p>\n<p>Troph\u00e9e de la Ligue Europa (Photo by OZAN KOSE \/ AFP).<\/p>\n<p>Actuellement qualifi\u00e9 pour la Ligue Europa Conf\u00e9rence, l&rsquo;OL peut encore esp\u00e9rer la Ligue Europa avec une victoire du PSG en Coupe de France. Malgr\u00e9 la participation de John Textor dans Crystal Palace, cela ne devrait pas avoir d&rsquo;incidence sur une participation des deux clubs.<\/p>\n<p>Vendra ? Ne vendra pas ? Depuis plusieurs semaines, la question des parts de John <strong>Textor <\/strong>\u00e0 <strong>Crystal Palace<\/strong> fait parler. Apr\u00e8s avoir initialement annonc\u00e9 son intention de vendre, l&rsquo;Am\u00e9ricain aurait finalement pens\u00e9 \u00e0 racheter d&rsquo;autres parts pour devenir actionnaire majoritaire des Eagles. N\u00e9anmoins, dans le<a href=\"https:\/\/www.olympique-et-lyonnais.com\/bourse-crystal-palace-eagle-football-group-ex-ol-groupe-tente-de-rassurer,361942.html\" rel=\"nofollow noopener\" target=\"_blank\"> rapport d&rsquo;activit\u00e9s<\/a> des neuf premiers mois de 2024-2025 publi\u00e9 jeudi, Eagle Football Group assure \u00eatre \u00ab\u00a0d\u00e9sormais dans la phase finale du processus de vente\/plan strat\u00e9gique concernant sa participation dans Crystal Palace FC\u00a0\u00bb. En plus de vouloir assister \u00e0 un moment historique, <strong><a href=\"https:\/\/www.olympique-et-lyonnais.com\/passage-eclair-pour-textor-lors-dol-angers,362115.html\" rel=\"nofollow noopener\" target=\"_blank\">Textor <\/a><\/strong>a certainement d\u00fb parler de l&rsquo;avenir de ses 45% de participation \u00e0 <strong>Crystal Palace<\/strong>, samedi en marge de la finale de la FA Cup. Un match remport\u00e9 par les co\u00e9quipiers de Jean-Philippe <strong>Mateta <\/strong>et qui propulse le club londonien en Ligue Europa.<\/p>\n<p>Seulement 25% de droits de contr\u00f4le \u00e0 Palace<\/p>\n<p>Avec le d\u00e9nouement heureux \u00e9galement v\u00e9cu \u00e0 D\u00e9cines, va-t-on assister \u00e0 un conflit d&rsquo;int\u00e9r\u00eats sur la sc\u00e8ne europ\u00e9enne ? Actuellement qualifi\u00e9 pour la Ligue Europa Conf\u00e9rence, l&rsquo;OL peut encore esp\u00e9rer la Ligue Europa. Il faut pour cela une victoire du <strong>PSG <\/strong>en finale de Coupe de France. Le r\u00e8glement UEFA interdit deux entit\u00e9s appartenant \u00e0 la m\u00eame structure de participer \u00e0 la m\u00eame comp\u00e9tition, ce qui laisserait supposer un probl\u00e8me pour l&rsquo;OL et Crystal Palace, membres d&rsquo;Eagle Football. Toutefois, selon nos informations, ce ne devrait pas \u00eatre le cas. En effet, John <strong>Textor <\/strong>n&rsquo;ayant que 25% de droits de contr\u00f4le dans le club anglais et pas de pouvoir d\u00e9cisionnel, aucune contrainte de ce point de vue-ci. Et si les parts de l&rsquo;Am\u00e9ricain viennent \u00e0 \u00eatre vendues ces prochaines semaines ou prochains mois, la question ne se posera m\u00eame plus.<\/p>\n<p>\t\t\t\t\t<a href=\"https:\/\/www.olympique-et-lyonnais.com\/cherki-ol-quoi-quil-arrive-un-jour-je-reviendrai,362093.html\" title=\"Cherki (OL) : &quot;Quoi qu&#039;il arrive, un jour je reviendrai&quot;\" rel=\"nofollow noopener\" target=\"_blank\"><img loading=\"lazy\" width=\"580\" height=\"326\" src=\"https:\/\/www.europesays.com\/fr\/wp-content\/uploads\/2025\/05\/DSC00266-580x326.jpg\" class=\"attachment-actularge size-actularge wp-post-image\" alt=\"Rayan Cherki apr\u00e8s un entra\u00eenement de l'OL\" decoding=\"async\"  \/>\t\t\t\t\t<\/a><\/p>\n","protected":false},"excerpt":{"rendered":"Troph\u00e9e de la Ligue Europa (Photo by OZAN KOSE \/ AFP). Actuellement qualifi\u00e9 pour la Ligue Europa Conf\u00e9rence,&hellip;\n","protected":false},"author":2,"featured_media":108941,"comment_status":"","ping_status":"","sticky":false,"template":"","format":"standard","meta":{"footnotes":""},"categories":[9],"tags":[1011,27,241,978,60],"class_list":{"0":"post-108940","1":"post","2":"type-post","3":"status-publish","4":"format-standard","5":"has-post-thumbnail","7":"category-sports","8":"tag-fr","9":"tag-france","10":"tag-ol","11":"tag-olympique-lyonnais","12":"tag-sports"},"share_on_mastodon":{"url":"https:\/\/pubeurope.com\/@fr\/114527950849069420","error":""},"_links":{"self":[{"href":"https:\/\/www.europesays.com\/fr\/wp-json\/wp\/v2\/posts\/108940","targetHints":{"allow":["GET"]}}],"collection":[{"href":"https:\/\/www.europesays.com\/fr\/wp-json\/wp\/v2\/posts"}],"about":[{"href":"https:\/\/www.europesays.com\/fr\/wp-json\/wp\/v2\/types\/post"}],"author":[{"embeddable":true,"href":"https:\/\/www.europesays.com\/fr\/wp-json\/wp\/v2\/users\/2"}],"replies":[{"embeddable":true,"href":"https:\/\/www.europesays.com\/fr\/wp-json\/wp\/v2\/comments?post=108940"}],"version-history":[{"count":0,"href":"https:\/\/www.europesays.com\/fr\/wp-json\/wp\/v2\/posts\/108940\/revisions"}],"wp:featuredmedia":[{"embeddable":true,"href":"https:\/\/www.europesays.com\/fr\/wp-json\/wp\/v2\/media\/108941"}],"wp:attachment":[{"href":"https:\/\/www.europesays.com\/fr\/wp-json\/wp\/v2\/media?parent=108940"}],"wp:term":[{"taxonomy":"category","embeddable":true,"href":"https:\/\/www.europesays.com\/fr\/wp-json\/wp\/v2\/categories?post=108940"},{"taxonomy":"post_tag","embeddable":true,"href":"https:\/\/www.europesays.com\/fr\/wp-json\/wp\/v2\/tags?post=108940"}],"curies":[{"name":"wp","href":"https:\/\/api.w.org\/{rel}","templated":true}]}}