{"id":1089626,"date":"2026-07-26T20:37:16","date_gmt":"2026-07-26T20:37:16","guid":{"rendered":"https:\/\/www.europesays.com\/fr\/1089626\/"},"modified":"2026-07-26T20:37:16","modified_gmt":"2026-07-26T20:37:16","slug":"degradations-depots-sauvages-trafic-la-situation-nest-plus-tenable-dans-cette-commune-pres-de-toulouse-il-faudra-bientot-un-badge-pour-entrer-dans-cette-rue","status":"publish","type":"post","link":"https:\/\/www.europesays.com\/fr\/1089626\/","title":{"rendered":"D\u00e9gradations, d\u00e9p\u00f4ts sauvages, trafic&#8230; \u00ab\u00a0La situation n&rsquo;est plus tenable\u00a0\u00bb : dans cette commune pr\u00e8s de Toulouse, il faudra bient\u00f4t un badge pour entrer dans cette rue"},"content":{"rendered":"<p>\n                                                                    l&rsquo;essentiel<br \/>\n                                                                Depuis plusieurs mois, les habitants de la rue des Pr\u00eatres, \u00e0 Villefranche-de-Lauragais, d\u00e9noncent une d\u00e9gradation de leur cadre de vie. Rassemblements nocturnes, d\u00e9p\u00f4ts sauvages, d\u00e9gradations, alcoolisation sur la voie publique et petit trafic de stup\u00e9fiants rythmeraient le quotidien de cette petite rue du centre-ville. Face \u00e0 la col\u00e8re des riverains, la mairie envisage une mesure radicale : r\u00e9server l&rsquo;acc\u00e8s \u00e0 la rue aux seuls habitants.\n                            <\/p>\n<p>Dans une petite rue de Villefranche-de-Lauragais, au sud-est de Toulouse, les habitants disent vivre un v\u00e9ritable calvaire depuis plusieurs mois. D\u00e9gradations, d\u00e9p\u00f4ts sauvages, nuisances nocturnes, consommation d&rsquo;alcool sur la voie publique et m\u00eame petit trafic de stup\u00e9fiants rythmeraient d\u00e9sormais leur quotidien. Face \u00e0 cette situation, la municipalit\u00e9 a d\u00e9cid\u00e9 de passer \u00e0 l&rsquo;action et \u00e9tudie plusieurs mesures in\u00e9dites.<\/p>\n<p>\u00ab\u00a0Le climat s&rsquo;est nettement d\u00e9t\u00e9rior\u00e9\u00a0\u00bb<\/p>\n<p>\u00ab\u00a0La situation dans la rue des Pr\u00eatres n&rsquo;est plus tenable. On y cumule des rassemblements nocturnes, des d\u00e9gradations, des gens alcoolis\u00e9s, du petit trafic et m\u00eame des d\u00e9p\u00f4ts sauvages. Bref, tout ce qui d\u00e9grade la vie de quartier. Le climat s&rsquo;est nettement d\u00e9t\u00e9rior\u00e9 et les riverains nous expriment une vraie exasp\u00e9ration\u00a0\u00bb, affirme la maire de Villefranche-de-Lauragais, Val\u00e9rie Roudet.<\/p>\n<p>Selon l&rsquo;\u00e9lue, plusieurs habitants ont m\u00eame d\u00e9pos\u00e9 plainte face \u00e0 la multiplication des incivilit\u00e9s. Une situation qui, selon elle, ne peut plus perdurer. \u00ab\u00a0Cela fait plusieurs mois que nous suivons ce dossier de tr\u00e8s pr\u00e8s avec mes \u00e9quipes. Mais soyons clairs : l&rsquo;\u00e9l\u00e9ment d\u00e9clencheur a \u00e9t\u00e9 la multiplication des d\u00e9gradations, combin\u00e9e \u00e0 la vive inqui\u00e9tude des habitants qui se sont remobilis\u00e9s. Nous avons pass\u00e9 un cap. Quand les gens n&rsquo;osent plus rentrer chez eux sereinement, la mairie doit \u00eatre force de proposition et parfois bousculer les codes\u00a0\u00bb, poursuit-elle.<\/p>\n<p>        <img decoding=\"async\" class=\"std-img__img responsive-img\" src=\"https:\/\/www.europesays.com\/fr\/wp-content\/uploads\/2026\/07\/1785098236_163_image.jpg\" alt=\"Une rue exig\u00fce o\u00f9 les incivilit\u00e9s se multiplient.\"\/><\/p>\n<p>                Une rue exig\u00fce o\u00f9 les incivilit\u00e9s se multiplient.<br \/>\n                                    DDM &#8211; S\u00e9bastien Maurette<\/p>\n<p>Une rue bient\u00f4t r\u00e9serv\u00e9e aux seuls riverains ?<\/p>\n<p>\u00c0 l&rsquo;\u00e9chelle de la commune, plusieurs cam\u00e9ras de vid\u00e9oprotection doivent \u00eatre install\u00e9es d&rsquo;ici la fin de l&rsquo;ann\u00e9e 2026 ou au d\u00e9but de l&rsquo;ann\u00e9e 2027. Mais la rue des Pr\u00eatres pourrait b\u00e9n\u00e9ficier d&rsquo;un dispositif bien plus radical. \u00ab\u00a0La solution que nous \u00e9tudions consiste \u00e0 r\u00e9server cette rue exclusivement aux riverains\u00a0\u00bb, explique Val\u00e9rie Roudet. L&rsquo;id\u00e9e serait d&rsquo;installer des grilles \u00e0 chacune des entr\u00e9es de cette voie, accessibles uniquement gr\u00e2ce \u00e0 un badge ou un code. \u00ab\u00a0Plus de circulation opportuniste, plus de squat : on ferme la porte aux incivilit\u00e9s\u00a0\u00bb, r\u00e9sume la maire. Une solution rendue possible par la configuration particuli\u00e8re de la rue des Pr\u00eatres : \u00e9troite et ponctu\u00e9e de passages reliant certains b\u00e2timents au-dessus de la chauss\u00e9e.<\/p>\n<p>Pour autant, rien n&rsquo;est encore act\u00e9. \u00ab\u00a0Nous sommes sur le domaine public et nous \u00e9tudions actuellement la faisabilit\u00e9 juridique d&rsquo;une fermeture de cette voie. Il faudra \u00e9galement obtenir l&rsquo;adh\u00e9sion de l&rsquo;ensemble des riverains\u00a0\u00bb, rappelle la maire.<\/p>\n<p>Si le projet est valid\u00e9 par les habitants puis adopt\u00e9 en conseil municipal, la municipalit\u00e9 souhaite le mettre en \u0153uvre le plus rapidement possible. \u00c0 ce stade, certains riverains se montreraient toutefois oppos\u00e9s \u00e0 cette solution. Malgr\u00e9 ces r\u00e9serves, Val\u00e9rie Roudet assume pleinement cette piste. \u00ab\u00a0J&rsquo;aimerais rendre cette rue \u00e0 ses habitants, mettre un coup d&rsquo;arr\u00eat d\u00e9finitif \u00e0 ces incivilit\u00e9s. La rue des Pr\u00eatres doit redevenir un lieu de vie paisible, familial et serein\u00a0\u00bb, conclut-elle.<\/p>\n","protected":false},"excerpt":{"rendered":"l&rsquo;essentiel Depuis plusieurs mois, les habitants de la rue des Pr\u00eatres, \u00e0 Villefranche-de-Lauragais, d\u00e9noncent une d\u00e9gradation de leur&hellip;\n","protected":false},"author":2,"featured_media":1089627,"comment_status":"","ping_status":"","sticky":false,"template":"","format":"standard","meta":{"footnotes":"","_share_on_mastodon":"0"},"categories":[2816],"tags":[1111,11,1777,674,118,1011,27,2722,12,2680,25,2312,887,112390],"class_list":["post-1089626","post","type-post","status-publish","format-standard","has-post-thumbnail","category-toulouse","tag-actu","tag-actualites","tag-eu","tag-europe","tag-faits-divers","tag-fr","tag-france","tag-haute-garonne","tag-news","tag-occitanie","tag-republique-francaise","tag-toulouse","tag-trafic-de-drogue","tag-villefranchedelauragais"],"share_on_mastodon":{"url":"https:\/\/pubeurope.com\/@fr\/116988206611007347","error":""},"_links":{"self":[{"href":"https:\/\/www.europesays.com\/fr\/wp-json\/wp\/v2\/posts\/1089626","targetHints":{"allow":["GET"]}}],"collection":[{"href":"https:\/\/www.europesays.com\/fr\/wp-json\/wp\/v2\/posts"}],"about":[{"href":"https:\/\/www.europesays.com\/fr\/wp-json\/wp\/v2\/types\/post"}],"author":[{"embeddable":true,"href":"https:\/\/www.europesays.com\/fr\/wp-json\/wp\/v2\/users\/2"}],"replies":[{"embeddable":true,"href":"https:\/\/www.europesays.com\/fr\/wp-json\/wp\/v2\/comments?post=1089626"}],"version-history":[{"count":0,"href":"https:\/\/www.europesays.com\/fr\/wp-json\/wp\/v2\/posts\/1089626\/revisions"}],"wp:featuredmedia":[{"embeddable":true,"href":"https:\/\/www.europesays.com\/fr\/wp-json\/wp\/v2\/media\/1089627"}],"wp:attachment":[{"href":"https:\/\/www.europesays.com\/fr\/wp-json\/wp\/v2\/media?parent=1089626"}],"wp:term":[{"taxonomy":"category","embeddable":true,"href":"https:\/\/www.europesays.com\/fr\/wp-json\/wp\/v2\/categories?post=1089626"},{"taxonomy":"post_tag","embeddable":true,"href":"https:\/\/www.europesays.com\/fr\/wp-json\/wp\/v2\/tags?post=1089626"}],"curies":[{"name":"wp","href":"https:\/\/api.w.org\/{rel}","templated":true}]}}