{"id":108965,"date":"2025-05-18T08:57:07","date_gmt":"2025-05-18T08:57:07","guid":{"rendered":"https:\/\/www.europesays.com\/fr\/108965\/"},"modified":"2025-05-18T08:57:07","modified_gmt":"2025-05-18T08:57:07","slug":"cest-le-chouchou-des-rouennais-a-larmada","status":"publish","type":"post","link":"https:\/\/www.europesays.com\/fr\/108965\/","title":{"rendered":"\u00ab\u00a0C&rsquo;est le chouchou des Rouennais \u00bb \u00e0 l&rsquo;Armada"},"content":{"rendered":"<p>            Par<br \/>\n        <strong><br \/>\n            <a href=\"https:\/\/actu.fr\/auteur\/julien-bouteiller\" title=\"Consulter tous les articles de Julien Bouteiller\" target=\"_blank\" rel=\"noopener\">Julien Bouteiller<\/a><br \/>\n        <\/strong><\/p>\n<p>        Publi\u00e9 le<\/p>\n<p>            18 mai 2025 \u00e0 10h48        <\/p>\n<p><strong>Un terrible accident \u00e0 New York qui \u00e9meut jusqu\u2019\u00e0 Rouen<\/strong>. Samedi 17 mai 2025, <a href=\"https:\/\/actu.fr\/monde\/un-voilier-mexicain-heurte-le-pont-de-brooklyn-a-new-york-deux-morts-et-pres-de-20-blesses_62651991.html\" target=\"_blank\" rel=\"noopener\">le navire mexicain Cuauht\u00e9moc a percut\u00e9 le pont de Brooklyn<\/a>, faisant<strong> deux morts et 19 bless\u00e9s<\/strong>. Ce bateau est un habitu\u00e9 de l\u2019Armada de Rouen alors ici, l\u2019\u00e9motion est vive.<\/p>\n<p>Le Cuauht\u00e9moc percute le pont de Brooklyn<\/p>\n<p class=\" wall-content\">Le drame s\u2019est produit alors que le navire quittait New York. Dans des circonstances qu\u2019il faudra \u00e9claircir, il s\u2019est dirig\u00e9 toutes voiles dehors vers le c\u00e9l\u00e8bre pont, <strong>ses trois m\u00e2ts percutants l\u2019ouvrage<\/strong>.<\/p>\n<p class=\" wall-content\">Comme de coutume, <strong>des matelots se trouvaient sur les m\u00e2ts<\/strong>. Le bilan fait \u00e9tat de deux morts et 19 bless\u00e9s parmi les membres de l\u2019\u00e9quipage.<\/p>\n<p class=\" wall-content\">\n<p class=\" wall-content\">\u00c0 Rouen, ce drame suscite une \u00e9motion particuli\u00e8re. Le <a href=\"https:\/\/actu.fr\/normandie\/rouen_76540\/les-bateaux-larmada-rouen-cuauhtemoc-navire-ecole-la-marine-mexicaine_23908925.html\" target=\"_blank\" rel=\"noopener\">Cuauht\u00e9moc<\/a> est un habitu\u00e9 de l\u2019Armada, <a href=\"https:\/\/actu.fr\/normandie\/rouen_76540\/la-premire-armada-de-rouen-c-tait-en-1989-on-replonge-dans-vos-souvenirs_59610878.html\" target=\"_blank\" rel=\"noopener\">et ce depuis sa premi\u00e8re \u00e9dition en 1989<\/a>. Il \u00e9tait encore pr\u00e9sent lors de la derni\u00e8re \u00e9dition.<\/p>\n<p>\u00ab\u00a0C\u2019est tr\u00e8s triste, c\u2019est un vrai drame\u00a0\u00bb<\/p>\n<p class=\" wall-content\">\u00ab\u00a0Il \u00e9tait pr\u00e9sent \u00e0 chaque Armada\u00a0\u00bb, se rem\u00e9more Patrick Herr, cr\u00e9ateur de l\u2019\u00e9v\u00e9nement, avec \u00e9motion.<\/p>\n<blockquote class=\"ac-article-quote wall-content\">\n<p>C&rsquo;est tr\u00e8s triste, c&rsquo;est un vrai drame. C&rsquo;est le chouchou des Rouennais, on se rappelle l&rsquo;ambiance, la bonne humeur&#8230;<\/p>\n<p>    <strong>Patrick Herr<\/strong><br \/>\n        ancien pr\u00e9sident de l&rsquo;Armada    <\/p><\/blockquote>\n<p class=\" wall-content\"><strong>R\u00e9put\u00e9 pour ses soir\u00e9es festives et la chaleur de ses marins<\/strong>, le navire-\u00e9cole a accueilli plusieurs fois\u00a076actu : pour <a href=\"http:\/\/actu.fr\/normandie\/rouen_76540\/en-images-cuisiner-dans-voilier-larmada-rouen-une-experience-unique_25027665.html\" target=\"_blank\" rel=\"noopener\">nous montrer le travail dans les cuisines<\/a> du bateau ou bien pour expliquer <a href=\"https:\/\/actu.fr\/normandie\/rouen_76540\/armada-de-rouen-comment-les-marins-du-cuauhtemoc-tiennent-ils-debout-sur-les-mats_59717316.html\" target=\"_blank\" rel=\"noopener\">comment les matelots tiennent sur les m\u00e2ts<\/a>.<\/p>\n<p>De belles histoires entre Rouen et le Cuauht\u00e9moc<\/p>\n<p class=\" wall-content\"><strong>De belles histoires sont \u00e9galement n\u00e9es<\/strong> entre les Mexicains et les Rouennais, comme celle de <a href=\"https:\/\/actu.fr\/normandie\/rouen_76540\/kelly-fonde-famille-marin-rencontre-lors-larmada-rouen-2008_23927059.html\" target=\"_blank\" rel=\"noopener\">Kelly qui a rencontr\u00e9 Benito sur le Cuauht\u00e9moc<\/a> en 2008 et l\u2019a \u00e9pous\u00e9 une dizaine d\u2019ann\u00e9es plus tard. Ou bien celle de Bryan, un marin <a href=\"https:\/\/actu.fr\/societe\/bryan-marin-mexicain-larmada-retour-rouen-fetes-noel_30388355.html\" target=\"_blank\" rel=\"noopener\">qui a nou\u00e9 une belle relation avec la famille Lerouge<\/a>.<\/p>\n<p class=\" wall-content\">Sur les r\u00e9seaux sociaux, les Rouennais font part de leur tristesse et leur effarement.<\/p>\n<p class=\" wall-content\">\n<p class=\" wall-content\">\n<p class=\" wall-content\">\n<p class=\" wall-content\">\n<p>Suivez l\u2019actualit\u00e9 de Rouen <a href=\"https:\/\/www.whatsapp.com\/channel\/0029VaKfnf99hXF2ddApFB1D\" target=\"_blank\" rel=\"noopener\">sur notre cha\u00eene WhatsApp<\/a> et <a href=\"https:\/\/www.tiktok.com\/@76actu.fr?lang=fr\" target=\"_blank\" rel=\"noopener\">sur notre compte TikTok<\/a><\/p>\n<p class=\" wall-content\">Suivez toute l\u2019actualit\u00e9 de vos villes et m\u00e9dias favoris en vous inscrivant \u00e0 <a href=\"https:\/\/moncompte.actu.fr\" title=\"D\u00e9couvez Mon Actu\" rel=\"nofollow noopener\" data-trk=\"{&quot;cta&quot;:{&quot;action&quot;:&quot;https:\\\/\\\/moncompte.actu.fr&quot;,&quot;category&quot;:&quot;mon compte&quot;,&quot;from&quot;:&quot;article footer&quot;,&quot;name&quot;:&quot;Mon actu&quot;,&quot;type&quot;:&quot;cta&quot;}}\" target=\"_blank\">Mon Actu<\/a>.<\/p>\n<p>                    <script async src=\"\/\/www.tiktok.com\/embed.js\"><\/script><\/p>\n","protected":false},"excerpt":{"rendered":"Par Julien Bouteiller Publi\u00e9 le 18 mai 2025 \u00e0 10h48 Un terrible accident \u00e0 New York qui \u00e9meut&hellip;\n","protected":false},"author":2,"featured_media":108966,"comment_status":"","ping_status":"","sticky":false,"template":"","format":"standard","meta":{"footnotes":""},"categories":[9587],"tags":[119,1111,11,22718,1777,674,118,1011,27,12,5161,25,9590],"class_list":{"0":"post-108965","1":"post","2":"type-post","3":"status-publish","4":"format-standard","5":"has-post-thumbnail","7":"category-rouen","8":"tag-accident","9":"tag-actu","10":"tag-actualites","11":"tag-armada","12":"tag-eu","13":"tag-europe","14":"tag-faits-divers","15":"tag-fr","16":"tag-france","17":"tag-news","18":"tag-normandie","19":"tag-republique-francaise","20":"tag-rouen"},"share_on_mastodon":{"url":"https:\/\/pubeurope.com\/@fr\/114528009759646289","error":""},"_links":{"self":[{"href":"https:\/\/www.europesays.com\/fr\/wp-json\/wp\/v2\/posts\/108965","targetHints":{"allow":["GET"]}}],"collection":[{"href":"https:\/\/www.europesays.com\/fr\/wp-json\/wp\/v2\/posts"}],"about":[{"href":"https:\/\/www.europesays.com\/fr\/wp-json\/wp\/v2\/types\/post"}],"author":[{"embeddable":true,"href":"https:\/\/www.europesays.com\/fr\/wp-json\/wp\/v2\/users\/2"}],"replies":[{"embeddable":true,"href":"https:\/\/www.europesays.com\/fr\/wp-json\/wp\/v2\/comments?post=108965"}],"version-history":[{"count":0,"href":"https:\/\/www.europesays.com\/fr\/wp-json\/wp\/v2\/posts\/108965\/revisions"}],"wp:featuredmedia":[{"embeddable":true,"href":"https:\/\/www.europesays.com\/fr\/wp-json\/wp\/v2\/media\/108966"}],"wp:attachment":[{"href":"https:\/\/www.europesays.com\/fr\/wp-json\/wp\/v2\/media?parent=108965"}],"wp:term":[{"taxonomy":"category","embeddable":true,"href":"https:\/\/www.europesays.com\/fr\/wp-json\/wp\/v2\/categories?post=108965"},{"taxonomy":"post_tag","embeddable":true,"href":"https:\/\/www.europesays.com\/fr\/wp-json\/wp\/v2\/tags?post=108965"}],"curies":[{"name":"wp","href":"https:\/\/api.w.org\/{rel}","templated":true}]}}