{"id":108967,"date":"2025-05-18T09:01:37","date_gmt":"2025-05-18T09:01:37","guid":{"rendered":"https:\/\/www.europesays.com\/fr\/108967\/"},"modified":"2025-05-18T09:01:37","modified_gmt":"2025-05-18T09:01:37","slug":"lessentiel-du-sport-dans-nos-regions-le-vrdr-et-le-fcg-finissent-fort-chambery-a-un-match-de-la-pro-d2-les-infos-du-samedi-17-mai","status":"publish","type":"post","link":"https:\/\/www.europesays.com\/fr\/108967\/","title":{"rendered":"L&rsquo;essentiel du sport dans nos r\u00e9gions. Le VRDR et le FCG finissent fort, Chamb\u00e9ry \u00e0 un match de la Pro D2&#8230; les infos du samedi 17 mai"},"content":{"rendered":"<p>Les Dr\u00f4mois et les Is\u00e9rois n&rsquo;ont pas fait de d\u00e9tails lors de la derni\u00e8re journ\u00e9e de Pro D2 en venant respectivement \u00e0 bout de Soyaux\/Angoul\u00eame (39-22) et de Nevers (51-42)\u00a0; les Savoyards du SOC sont \u00e0 une rencontre de valider leur mont\u00e9e dans l&rsquo;antichambre du Top 14 face \u00e0 Carcassonne&#8230;\u00a0voici l&rsquo;essentiel de l&rsquo;actualit\u00e9 sportive r\u00e9gionale de ce samedi 17 mai.<\/p>\n","protected":false},"excerpt":{"rendered":"Les Dr\u00f4mois et les Is\u00e9rois n&rsquo;ont pas fait de d\u00e9tails lors de la derni\u00e8re journ\u00e9e de Pro D2&hellip;\n","protected":false},"author":2,"featured_media":108968,"comment_status":"","ping_status":"","sticky":false,"template":"","format":"standard","meta":{"footnotes":""},"categories":[9566],"tags":[1111,11,2430,1777,674,107,1701,1011,27,2731,12,25,517,1947],"class_list":{"0":"post-108967","1":"post","2":"type-post","3":"status-publish","4":"format-standard","5":"has-post-thumbnail","7":"category-grenoble","8":"tag-actu","9":"tag-actualites","10":"tag-auvergne-rhone-alpes","11":"tag-eu","12":"tag-europe","13":"tag-fil-info","14":"tag-fil-info-sport","15":"tag-fr","16":"tag-france","17":"tag-grenoble","18":"tag-news","19":"tag-republique-francaise","20":"tag-sport","21":"tag-sport-national"},"share_on_mastodon":{"url":"https:\/\/pubeurope.com\/@fr\/114528025526427037","error":""},"_links":{"self":[{"href":"https:\/\/www.europesays.com\/fr\/wp-json\/wp\/v2\/posts\/108967","targetHints":{"allow":["GET"]}}],"collection":[{"href":"https:\/\/www.europesays.com\/fr\/wp-json\/wp\/v2\/posts"}],"about":[{"href":"https:\/\/www.europesays.com\/fr\/wp-json\/wp\/v2\/types\/post"}],"author":[{"embeddable":true,"href":"https:\/\/www.europesays.com\/fr\/wp-json\/wp\/v2\/users\/2"}],"replies":[{"embeddable":true,"href":"https:\/\/www.europesays.com\/fr\/wp-json\/wp\/v2\/comments?post=108967"}],"version-history":[{"count":0,"href":"https:\/\/www.europesays.com\/fr\/wp-json\/wp\/v2\/posts\/108967\/revisions"}],"wp:featuredmedia":[{"embeddable":true,"href":"https:\/\/www.europesays.com\/fr\/wp-json\/wp\/v2\/media\/108968"}],"wp:attachment":[{"href":"https:\/\/www.europesays.com\/fr\/wp-json\/wp\/v2\/media?parent=108967"}],"wp:term":[{"taxonomy":"category","embeddable":true,"href":"https:\/\/www.europesays.com\/fr\/wp-json\/wp\/v2\/categories?post=108967"},{"taxonomy":"post_tag","embeddable":true,"href":"https:\/\/www.europesays.com\/fr\/wp-json\/wp\/v2\/tags?post=108967"}],"curies":[{"name":"wp","href":"https:\/\/api.w.org\/{rel}","templated":true}]}}