{"id":1089857,"date":"2026-07-26T23:39:14","date_gmt":"2026-07-26T23:39:14","guid":{"rendered":"https:\/\/www.europesays.com\/fr\/1089857\/"},"modified":"2026-07-26T23:39:14","modified_gmt":"2026-07-26T23:39:14","slug":"modification-du-bilan-du-pentagone-sur-les-pertes-humaines-liees-a-la-guerre-en-iran","status":"publish","type":"post","link":"https:\/\/www.europesays.com\/fr\/1089857\/","title":{"rendered":"Modification du bilan du Pentagone sur les pertes humaines li\u00e9es \u00e0 la guerre en Iran"},"content":{"rendered":"<p>Les quatre soldats am\u00e9ricains tu\u00e9s lors de la reprise des combats entre les \u00c9tats-Unis et l\u2019Iran ces derni\u00e8res semaines ne figurent plus dans le bilan officiel des victimes de la guerre contre l\u2019Iran \u00e9tabli par le Pentagone, mais ont \u00e9t\u00e9 class\u00e9s dans une nouvelle cat\u00e9gorie distincte.<\/p>\n<p>Cela soul\u00e8ve des questions quant \u00e0 la mani\u00e8re de comptabiliser correctement l\u2019impact sur les militaires am\u00e9ricains, alors que l\u2019administration Trump a intensifi\u00e9 ses frappes contre l\u2019Iran dans le but de rouvrir le d\u00e9troit d\u2019Ormuz, tout en ne donnant que peu d\u2019indications sur la mani\u00e8re dont elle entend mettre fin \u00e0 un conflit impopulaire aupr\u00e8s de nombreux Am\u00e9ricains.<\/p>\n<p>Le \u00abDefense Casualty Analysis System\u00bb (syst\u00e8me d\u2019analyse des pertes de la D\u00e9fense), que les responsables du Pentagone ont maintes fois pr\u00e9sent\u00e9 comme la source faisant autorit\u00e9 concernant le nombre de morts et de bless\u00e9s du conflit, a retir\u00e9 la semaine derni\u00e8re les quatre soldats tomb\u00e9s au combat ainsi que des dizaines de bless\u00e9s de son d\u00e9compte des pertes de la guerre en Iran. <\/p>\n<p>Dimanche, une nouvelle cat\u00e9gorie intitul\u00e9e \u00abOp\u00e9rations \u00e0 l\u2019\u00e9tranger\u00bb est apparue sur le site web du syst\u00e8me, r\u00e9pertoriant les noms des quatre soldats de l\u2019arm\u00e9e tu\u00e9s ainsi que 207\u00a0bless\u00e9s. Il n\u2019\u00e9tait pas possible de d\u00e9terminer si tous les bless\u00e9s l\u2019avaient \u00e9t\u00e9 lors du conflit en Iran. <\/p>\n<p>Le Commandement central am\u00e9ricain (CENTCOM), qui supervise les op\u00e9rations au Moyen-Orient, a renvoy\u00e9 les questions au Pentagone, qui n\u2019a pas r\u00e9pondu dans l\u2019imm\u00e9diat.<\/p>\n<p>Le Pentagone a qualifi\u00e9 les modifications ant\u00e9rieures apport\u00e9es au syst\u00e8me de \u00abperturbations des donn\u00e9es\u00bb<\/p>\n<p>Le porte-parole du Pentagone, Joel Valdez, a affirm\u00e9 jeudi que la baisse des chiffres des pertes dans le syst\u00e8me en ligne ne visait pas \u00e0 dissimuler le bilan humain croissant de la guerre, mais r\u00e9sultait plut\u00f4t d\u2019\u00abanomalies\u00bb et de \u00abperturbations temporaires des donn\u00e9es\u00bb qui seraient r\u00e9solues \u00abd\u2019ici peu\u00bb.<\/p>\n<p>Mardi encore, le site internet faisait \u00e9tat d\u2019un bilan officiel de la guerre s\u2019\u00e9levant \u00e0 18\u00a0morts et 482\u00a0bless\u00e9s.<\/p>\n<p>Ces chiffres semblaient indiquer que quatre soldats avaient \u00e9t\u00e9 tu\u00e9s depuis la reprise des combats, malgr\u00e9 la signature d\u2019un accord de cessez-le-feu provisoire le mois dernier\u00a0: trois sur une base en Jordanie frapp\u00e9e le 17\u00a0juillet par des missiles balistiques et des drones iraniens, et un en Irak le lendemain lors de la destruction contr\u00f4l\u00e9e d\u2019un drone iranien.<\/p>\n<p>Pour ajouter \u00e0 la confusion, lorsque le Pentagone a annonc\u00e9 deux des d\u00e9c\u00e8s survenus en Jordanie, il a pr\u00e9cis\u00e9 que les soldats apportaient leur soutien \u00e0 la mission am\u00e9ricaine de lutte contre le groupe \u00c9tat islamique. Les deux autres d\u00e9c\u00e8s ont \u00e9t\u00e9 annonc\u00e9s dans des communiqu\u00e9s de presse comme \u00e9tant simplement li\u00e9s \u00e0 des op\u00e9rations de soutien \u00e0 l\u2019\u00e9tranger.<\/p>\n<p>Le pr\u00e9sident Donald Trump a confirm\u00e9 ce bilan, \u00e9crivant mardi dans un message publi\u00e9 sur Truth Social que le \u00abconflit militaire avec l\u2019Iran\u00bb avait fait 18\u00a0morts.<\/p>\n<p>La nouvelle cat\u00e9gorie \u00abOp\u00e9rations \u00e0 l\u2019\u00e9tranger\u00bb du syst\u00e8me du Pentagone indique qu\u2019elle recense les victimes \u00e0 compter du 7\u00a0juillet.<\/p>\n<p>Depuis la reprise des hostilit\u00e9s, le Pentagone a fourni encore moins d\u2019informations sur la strat\u00e9gie militaire et les pertes qu\u2019il ne l\u2019avait fait lors de la premi\u00e8re phase du conflit.<\/p>\n<p>Le Pentagone n\u2019a pas tenu de point presse sur la guerre depuis d\u00e9but mai, et les responsables du Commandement central am\u00e9ricain ont cess\u00e9 de communiquer des mises \u00e0 jour sur les pertes aux journalistes.<\/p>\n","protected":false},"excerpt":{"rendered":"Les quatre soldats am\u00e9ricains tu\u00e9s lors de la reprise des combats entre les \u00c9tats-Unis et l\u2019Iran ces derni\u00e8res&hellip;\n","protected":false},"author":2,"featured_media":1089858,"comment_status":"","ping_status":"","sticky":false,"template":"","format":"standard","meta":{"footnotes":"","_share_on_mastodon":"0"},"categories":[1589],"tags":[11,73,1866,11621,1854,4576,15225,12,1864,1865,1863,308],"class_list":["post-1089857","post","type-post","status-publish","format-standard","has-post-thumbnail","category-etats-unis","tag-actualites","tag-etats-unis","tag-etats-unis-damerique","tag-https-lactualite-com-sujet-defense","tag-https-lactualite-com-sujet-international","tag-https-lactualite-com-sujet-politique","tag-https-lactualite-com-sujet-social","tag-news","tag-united-states","tag-united-states-of-america","tag-us","tag-usa"],"share_on_mastodon":{"url":"https:\/\/pubeurope.com\/@fr\/116988921022818784","error":""},"_links":{"self":[{"href":"https:\/\/www.europesays.com\/fr\/wp-json\/wp\/v2\/posts\/1089857","targetHints":{"allow":["GET"]}}],"collection":[{"href":"https:\/\/www.europesays.com\/fr\/wp-json\/wp\/v2\/posts"}],"about":[{"href":"https:\/\/www.europesays.com\/fr\/wp-json\/wp\/v2\/types\/post"}],"author":[{"embeddable":true,"href":"https:\/\/www.europesays.com\/fr\/wp-json\/wp\/v2\/users\/2"}],"replies":[{"embeddable":true,"href":"https:\/\/www.europesays.com\/fr\/wp-json\/wp\/v2\/comments?post=1089857"}],"version-history":[{"count":0,"href":"https:\/\/www.europesays.com\/fr\/wp-json\/wp\/v2\/posts\/1089857\/revisions"}],"wp:featuredmedia":[{"embeddable":true,"href":"https:\/\/www.europesays.com\/fr\/wp-json\/wp\/v2\/media\/1089858"}],"wp:attachment":[{"href":"https:\/\/www.europesays.com\/fr\/wp-json\/wp\/v2\/media?parent=1089857"}],"wp:term":[{"taxonomy":"category","embeddable":true,"href":"https:\/\/www.europesays.com\/fr\/wp-json\/wp\/v2\/categories?post=1089857"},{"taxonomy":"post_tag","embeddable":true,"href":"https:\/\/www.europesays.com\/fr\/wp-json\/wp\/v2\/tags?post=1089857"}],"curies":[{"name":"wp","href":"https:\/\/api.w.org\/{rel}","templated":true}]}}