{"id":1089957,"date":"2026-07-27T01:21:36","date_gmt":"2026-07-27T01:21:36","guid":{"rendered":"https:\/\/www.europesays.com\/fr\/1089957\/"},"modified":"2026-07-27T01:21:36","modified_gmt":"2026-07-27T01:21:36","slug":"trump-annonce-une-enquete-commerciale-sur-les-amendes-de-lue-contre-les-geants-tech","status":"publish","type":"post","link":"https:\/\/www.europesays.com\/fr\/1089957\/","title":{"rendered":"Trump annonce une enqu\u00eate commerciale sur les amendes de l\u2019UE contre les g\u00e9ants tech"},"content":{"rendered":"\n<p class=\"text text-block paragraph text-left neo-font-paragraph-xl-reg  yf-18d6y07\" style=\"text-decoration: none; font-style: normal; text-transform: none; text-align: inherit; font-variant-numeric: normal;\">Investing.com &#8211; Le pr\u00e9sident Donald Trump a d\u00e9clar\u00e9 vendredi que les \u00c9tats-Unis lanceront une enqu\u00eate au titre de la Section 301 contre la pratique de l&rsquo;Union europ\u00e9enne consistant \u00e0 infliger des amendes aux entreprises technologiques am\u00e9ricaines, apr\u00e8s qu&rsquo;une nouvelle sanction a \u00e9t\u00e9 impos\u00e9e \u00e0 Google par le bloc.  <\/p>\n<p class=\"text text-block paragraph text-left neo-font-paragraph-xl-reg  yf-18d6y07\" style=\"text-decoration: none; font-style: normal; text-transform: none; text-align: inherit; font-variant-numeric: normal;\">Trump a \u00e9crit dans une publication sur Truth Social que l&rsquo;UE \u00ab\u00a0s&rsquo;en prend directement aux GRANDES entreprises am\u00e9ricaines\u00a0\u00bb et a qualifi\u00e9 cette pratique d'\u00a0\u00bbill\u00e9gale et hautement discriminatoire.\u00a0\u00bb  <\/p>\n<p class=\"text text-block paragraph text-left neo-font-paragraph-xl-reg  yf-18d6y07\" style=\"text-decoration: none; font-style: normal; text-transform: none; text-align: inherit; font-variant-numeric: normal;\">\u00ab\u00a0Apr\u00e8s avoir sanctionn\u00e9 Apple, sans aucune raison, de 15 milliards de dollars, Meta de 3 milliards de dollars, Amazon de 2,5 milliards de dollars, et bien d&rsquo;autres encore, nous venons d&rsquo;apprendre que Google, un groupe v\u00e9ritablement avanc\u00e9 et remarquable, a \u00e9t\u00e9 condamn\u00e9 \u00e0 une nouvelle amende d&rsquo;1 milliard de dollars, sans explication,\u00a0\u00bb a \u00e9crit Trump. \u00ab\u00a0Cela porte le total des amendes inflig\u00e9es \u00e0 Google \u00e0 plus de 18 milliards de dollars !\u00a0\u00bb  <\/p>\n<p class=\"text text-block paragraph text-left neo-font-paragraph-xl-reg  yf-18d6y07\" style=\"text-decoration: none; font-style: normal; text-transform: none; text-align: inherit; font-variant-numeric: normal;\">Le pr\u00e9sident a d\u00e9clar\u00e9 que les \u00c9tats-Unis \u00ab\u00a0ne sont pas une &lsquo;TIRELIRE&rsquo; pour l&rsquo;Europe, et nous ne le permettrons pas.\u00a0\u00bb  <\/p>\n<p class=\"text text-block paragraph text-left neo-font-paragraph-xl-reg  yf-18d6y07\" style=\"text-decoration: none; font-style: normal; text-transform: none; text-align: inherit; font-variant-numeric: normal;\">Trump a indiqu\u00e9 que son administration allait \u00ab\u00a0imm\u00e9diatement lancer une enqu\u00eate 301 sur la pratique consistant \u00e0 &lsquo;VOLER&rsquo; les entreprises am\u00e9ricaines et, par cons\u00e9quent, le contribuable am\u00e9ricain.\u00a0\u00bb  <\/p>\n<p class=\"text text-block paragraph text-left neo-font-paragraph-xl-reg  yf-18d6y07\" style=\"text-decoration: none; font-style: normal; text-transform: none; text-align: inherit; font-variant-numeric: normal;\">\u00ab\u00a0L&rsquo;Union europ\u00e9enne paiera un prix tr\u00e8s \u00e9lev\u00e9 pour ce comportement ill\u00e9gal et hautement contraire \u00e0 l&rsquo;\u00e9thique, contre lequel je les ai constamment mis en garde,\u00a0\u00bb a \u00e9crit Trump. \u00ab\u00a0Les sanctions seront enti\u00e8rement annul\u00e9es et nous anticipons l&rsquo;imposition de DROITS DE DOUANE substantiels dans les plus brefs d\u00e9lais.\u00a0\u00bb  <\/p>\n<p class=\"text text-block paragraph text-left neo-font-paragraph-xl-reg  yf-18d6y07\" style=\"text-decoration: none; font-style: normal; text-transform: none; text-align: inherit; font-variant-numeric: normal;\">Jeudi, la Commission europ\u00e9enne a condamn\u00e9 Google \u00e0 une amende de 460 millions d&rsquo;euros pour avoir favoris\u00e9 ses propres services dans les r\u00e9sultats de recherche, et \u00e0 une amende de 430 millions d&rsquo;euros pour avoir emp\u00each\u00e9 les entreprises de rediriger les consommateurs vers des canaux d&rsquo;achat alternatifs sur Google Play.  <\/p>\n<p class=\"text text-block paragraph text-left neo-font-paragraph-xl-reg  yf-18d6y07\" style=\"text-decoration: none; font-style: normal; text-transform: none; text-align: inherit; font-variant-numeric: normal;\">Parmi les autres sanctions notables r\u00e9cemment inflig\u00e9es par l&rsquo;UE, on peut citer une amende de 120 millions d&rsquo;euros contre X en d\u00e9cembre 2025 pour non-respect des obligations de transparence, une amende de 2,95 milliards d&rsquo;euros contre Google en septembre 2025 pour des pratiques anticoncurrentielles dans le domaine des technologies publicitaires, une sanction de 500 millions d&rsquo;euros contre Apple en avril 2025 pour non-respect des r\u00e8gles anti-orientation dans le streaming musical, et une amende de 200 millions d&rsquo;euros contre Meta Platforms en avril 2025 pour son mod\u00e8le de suivi des donn\u00e9es.  <\/p>\n<p class=\"text text-block paragraph text-left neo-font-paragraph-xl-reg  yf-18d6y07\" style=\"text-decoration: none; font-style: normal; text-transform: none; text-align: inherit; font-variant-numeric: normal;\">Une enqu\u00eate au titre de la Section 301 est un m\u00e9canisme juridique am\u00e9ricain utilis\u00e9 pour examiner et r\u00e9pondre aux pratiques des gouvernements \u00e9trangers qui violent des accords commerciaux ou nuisent au commerce am\u00e9ricain. Cet outil conf\u00e8re au pouvoir ex\u00e9cutif l&rsquo;autorit\u00e9 d&rsquo;imposer des sanctions commerciales, notamment des droits de douane, afin de faire pression sur les nations \u00e9trang\u00e8res pour qu&rsquo;elles suppriment les barri\u00e8res commerciales d\u00e9loyales.  <\/p>\n","protected":false},"excerpt":{"rendered":"Investing.com &#8211; Le pr\u00e9sident Donald Trump a d\u00e9clar\u00e9 vendredi que les \u00c9tats-Unis lanceront une enqu\u00eate au titre de&hellip;\n","protected":false},"author":2,"featured_media":1086232,"comment_status":"","ping_status":"","sticky":false,"template":"","format":"standard","meta":{"footnotes":"","_share_on_mastodon":"0"},"categories":[1586],"tags":[11,75,2388,1067,36141,1777,674,1779,1011,27,323,7738,12,25,1778,364],"class_list":["post-1089957","post","type-post","status-publish","format-standard","has-post-thumbnail","category-europe","tag-actualites","tag-donald-trump","tag-droits-de-douane","tag-enquete","tag-entreprises-americaines","tag-eu","tag-europe","tag-european-union","tag-fr","tag-france","tag-google","tag-lunion-europeenne","tag-news","tag-republique-francaise","tag-ue","tag-union-europeenne"],"share_on_mastodon":{"url":"https:\/\/pubeurope.com\/@fr\/116989321803996094","error":""},"_links":{"self":[{"href":"https:\/\/www.europesays.com\/fr\/wp-json\/wp\/v2\/posts\/1089957","targetHints":{"allow":["GET"]}}],"collection":[{"href":"https:\/\/www.europesays.com\/fr\/wp-json\/wp\/v2\/posts"}],"about":[{"href":"https:\/\/www.europesays.com\/fr\/wp-json\/wp\/v2\/types\/post"}],"author":[{"embeddable":true,"href":"https:\/\/www.europesays.com\/fr\/wp-json\/wp\/v2\/users\/2"}],"replies":[{"embeddable":true,"href":"https:\/\/www.europesays.com\/fr\/wp-json\/wp\/v2\/comments?post=1089957"}],"version-history":[{"count":0,"href":"https:\/\/www.europesays.com\/fr\/wp-json\/wp\/v2\/posts\/1089957\/revisions"}],"wp:featuredmedia":[{"embeddable":true,"href":"https:\/\/www.europesays.com\/fr\/wp-json\/wp\/v2\/media\/1086232"}],"wp:attachment":[{"href":"https:\/\/www.europesays.com\/fr\/wp-json\/wp\/v2\/media?parent=1089957"}],"wp:term":[{"taxonomy":"category","embeddable":true,"href":"https:\/\/www.europesays.com\/fr\/wp-json\/wp\/v2\/categories?post=1089957"},{"taxonomy":"post_tag","embeddable":true,"href":"https:\/\/www.europesays.com\/fr\/wp-json\/wp\/v2\/tags?post=1089957"}],"curies":[{"name":"wp","href":"https:\/\/api.w.org\/{rel}","templated":true}]}}