{"id":108997,"date":"2025-05-18T09:18:16","date_gmt":"2025-05-18T09:18:16","guid":{"rendered":"https:\/\/www.europesays.com\/fr\/108997\/"},"modified":"2025-05-18T09:18:16","modified_gmt":"2025-05-18T09:18:16","slug":"les-dix-cinemas-originaux-de-la-metropole-de-lyon","status":"publish","type":"post","link":"https:\/\/www.europesays.com\/fr\/108997\/","title":{"rendered":"les dix cin\u00e9mas originaux de la m\u00e9tropole de Lyon"},"content":{"rendered":"<p>  Le coquin<\/p>\n<p>C\u00e9sar Love Shop<\/p>\n<p>Nombreux dans les ann\u00e9es 70 et 80, les cin\u00e9mas X ont tous ferm\u00e9 leurs portes \u00e0 Lyon. \u00c0 l\u2019exception d\u2019une petite salle, cach\u00e9e \u00e0 l\u2019arri\u00e8re du C\u00e9sar Love Shop, en plein c\u0153ur de la Presqu\u2019\u00eele. Ouverts tous les jours de 9h \u00e0 23 heures, les clients sont <a href=\"https:\/\/www.leprogres.fr\/insolite\/2023\/07\/30\/mon-pere-regardait-ca-avant-on-a-pousse-les-portes-du-dernier-cinema-porno-de-lyon\" target=\"_blank\" rel=\"nofollow noopener\">entre 10 et 30 chaque jour \u00e0 visionner des films pornographiques<\/a> choisis par le vendeur.<\/p>\n<p class=\"note\"><a tabindex=\"0\" href=\"https:\/\/www.google.com\/maps\/place\/\/data=!4m2!3m1!1s0x47f4eaffa193f9a3:0x1eecc78c671f5ea?sa=X&amp;ved=1t:8290&amp;ictx=111\" data-url=\"\/maps\/place\/\/data=!4m2!3m1!1s0x47f4eaffa193f9a3:0x1eecc78c671f5ea?sa=X&amp;ved=2ahUKEwjh7YLL0puNAxXzdqQEHUrmPKEQ4kB6BAgHEAA\" data-jsarwt=\"1\" data-usg=\"AOvVaw3Ng0W_375MUOP75Tm0pvJv\" data-ved=\"2ahUKEwjh7YLL0puNAxXzdqQEHUrmPKEQ4kB6BAgmEAM\" rel=\"nofollow noopener\" target=\"_blank\">29 Rue Lanterne, 69001 Lyon<\/a><\/p>\n<p>  &#13;<br \/>\n      <a href=\"https:\/\/cdn-s-www.leprogres.fr\/images\/1902fbc0-18ba-42e5-b2b8-270d2fb8cd18\/NW_raw\/l-une-des-salles-de-projection-a-sa-reouverture-en-2015-photo-pierre-augros-1746972756.jpg\" title=\"L&#039;une des salles de projection \u00e0 sa r\u00e9ouverture en 2015. Photo Pierre Augros\" class=\"chocolat-image GA-tracking\" data-ga_type=\"click\" data-ga_category=\"D\u00e9tail\" data-ga_action=\"zoomer\" data-ga_label=\"agrandir image\" rel=\"nofollow noopener\" target=\"_blank\">&#13;<br \/>\n          <img loading=\"lazy\" decoding=\"async\" src=\"https:\/\/www.europesays.com\/fr\/wp-content\/uploads\/2025\/05\/l-une-des-salles-de-projection-a-sa-reouverture-en-2015-photo-pierre-augros-1746972756.jpg\" data-mobile=\"NW_listC_M|1746972756\" data-base=\"NW_listC|1746972756\" alt=\"L'une des salles de projection \u00e0 sa r\u00e9ouverture en 2015. Photo Pierre Augros\"\/>&#13;<br \/>\n      <\/a>&#13;<\/p>\n<p>L&rsquo;une des salles de projection \u00e0 sa r\u00e9ouverture en 2015. Photo Pierre Augros<\/p>\n<p>&#13;<\/p>\n<p>  Le petit<\/p>\n<p>Lumi\u00e8re Fourmi<\/p>\n<p>On commence ce classement par l\u2019un des cin\u00e9mas les plus vieux et plus petits de Lyon. Ouvertes en 1914<a href=\"https:\/\/www.leprogres.fr\/lyon\/2015\/07\/23\/l-emblematique-cinema-la-fourmi-debute-sa-seconde-vie-le-9-septembre\" target=\"_blank\" rel=\"nofollow noopener\"> puis r\u00e9nov\u00e9es en 2015<\/a>, les petites salles de 34, 39 et 63 places offrent des films quelques semaines, voire mois, apr\u00e8s leurs diffusions dans les salles traditionnelles. On vous recommande d\u2019arriver t\u00f4t pour \u00eatre s\u00fbr d\u2019avoir une place et d\u2019\u00eatre bien plac\u00e9.<\/p>\n<p class=\"question\">\u00a0<a tabindex=\"0\" href=\"https:\/\/www.google.com\/maps\/place\/\/data=!4m2!3m1!1s0x47f4ea589c636541:0xfad29d410d33e228?sa=X&amp;ved=1t:8290&amp;ictx=111\" data-url=\"\/maps\/place\/\/data=!4m2!3m1!1s0x47f4ea589c636541:0xfad29d410d33e228?sa=X&amp;ved=2ahUKEwi7p6ipzpuNAxVaK_sDHa91EKgQ4kB6BAgGEAA\" data-jsarwt=\"1\" data-usg=\"AOvVaw0VEqjPlnMZ1TMqF9x0-gTk\" data-ved=\"2ahUKEwi7p6ipzpuNAxVaK_sDHa91EKgQ4kB6BAgrEAM\" rel=\"nofollow noopener\" target=\"_blank\">68 Rue Pierre Corneille, 69003 Lyon<\/a><\/p>\n<p>  L&rsquo;historique<\/p>\n<p>Institut Lumi\u00e8re<\/p>\n<p>1895,\u00a0les fr\u00e8res Lumi\u00e8res tournent le premier film de l\u2019histoire du cin\u00e9ma. 135 ans plus tard, <a href=\"https:\/\/www.leprogres.fr\/culture-loisirs\/2025\/03\/19\/ca-tourne-a-l-institut-lumiere-les-nouvelles-sorties-d-usine-edition-2025\" target=\"_blank\" rel=\"nofollow noopener\">l\u2019Institut Lumi\u00e8re a pris place \u00e0 l\u2019endroit-m\u00eame du premier tournage<\/a> du 7e art. Ne disposant que d\u2019une seule salle, il projette des classiques de toutes les \u00e9poques et des r\u00e9trospectives. On vous conseille \u00e9galement le Mus\u00e9e Lumi\u00e8re accol\u00e9 pour d\u00e9couvrir l\u2019histoire des fr\u00e8res Lumi\u00e8re.<\/p>\n<p class=\"note\"><a tabindex=\"0\" href=\"https:\/\/www.google.com\/maps\/place\/\/data=!4m2!3m1!1s0x47f4c1df8f743739:0x41f85cd113f2c3c?sa=X&amp;ved=1t:8290&amp;ictx=111\" data-url=\"\/maps\/place\/\/data=!4m2!3m1!1s0x47f4c1df8f743739:0x41f85cd113f2c3c?sa=X&amp;ved=2ahUKEwj-kN2zzpuNAxWsdaQEHXTkF3MQ4kB6BAgXEAA\" data-jsarwt=\"1\" data-usg=\"AOvVaw2fsCmWQQdN8gQnrB_-RwW1\" data-ved=\"2ahUKEwj-kN2zzpuNAxWsdaQEHXTkF3MQ4kB6BAg9EAM\" rel=\"nofollow noopener\" target=\"_blank\">Rue du Premier Film, 69008 Lyon<\/a><\/p>\n<p>  &#13;<br \/>\n      <a href=\"https:\/\/cdn-s-www.leprogres.fr\/images\/0896ebe7-3581-4f28-8d47-aa47b3f463b1\/NW_raw\/la-devanture-retro-accueille-les-spectateurs-photo-laurence-fischer-1746974252.jpg\" title=\"La devanture r\u00e9tro accueille les spectateurs. Photo Laurence Fischer\" class=\"chocolat-image GA-tracking\" data-ga_type=\"click\" data-ga_category=\"D\u00e9tail\" data-ga_action=\"zoomer\" data-ga_label=\"agrandir image\" rel=\"nofollow noopener\" target=\"_blank\">&#13;<br \/>\n          <img loading=\"lazy\" decoding=\"async\" src=\"https:\/\/www.europesays.com\/fr\/wp-content\/uploads\/2025\/05\/la-devanture-retro-accueille-les-spectateurs-photo-laurence-fischer-1746974252.jpg\" data-mobile=\"NW_listC_M|1746974252\" data-base=\"NW_listC|1746974252\" alt=\"La devanture r\u00e9tro accueille les spectateurs. Photo Laurence Fischer\"\/>&#13;<br \/>\n      <\/a>&#13;<\/p>\n<p>La devanture r\u00e9tro accueille les spectateurs. Photo Laurence Fischer<\/p>\n<p>&#13;<\/p>\n<p>  Le festivalier<\/p>\n<p>Zola<\/p>\n<p>Derri\u00e8re la fa\u00e7ade ann\u00e9es 20, une seule salle r\u00e9tro avec un balcon permet aux spectateurs <a href=\"https:\/\/www.leprogres.fr\/culture-loisirs\/2024\/11\/18\/le-cinema-le-zola-se-reorganise-en-profondeur\" target=\"_blank\" rel=\"nofollow noopener\">de d\u00e9couvrir une programmation riche en \u00e9v\u00e8nements<\/a>. Le cin\u00e9ma organise plusieurs festivals par an comme le Cin\u00e9 O\u2019Clock, le Festival du Film Court ou <a href=\"https:\/\/www.leprogres.fr\/culture-loisirs\/2025\/03\/22\/le-festival-les-reflets-revient-au-cinema-le-zola-pour-seulement-cinq-jours\" target=\"_blank\" rel=\"nofollow noopener\">les Reflets du cin\u00e9ma ib\u00e9rique et latino-am\u00e9ricain<\/a>.<\/p>\n<p class=\"note\"><a tabindex=\"0\" href=\"https:\/\/www.google.com\/maps\/place\/\/data=!4m2!3m1!1s0x47f4c0285ccf0707:0x3ee89030b053b2cf?sa=X&amp;ved=1t:8290&amp;ictx=111\" data-url=\"\/maps\/place\/\/data=!4m2!3m1!1s0x47f4c0285ccf0707:0x3ee89030b053b2cf?sa=X&amp;ved=2ahUKEwiWiJPJzpuNAxVMcKQEHfz6KoEQ4kB6BAgWEAA\" data-jsarwt=\"1\" data-usg=\"AOvVaw1YRc3AdLGMfbRwU33ch1-0\" data-ved=\"2ahUKEwiWiJPJzpuNAxVMcKQEHfz6KoEQ4kB6BAgvEAM\" rel=\"nofollow noopener\" target=\"_blank\">117 Cr \u00c9mile-Zola, 69100 Villeurbanne<\/a><\/p>\n<p>  L&rsquo;associatif<\/p>\n<p>Bellecombe<\/p>\n<p>Th\u00e9\u00e2tre d\u00e8s 1898, la salle a commenc\u00e9 \u00e0 projeter des films durant les ann\u00e9es 1970. Depuis, le cin\u00e9ma <a href=\"https:\/\/www.leprogres.fr\/societe\/2025\/03\/22\/cine-biodiversite-un-festival-autour-de-la-foret-au-cinema-bellecombe\" target=\"_blank\" rel=\"nofollow noopener\">est 100% b\u00e9n\u00e9vole gr\u00e2ce \u00e0 une \u00e9quipe de trente personnes passionn\u00e9es<\/a>. Films en VO le mercredi, films d\u2019action le vendredi soir et films grand public le week-end, quatre s\u00e9ances hebdomadaires\u00a0sont propos\u00e9es.<\/p>\n<p class=\"note\"><a tabindex=\"0\" href=\"https:\/\/www.google.com\/maps\/place\/\/data=!4m2!3m1!1s0x47f4ea86e9725b33:0xe223b83c4c405b8a?sa=X&amp;ved=1t:8290&amp;ictx=111\" data-url=\"\/maps\/place\/\/data=!4m2!3m1!1s0x47f4ea86e9725b33:0xe223b83c4c405b8a?sa=X&amp;ved=2ahUKEwjS_8b9zpuNAxWFLPsDHRS2FYwQ4kB6BAgGEAA\" data-jsarwt=\"1\" data-usg=\"AOvVaw3GBWq_g8DBwZYKlh5DnhRj\" data-ved=\"2ahUKEwjS_8b9zpuNAxWFLPsDHRS2FYwQ4kB6BAg1EAM\" rel=\"nofollow noopener\" target=\"_blank\">61 Rue d&rsquo;Inkermann, 69006 Lyon<\/a><\/p>\n<ul class=\"galerieContent carousel-wrapper__slides\" id=\"bca57ded-e397-4a3f-8005-4e459dce5f2b\">        &#13;<\/p>\n<li class=\"carousel-wrapper__slides--slide item\" id=\"slide-1\">&#13;<br \/>\n                                    &#13;<br \/>\n                        <a class=\"chocolat-image GA-tracking\" data-ga_type=\"click\" data-ga_category=\"D\u00e9tail\" data-ga_action=\"zoomer\" data-ga_label=\"aggrandir image\" href=\"https:\/\/cdn-s-www.leprogres.fr\/images\/d0931065-0c1c-43dc-ac08-0b98f1f976e0\/NW_raw\/le-cinema-de-quartier-se-trouve-au-fond-d-une-cour-au-coeur-de-bellecombe-photo-cathebras-robert-1746974252.jpg\" title=\"Le cin\u00e9ma de quartier se trouve au fond d&#039; une cour au c\u0153ur de Bellecombe. Photo Cathebras - Robert\" rel=\"nofollow noopener\" target=\"_blank\">&#13;<br \/>\n                            <img decoding=\"async\" src=\"https:\/\/www.europesays.com\/fr\/wp-content\/uploads\/2025\/05\/le-cinema-de-quartier-se-trouve-au-fond-d-une-cour-au-coeur-de-bellecombe-photo-cathebras-robert-174.jpeg\"   alt=\"Le cin\u00e9ma de quartier se trouve au fond d' une cour au c\u0153ur de Bellecombe. Photo Cathebras - Robert\" fetchpriority=\"high\" data-mobile=\"NW_listA_M|1746974252\" data-base=\"NW_listA|1746974252\"\/>&#13;<br \/>\n                        <\/a>&#13;<\/p>\n<p>Le cin\u00e9ma de quartier se trouve au fond d&rsquo; une cour au c\u0153ur de Bellecombe. Photo Cathebras &#8211; Robert<\/p>\n<p>                        &#13;<br \/>\n                                           &#13;\n                <\/li>\n<p>&#13;<br \/>\n            &#13;<\/p>\n<li class=\"carousel-wrapper__slides--slide item slideWithPub\" id=\"slide-2\">&#13;<br \/>\n                        &#13;<br \/>\n                            <a class=\"chocolat-image\" title=\"Publicit\u00e9\" href=\"data:image\/gif;base64,R0lGODlhAQABAAD\/ACwAAAAAAQABAAACADs=\">&#13;<br \/>\n                                <img decoding=\"async\" src=\"data:image\/gif;base64,R0lGODlhAQABAAD\/ACwAAAAAAQABAAACADs=\" alt=\"Publicit\u00e9\" loading=\"lazy\" fetchpriority=\"low\"\/>&#13;<br \/>\n                            <\/a>&#13;<br \/>\n                        &#13;\n                    <\/li>\n<p>&#13;<\/p>\n<li class=\"carousel-wrapper__slides--slide item\" id=\"slide-3\">&#13;<br \/>\n                                    &#13;<br \/>\n                        <a class=\"chocolat-image GA-tracking\" data-ga_type=\"click\" data-ga_category=\"D\u00e9tail\" data-ga_action=\"zoomer\" data-ga_label=\"aggrandir image\" href=\"https:\/\/cdn-s-www.leprogres.fr\/images\/fcb6bbe6-c774-4865-8974-5990d7eaa3db\/NW_raw\/la-salle-accueille-presque-270-personnes-photo-eric-baule-1746974252.jpg\" title=\"La salle accueille presque 270 personnes. Photo Eric Baule\" rel=\"nofollow noopener\" target=\"_blank\">&#13;<br \/>\n                            <img decoding=\"async\" src=\"https:\/\/www.europesays.com\/fr\/wp-content\/uploads\/2025\/05\/la-salle-accueille-presque-270-personnes-photo-eric-baule-1746974252.jpg\"   alt=\"La salle accueille presque 270 personnes. Photo Eric Baule\" loading=\"lazy\" fetchpriority=\"low\" data-mobile=\"NW_listA_M|1746974252\" data-base=\"NW_listA|1746974252\"\/>&#13;<br \/>\n                        <\/a>&#13;<\/p>\n<p>La salle accueille presque 270 personnes. Photo Eric Baule<\/p>\n<p>                        &#13;<br \/>\n                                           &#13;\n                <\/li>\n<p>&#13;<br \/>\n            &#13;<\/p>\n<li class=\"carousel-wrapper__slides--slide item\" id=\"slide-4\">&#13;<br \/>\n                                    &#13;<br \/>\n                        <a class=\"chocolat-image GA-tracking\" data-ga_type=\"click\" data-ga_category=\"D\u00e9tail\" data-ga_action=\"zoomer\" data-ga_label=\"aggrandir image\" href=\"https:\/\/cdn-s-www.leprogres.fr\/images\/bb543e70-7ee3-42c9-ba39-78382eb7a522\/NW_raw\/le-celebre-cinema-dans-le-quadrilatere-de-l-eglise-du-cbl-et-du-college-n-d-de-bellecombe-photo-mellot-joseph-rene-1746974252.jpg\" title=\"Le c\u00e9l\u00e8bre cin\u00e9ma dans le quadrilat\u00e8re de l&#039;\u00e9glise, du CBL et du coll\u00e8ge N-D de Bellecombe. Photo Mellot - Joseph-Ren\u00e9\" rel=\"nofollow noopener\" target=\"_blank\">&#13;<br \/>\n                            <img decoding=\"async\" src=\"https:\/\/www.europesays.com\/fr\/wp-content\/uploads\/2025\/05\/le-celebre-cinema-dans-le-quadrilatere-de-l-eglise-du-cbl-et-du-college-n-d-de-bellecombe-photo-mell.jpeg\"   alt=\"Le c\u00e9l\u00e8bre cin\u00e9ma dans le quadrilat\u00e8re de l'\u00e9glise, du CBL et du coll\u00e8ge N-D de Bellecombe. Photo Mellot - Joseph-Ren\u00e9\" loading=\"lazy\" fetchpriority=\"low\" data-mobile=\"NW_listA_M|1746974252\" data-base=\"NW_listA|1746974252\"\/>&#13;<br \/>\n                        <\/a>&#13;<\/p>\n<p>Le c\u00e9l\u00e8bre cin\u00e9ma dans le quadrilat\u00e8re de l&rsquo;\u00e9glise, du CBL et du coll\u00e8ge N-D de Bellecombe. Photo Mellot &#8211; Joseph-Ren\u00e9<\/p>\n<p>                        &#13;<br \/>\n                                           &#13;\n                <\/li>\n<p>&#13;<br \/>\n            &#13;\n                <\/ul>\n<p>  L&rsquo;art et essai accessible<\/p>\n<p>Cin\u00e9Duch\u00e8re<\/p>\n<p>Passer la porte de cette \u00e9tonnante \u00e9glise, construite par un disciple de Le Corbusier et d\u00e9sacralis\u00e9e en 1993, <a href=\"https:\/\/www.leprogres.fr\/culture-loisirs\/2021\/08\/23\/au-cineduchere-de-l-autre-cote-de-l-ecran-avec-le-projectionniste\" target=\"_blank\" rel=\"nofollow noopener\">c\u2019est entrer dans une salle de projection qui milite pour une culture cin\u00e9matographique accessible \u00e0 tous<\/a>. Les films d\u2019art et essai c\u00f4toie ceux pour enfants et des long-m\u00e9trages grand public.<\/p>\n<p class=\"note\">\u00a0<a tabindex=\"0\" href=\"https:\/\/www.google.com\/maps\/place\/\/data=!4m2!3m1!1s0x47f4eb5ce67f5485:0x6020b79b8a497925?sa=X&amp;ved=1t:8290&amp;ictx=111\" data-url=\"\/maps\/place\/\/data=!4m2!3m1!1s0x47f4eb5ce67f5485:0x6020b79b8a497925?sa=X&amp;ved=2ahUKEwj2hqTYz5uNAxVgUaQEHdQwOykQ4kB6BAgFEAA\" data-jsarwt=\"1\" data-usg=\"AOvVaw0rAiJLhfS1F8_h6w_YOUZ0\" data-ved=\"2ahUKEwj2hqTYz5uNAxVgUaQEHdQwOykQ4kB6BAguEAM\" rel=\"nofollow noopener\" target=\"_blank\">308 Av. Andrei Sakharov, 69009 Lyon<\/a><\/p>\n<p>  Le meilleur exploitant<\/p>\n<p>Comoedia\u00a0<\/p>\n<ul class=\"galerieContent carousel-wrapper__slides\" id=\"a210a745-761e-4a32-b6ad-b57f14aa8682\">        &#13;<\/p>\n<li class=\"carousel-wrapper__slides--slide item\" id=\"slide-1\">&#13;<br \/>\n                                    &#13;<br \/>\n                        <a class=\"chocolat-image GA-tracking\" data-ga_type=\"click\" data-ga_category=\"D\u00e9tail\" data-ga_action=\"zoomer\" data-ga_label=\"aggrandir image\" href=\"https:\/\/cdn-s-www.leprogres.fr\/images\/332093fd-f8d2-4bf7-94dc-cf8faeb53159\/NW_raw\/le-cinema-prive-comprend-depuis-2017-211-fauteuils-en-plus-photo-regis-barnes-1740851263.jpg\" title=\"Le cin\u00e9ma priv\u00e9 comprend depuis 2017 211 fauteuils en plus. Photo Regis Barnes\" rel=\"nofollow noopener\" target=\"_blank\">&#13;<br \/>\n                            <img decoding=\"async\" src=\"https:\/\/www.europesays.com\/fr\/wp-content\/uploads\/2025\/05\/le-cinema-prive-comprend-depuis-2017-211-fauteuils-en-plus-photo-regis-barnes-1743413192.jpg\"   alt=\"Le cin\u00e9ma priv\u00e9 comprend depuis 2017 211 fauteuils en plus. Photo Regis Barnes\" fetchpriority=\"high\" data-mobile=\"NW_listA_M|1740851263\" data-base=\"NW_listA|1743413192\"\/>&#13;<br \/>\n                        <\/a>&#13;<\/p>\n<p>Le cin\u00e9ma priv\u00e9 comprend depuis 2017 211 fauteuils en plus. Photo Regis Barnes<\/p>\n<p>                        &#13;<br \/>\n                                           &#13;\n                <\/li>\n<p>&#13;<br \/>\n            &#13;<\/p>\n<li class=\"carousel-wrapper__slides--slide item slideWithPub\" id=\"slide-2\">&#13;<br \/>\n                        &#13;<br \/>\n                            <a class=\"chocolat-image\" title=\"Publicit\u00e9\" href=\"data:image\/gif;base64,R0lGODlhAQABAAD\/ACwAAAAAAQABAAACADs=\">&#13;<br \/>\n                                <img decoding=\"async\" src=\"data:image\/gif;base64,R0lGODlhAQABAAD\/ACwAAAAAAQABAAACADs=\" alt=\"Publicit\u00e9\" loading=\"lazy\" fetchpriority=\"low\"\/>&#13;<br \/>\n                            <\/a>&#13;<br \/>\n                        &#13;\n                    <\/li>\n<p>&#13;<\/p>\n<li class=\"carousel-wrapper__slides--slide item\" id=\"slide-3\">&#13;<br \/>\n                                    &#13;<br \/>\n                        <a class=\"chocolat-image GA-tracking\" data-ga_type=\"click\" data-ga_category=\"D\u00e9tail\" data-ga_action=\"zoomer\" data-ga_label=\"aggrandir image\" href=\"https:\/\/cdn-s-www.leprogres.fr\/images\/d1371b12-9b55-47e3-9105-3dee8297b6c7\/NW_raw\/frederique-duperret-et-ronan-fremondiere-les-duex-co-gerants-du-comeodia-depuis-2021-ont-ete-sacre-par-le-trophee-de-l-exploitant-en-2025-photo-regis-barnes-1740851262.jpg\" title=\"Fr\u00e9d\u00e9rique Duperret et Ronan Fr\u00e9mondi\u00e8re, les duex co-g\u00e9rants du Comeodia depuis 2021, ont \u00e9t\u00e9 sacr\u00e9 par le Troph\u00e9e de l&#039;exploitant en 2025. Photo Regis Barnes\" rel=\"nofollow noopener\" target=\"_blank\">&#13;<br \/>\n                            <img decoding=\"async\" src=\"https:\/\/www.europesays.com\/fr\/wp-content\/uploads\/2025\/05\/frederique-duperret-et-ronan-fremondiere-les-duex-co-gerants-du-comeodia-depuis-2021-ont-ete-sacre-p.jpeg\"   alt=\"Fr\u00e9d\u00e9rique Duperret et Ronan Fr\u00e9mondi\u00e8re, les duex co-g\u00e9rants du Comeodia depuis 2021, ont \u00e9t\u00e9 sacr\u00e9 par le Troph\u00e9e de l'exploitant en 2025. Photo Regis Barnes\" loading=\"lazy\" fetchpriority=\"low\" data-mobile=\"NW_listA_M|1740851262\" data-base=\"NW_listA|1743413192\"\/>&#13;<br \/>\n                        <\/a>&#13;<\/p>\n<p>Fr\u00e9d\u00e9rique Duperret et Ronan Fr\u00e9mondi\u00e8re, les duex co-g\u00e9rants du Comeodia depuis 2021, ont \u00e9t\u00e9 sacr\u00e9 par le Troph\u00e9e de l&rsquo;exploitant en 2025. Photo Regis Barnes<\/p>\n<p>                        &#13;<br \/>\n                                           &#13;\n                <\/li>\n<p>&#13;<br \/>\n            &#13;\n                <\/ul>\n<p>Le cin\u00e9ma priv\u00e9 profite de son extension en 2017 avec trois nouvelles salles, soit 211 fauteuils en plus, <a href=\"https:\/\/www.leprogres.fr\/culture-loisirs\/2025\/03\/01\/sacre-meilleur-exploitant-de-l-annee-le-cinema-le-comoedia-ne-compte-pas-s-endormir-sur-ses-lauriers\" target=\"_blank\" rel=\"nofollow noopener\">ce qui lui a valu en f\u00e9vrier 2025 le Troph\u00e9e de l\u2019exploitant de l\u2019ann\u00e9e d\u00e9cern\u00e9 par Le Film Fran\u00e7ais<\/a>. Class\u00e9 art et essais depuis 2006, il programme des films d\u2019auteurs exigeants \u00e0 90%, mais aussi des r\u00e9alisateurs reconnus et des \u0153uvres plus mainstream. <\/p>\n<p class=\"note\"><a tabindex=\"0\" href=\"https:\/\/www.google.com\/maps\/place\/\/data=!4m2!3m1!1s0x47f4ebb4b973c065:0x319204e4ed33b23b?sa=X&amp;ved=1t:8290&amp;ictx=111\" data-url=\"\/maps\/place\/\/data=!4m2!3m1!1s0x47f4ebb4b973c065:0x319204e4ed33b23b?sa=X&amp;ved=2ahUKEwiE5bey0JuNAxUlRKQEHafpNNIQ4kB6BAgXEAA\" data-jsarwt=\"1\" data-usg=\"AOvVaw3atDhuIOiUi5VkiwB5JlFe\" data-ved=\"2ahUKEwiE5bey0JuNAxUlRKQEHafpNNIQ4kB6BAg2EAM\" rel=\"nofollow noopener\" target=\"_blank\">13 Av. Berthelot, 69007 Lyon<\/a><\/p>\n<p>Le centenaire<\/p>\n<p>Cin\u00e9ma Saint-Denis<\/p>\n<p>\u00a0<\/p>\n<p>Cr\u00e9e en 1920 par un pr\u00eatre, le cin\u00e9ma Saint-Denis est nich\u00e9 dans une impasse de Croix-Rousse. Devenu, au fil des ann\u00e9es, <a href=\"https:\/\/www.leprogres.fr\/culture-loisirs\/2024\/11\/30\/deux-nouvelles-cine-rencontres-annoncees-au-cinema-saint-denis\" target=\"_blank\" rel=\"nofollow noopener\">un lieu embl\u00e9matique de la vie du quartier<\/a>, il continue de vivre gr\u00e2ce \u00e0 la cinquantaine de b\u00e9n\u00e9voles quotidiens. Courts et longs m\u00e9trages sont toujours \u00e0 l\u2019affiche.<\/p>\n<p class=\"note\">77 Gd Rue de la Croix-Rousse, 69004 Lyon<\/p>\n<p>  &#13;<br \/>\n      <a href=\"https:\/\/cdn-s-www.leprogres.fr\/images\/fcafcdad-dc8d-4c9c-b1c9-807bce90e876\/NW_raw\/roland-stevenot-a-eu-toutes-les-autorisations-pour-installer-une-salle-de-cinema-en-plein-air-dans-la-cour-du-palais-de-justice-photo-eric-baule-1746974782.jpg\" title=\"Roland Stevenot a eu toutes les autorisations pour installer une salle de cin\u00e9ma en plein air dans la cour du Palais de Justice.\u00a0Photo Eric Baule\" class=\"chocolat-image GA-tracking\" data-ga_type=\"click\" data-ga_category=\"D\u00e9tail\" data-ga_action=\"zoomer\" data-ga_label=\"agrandir image\" rel=\"nofollow noopener\" target=\"_blank\">&#13;<br \/>\n          <img loading=\"lazy\" decoding=\"async\" src=\"https:\/\/www.europesays.com\/fr\/wp-content\/uploads\/2025\/05\/roland-stevenot-a-eu-toutes-les-autorisations-pour-installer-une-salle-de-cinema-en-plein-air-dans-l.jpeg\" data-mobile=\"NW_listC_M|1746974782\" data-base=\"NW_listC|1746974782\" alt=\"Roland Stevenot a eu toutes les autorisations pour installer une salle de cin\u00e9ma en plein air dans la cour du Palais de Justice.\u00a0Photo Eric Baule\"\/>&#13;<br \/>\n      <\/a>&#13;<\/p>\n<p>Roland Stevenot a eu toutes les autorisations pour installer une salle de cin\u00e9ma en plein air dans la cour du Palais de Justice.\u00a0Photo Eric Baule<\/p>\n<p>&#13;<\/p>\n<p>  L&rsquo;a\u00e9rien<\/p>\n<p>Cin\u00e9ma du Vieux-Lyon<\/p>\n<p>Cinq soir\u00e9es o\u00f9 le <a href=\"https:\/\/www.leprogres.fr\/culture-loisirs\/2025\/03\/25\/cinema-un-festival-gratuit-en-plein-air-annonce-cet-ete-dans-le-vieux-lyon\" target=\"_blank\" rel=\"nofollow noopener\">7e art se vivra en plein air et gratuit<\/a>. Tel est le concept original de la premi\u00e8re \u00e9dition du Festival du film europ\u00e9en le \u00ab\u00a0Cin\u00e9ma du Vieux-Lyon\u00a0\u00bb. Du 19 au 23 juillet 2025, l\u2019association Argaya esp\u00e8re faire vivre le cin\u00e9ma en dehors des salles obscures.<\/p>\n<p>  Le mus\u00e9e\u00a0<\/p>\n<p>Mus\u00e9e du cin\u00e9ma et de la miniature<\/p>\n<p>\u00a0<\/p>\n<ul class=\"galerieContent carousel-wrapper__slides\" id=\"65dfd202-418e-481c-b7c8-ff93611961a0\">        &#13;<\/p>\n<li class=\"carousel-wrapper__slides--slide item\" id=\"slide-1\">&#13;<br \/>\n                                    &#13;<br \/>\n                        <a class=\"chocolat-image GA-tracking\" data-ga_type=\"click\" data-ga_category=\"D\u00e9tail\" data-ga_action=\"zoomer\" data-ga_label=\"aggrandir image\" href=\"https:\/\/cdn-s-www.leprogres.fr\/images\/866da553-cb5b-489e-8075-ab93b30dea43\/NW_raw\/dans-le-vieux-lyon-le-musee-du-cinema-et-de-la-miniature-permet-de-decouvrir-les-coulisses-du-7e-art-photo-delphine-givord-1662877935.jpg\" title=\"Dans le Vieux-Lyon, le mus\u00e9e du cin\u00e9ma et de la miniature\u00a0permet de d\u00e9couvrir les coulisses du 7e art. Photo Delphine Givord\" rel=\"nofollow noopener\" target=\"_blank\">&#13;<br \/>\n                            <img decoding=\"async\" src=\"https:\/\/www.europesays.com\/fr\/wp-content\/uploads\/2025\/05\/dans-le-vieux-lyon-le-musee-du-cinema-et-de-la-miniature-permet-de-decouvrir-les-coulisses-du-7e-art.jpeg\"   alt=\"Dans le Vieux-Lyon, le mus\u00e9e du cin\u00e9ma et de la miniature\u00a0permet de d\u00e9couvrir les coulisses du 7e art. Photo Delphine Givord\" fetchpriority=\"high\" data-mobile=\"NW_listA_M|1662877935\" data-base=\"NW_listA|1743413192\"\/>&#13;<br \/>\n                        <\/a>&#13;<\/p>\n<p>Dans le Vieux-Lyon, le mus\u00e9e du cin\u00e9ma et de la miniature\u00a0permet de d\u00e9couvrir les coulisses du 7e art. Photo Delphine Givord<\/p>\n<p>                        &#13;<br \/>\n                                           &#13;\n                <\/li>\n<p>&#13;<br \/>\n            &#13;<\/p>\n<li class=\"carousel-wrapper__slides--slide item slideWithPub\" id=\"slide-2\">&#13;<br \/>\n                        &#13;<br \/>\n                            <a class=\"chocolat-image\" title=\"Publicit\u00e9\" href=\"data:image\/gif;base64,R0lGODlhAQABAAD\/ACwAAAAAAQABAAACADs=\">&#13;<br \/>\n                                <img decoding=\"async\" src=\"data:image\/gif;base64,R0lGODlhAQABAAD\/ACwAAAAAAQABAAACADs=\" alt=\"Publicit\u00e9\" loading=\"lazy\" fetchpriority=\"low\"\/>&#13;<br \/>\n                            <\/a>&#13;<br \/>\n                        &#13;\n                    <\/li>\n<p>&#13;<\/p>\n<li class=\"carousel-wrapper__slides--slide item\" id=\"slide-3\">&#13;<br \/>\n                                    &#13;<br \/>\n                        <a class=\"chocolat-image GA-tracking\" data-ga_type=\"click\" data-ga_category=\"D\u00e9tail\" data-ga_action=\"zoomer\" data-ga_label=\"aggrandir image\" href=\"https:\/\/cdn-s-www.leprogres.fr\/images\/3be264b5-e81c-459d-afdf-87f6eced7768\/NW_raw\/les-expositions-mettent-en-avant-la-pop-culture-photo-salome-curtil-romand-1690218604.jpg\" title=\"Les expositions mettent en avant la pop culture. Photo Salom\u00e9 Curtil-Romand\" rel=\"nofollow noopener\" target=\"_blank\">&#13;<br \/>\n                            <img decoding=\"async\" src=\"https:\/\/www.europesays.com\/fr\/wp-content\/uploads\/2025\/05\/les-expositions-mettent-en-avant-la-pop-culture-photo-salome-curtil-romand-1743413192.jpg\"   alt=\"Les expositions mettent en avant la pop culture. Photo Salom\u00e9 Curtil-Romand\" loading=\"lazy\" fetchpriority=\"low\" data-mobile=\"NW_listA_M|1690218604\" data-base=\"NW_listA|1743413192\"\/>&#13;<br \/>\n                        <\/a>&#13;<\/p>\n<p>Les expositions mettent en avant la pop culture. Photo Salom\u00e9 Curtil-Romand<\/p>\n<p>                        &#13;<br \/>\n                                           &#13;\n                <\/li>\n<p>&#13;<br \/>\n            &#13;<\/p>\n<li class=\"carousel-wrapper__slides--slide item\" id=\"slide-4\">&#13;<br \/>\n                                    &#13;<br \/>\n                        <a class=\"chocolat-image GA-tracking\" data-ga_type=\"click\" data-ga_category=\"D\u00e9tail\" data-ga_action=\"zoomer\" data-ga_label=\"aggrandir image\" href=\"https:\/\/cdn-s-www.leprogres.fr\/images\/edd0fb47-842c-4f6f-89ed-81695e07f6c1\/NW_raw\/le-petit-vagonet-ayant-servi-a-la-scene-de-la-poursuite-dans-la-mine-du-film-quot-indiana-jones-quot-photo-frederic-chambert-1660998256.jpg\" title=\"Le petit vagonet ayant servi \u00e0 la sc\u00e8ne de la poursuite dans la mine du film &quot;Indiana Jones&quot; Photo Fr\u00e9d\u00e9ric Chambert\" rel=\"nofollow noopener\" target=\"_blank\">&#13;<br \/>\n                            <img decoding=\"async\" src=\"https:\/\/www.europesays.com\/fr\/wp-content\/uploads\/2025\/05\/le-petit-vagonet-ayant-servi-a-la-scene-de-la-poursuite-dans-la-mine-du-film-quot-indiana-jones-quot.jpeg\"   alt=\"Le petit vagonet ayant servi \u00e0 la sc\u00e8ne de la poursuite dans la mine du film &quot;Indiana Jones&quot; Photo Fr\u00e9d\u00e9ric Chambert\" loading=\"lazy\" fetchpriority=\"low\" data-mobile=\"NW_listA_M|1660998256\" data-base=\"NW_listA|1743413192\"\/>&#13;<br \/>\n                        <\/a>&#13;<\/p>\n<p>Le petit vagonet ayant servi \u00e0 la sc\u00e8ne de la poursuite dans la mine du film \u00ab\u00a0Indiana Jones\u00a0\u00bb Photo Fr\u00e9d\u00e9ric Chambert<\/p>\n<p>                        &#13;<br \/>\n                                           &#13;\n                <\/li>\n<p>&#13;<br \/>\n            &#13;<\/p>\n<li class=\"carousel-wrapper__slides--slide item\" id=\"slide-5\">&#13;<br \/>\n                                    &#13;<br \/>\n                        <a class=\"chocolat-image GA-tracking\" data-ga_type=\"click\" data-ga_category=\"D\u00e9tail\" data-ga_action=\"zoomer\" data-ga_label=\"aggrandir image\" href=\"https:\/\/cdn-s-www.leprogres.fr\/images\/f3565a25-8d4e-4512-869f-bd71c4fcc202\/NW_raw\/la-salle-se-prepare-de-gauche-a-droite-calista-bellot-(nouvelle-arrivante-a-la-communication)-laurie-courbier-(conservatrice-responsable-des-expositions)-geoffrey-munoz-(ingenieur-en-technologies-de-l-information)-et-marc-antoine-bressand-(responsable-des-collections)-photo-delphine-givord-1663259227.jpg\" title=\"La salle se pr\u00e9pare. De gauche \u00e0 droite: Calista Bellot (nouvelle arrivante \u00e0 la communication), Laurie Courbier (conservatrice \/ responsable des expositions), Geoffrey Munoz (ing\u00e9nieur en technologies de l&#039;information) et Marc-Antoine Bressand (responsable des collections). Photo Delphine Givord\" rel=\"nofollow noopener\" target=\"_blank\">&#13;<br \/>\n                            <img decoding=\"async\" src=\"https:\/\/www.europesays.com\/fr\/wp-content\/uploads\/2025\/05\/la-salle-se-prepare-de-gauche-a-droite-calista-bellot-(nouvelle-arrivante-a-la-communication)-laurie.jpeg\"   alt=\"La salle se pr\u00e9pare. De gauche \u00e0 droite: Calista Bellot (nouvelle arrivante \u00e0 la communication), Laurie Courbier (conservatrice \/ responsable des expositions), Geoffrey Munoz (ing\u00e9nieur en technologies de l'information) et Marc-Antoine Bressand (responsable des collections). Photo Delphine Givord\" loading=\"lazy\" fetchpriority=\"low\" data-mobile=\"NW_listA_M|1663259227\" data-base=\"NW_listA|1743413192\"\/>&#13;<br \/>\n                        <\/a>&#13;<\/p>\n<p>La salle se pr\u00e9pare. De gauche \u00e0 droite: Calista Bellot (nouvelle arrivante \u00e0 la communication), Laurie Courbier (conservatrice \/ responsable des expositions), Geoffrey Munoz (ing\u00e9nieur en technologies de l&rsquo;information) et Marc-Antoine Bressand (responsable des collections). Photo Delphine Givord<\/p>\n<p>                        &#13;<br \/>\n                                           &#13;\n                <\/li>\n<p>&#13;<br \/>\n            &#13;<\/p>\n<li class=\"carousel-wrapper__slides--slide item\" id=\"slide-6\">&#13;<br \/>\n                                    &#13;<br \/>\n                        <a class=\"chocolat-image GA-tracking\" data-ga_type=\"click\" data-ga_category=\"D\u00e9tail\" data-ga_action=\"zoomer\" data-ga_label=\"aggrandir image\" href=\"https:\/\/cdn-s-www.leprogres.fr\/images\/13f5d4c9-0df2-4f77-b5bd-1b05286ee092\/NW_raw\/julien-dumont-directeur-du-musee-avec-la-camera-vistavision-de-paramount-photo-frederic-chambert-1746974782.jpg\" title=\"Julien Dumont, directeur du mus\u00e9e avec la cam\u00e9ra Vistavision de Paramount. Photo Fr\u00e9d\u00e9ric Chambert\" rel=\"nofollow noopener\" target=\"_blank\">&#13;<br \/>\n                            <img decoding=\"async\" src=\"https:\/\/www.europesays.com\/fr\/wp-content\/uploads\/2025\/05\/julien-dumont-directeur-du-musee-avec-la-camera-vistavision-de-paramount-photo-frederic-chambert-174.jpeg\"   alt=\"Julien Dumont, directeur du mus\u00e9e avec la cam\u00e9ra Vistavision de Paramount. Photo Fr\u00e9d\u00e9ric Chambert\" loading=\"lazy\" fetchpriority=\"low\" data-mobile=\"NW_listA_M|1746974782\" data-base=\"NW_listA|1746974782\"\/>&#13;<br \/>\n                        <\/a>&#13;<\/p>\n<p>Julien Dumont, directeur du mus\u00e9e avec la cam\u00e9ra Vistavision de Paramount. Photo Fr\u00e9d\u00e9ric Chambert<\/p>\n<p>                        &#13;<br \/>\n                                           &#13;\n                <\/li>\n<p>&#13;<br \/>\n            &#13;<\/p>\n<li class=\"carousel-wrapper__slides--slide item slideWithPub\" id=\"slide-7\">&#13;<br \/>\n                        &#13;<br \/>\n                            <a class=\"chocolat-image\" title=\"Publicit\u00e9\" href=\"data:image\/gif;base64,R0lGODlhAQABAAD\/ACwAAAAAAQABAAACADs=\">&#13;<br \/>\n                                <img decoding=\"async\" src=\"data:image\/gif;base64,R0lGODlhAQABAAD\/ACwAAAAAAQABAAACADs=\" alt=\"Publicit\u00e9\" loading=\"lazy\" fetchpriority=\"low\"\/>&#13;<br \/>\n                            <\/a>&#13;<br \/>\n                        &#13;\n                    <\/li>\n<p>&#13;<\/p>\n<li class=\"carousel-wrapper__slides--slide item\" id=\"slide-8\">&#13;<br \/>\n                                    &#13;<br \/>\n                        <a class=\"chocolat-image GA-tracking\" data-ga_type=\"click\" data-ga_category=\"D\u00e9tail\" data-ga_action=\"zoomer\" data-ga_label=\"aggrandir image\" href=\"https:\/\/cdn-s-www.leprogres.fr\/images\/52f4d997-6a37-4802-a41a-4e42ffa01379\/NW_raw\/la-reine-alien-c-est-l-une-des-plus-imposantes-du-musee-la-reine-alien-de-james-cameron-designee-par-le-realisateur-lui-meme-pour-le-premier-volet-en-1986-elle-a-repris-du-service-en-2004-pour-aliens-vs-predator-et-a-du-etre-reconstruite-a-l-origine-elle-etait-telecommandee-et-activee-par-deux-techniciens-celle-ci-est-animatronique-et-entierement-automatisee-elle-marche-encore-d-ailleurs-mais-est-en-cours-de-restauration-apres-avoir-subi-les-affres-de-visiteurs-indelicats-photo-delphine-givord-1645126233.jpg\" title=\"La reine Alien C\u2019est l\u2019une des plus imposantes du mus\u00e9e : la Reine Alien de James Cameron. Design\u00e9e par le r\u00e9alisateur lui-m\u00eame pour le premier volet en 1986, elle a repris du service en 2004 pour Aliens vs predator et a d\u00fb \u00eatre reconstruite. A l\u2019origine, elle \u00e9tait t\u00e9l\u00e9command\u00e9e et activ\u00e9e par deux techniciens. Celle-ci est animatronique et enti\u00e8rement automatis\u00e9e. Elle \u00ab marche \u00bb encore d\u2019ailleurs, mais est en cours de restauration apr\u00e8s avoir subi les affres de visiteurs ind\u00e9licats. Photo Delphine Givord\" rel=\"nofollow noopener\" target=\"_blank\">&#13;<br \/>\n                            <img decoding=\"async\" src=\"https:\/\/www.europesays.com\/fr\/wp-content\/uploads\/2025\/05\/la-reine-alien-c-est-l-une-des-plus-imposantes-du-musee-la-reine-alien-de-james-cameron-designee-par.jpeg\"   alt=\"La reine Alien C\u2019est l\u2019une des plus imposantes du mus\u00e9e : la Reine Alien de James Cameron. Design\u00e9e par le r\u00e9alisateur lui-m\u00eame pour le premier volet en 1986, elle a repris du service en 2004 pour Aliens vs predator et a d\u00fb \u00eatre reconstruite. A l\u2019origine, elle \u00e9tait t\u00e9l\u00e9command\u00e9e et activ\u00e9e par deux techniciens. Celle-ci est animatronique et enti\u00e8rement automatis\u00e9e. Elle \u00ab marche \u00bb encore d\u2019ailleurs, mais est en cours de restauration apr\u00e8s avoir subi les affres de visiteurs ind\u00e9licats. Photo Delphine Givord\" loading=\"lazy\" fetchpriority=\"low\" data-mobile=\"NW_listA_M|1645126233\" data-base=\"NW_listA|1743413192\"\/>&#13;<br \/>\n                        <\/a>&#13;<\/p>\n<p>La reine Alien C\u2019est l\u2019une des plus imposantes du mus\u00e9e : la Reine Alien de James Cameron. Design\u00e9e par le r\u00e9alisateur lui-m\u00eame pour le premier volet en 1986, elle a repris du service en 2004 pour Aliens vs predator et a d\u00fb \u00eatre reconstruite. A l\u2019origine, elle \u00e9tait t\u00e9l\u00e9command\u00e9e et activ\u00e9e par deux techniciens. Celle-ci est animatronique et enti\u00e8rement automatis\u00e9e. Elle \u00ab marche \u00bb encore d\u2019ailleurs, mais est en cours de restauration apr\u00e8s avoir subi les affres de visiteurs ind\u00e9licats. Photo Delphine Givord<\/p>\n<p>                        &#13;<br \/>\n                                           &#13;\n                <\/li>\n<p>&#13;<br \/>\n            &#13;<\/p>\n<li class=\"carousel-wrapper__slides--slide item\" id=\"slide-9\">&#13;<br \/>\n                                    &#13;<br \/>\n                        <a class=\"chocolat-image GA-tracking\" data-ga_type=\"click\" data-ga_category=\"D\u00e9tail\" data-ga_action=\"zoomer\" data-ga_label=\"aggrandir image\" href=\"https:\/\/cdn-s-www.leprogres.fr\/images\/d8c1db13-0d15-4e45-909b-daaf30e2c3d3\/NW_raw\/le-visage-de-madame-doubtfire-ce-visage-a-une-vraie-presence-c-est-la-vraie-prothese-portee-par-le-genial-robin-williams-pour-se-transformer-en-nounou-de-ses-propres-enfants-dans-le-film-madame-doubtfire-de-chris-colombus-(199-3)-c-est-en-fait-un-assemblage-de-13-protheses-(-perruque)-qui-necessitait-4-heures-de-maquillage-elle-a-ete-creee-par-la-star-du-maquillage-de-cinema-ve-neill-a-qui-elle-a-d-ailleurs-rapporte-un-oscar-elle-a-ete-depuis-restauree-dans-les-ateliers-du-musee-photo-delphine-givord-1645126098.jpg\" title=\"Le visage de Madame Doubtfire Ce \u00ab visage \u00bb a une vraie pr\u00e9sence. C\u2019est la vraie proth\u00e8se port\u00e9e par le g\u00e9nial Robin Williams pour se transformer en nounou de ses propres enfants dans le film Madame Doubtfire de Chris Colombus (199 3). C\u2019est en fait un assemblage de 13 proth\u00e8ses (+ perruque) qui n\u00e9cessitait 4 heures de maquillage ! Elle a \u00e9t\u00e9 cr\u00e9\u00e9e par la star du maquillage de cin\u00e9ma, Ve Neill, \u00e0 qui elle a d\u2019ailleurs rapport\u00e9 un Oscar. Elle a \u00e9t\u00e9 depuis restaur\u00e9e dans les ateliers du mus\u00e9e. Photo Delphine Givord\" rel=\"nofollow noopener\" target=\"_blank\">&#13;<br \/>\n                            <img decoding=\"async\" src=\"https:\/\/www.europesays.com\/fr\/wp-content\/uploads\/2025\/05\/le-visage-de-madame-doubtfire-ce-visage-a-une-vraie-presence-c-est-la-vraie-prothese-portee-par-le-g.jpeg\"   alt=\"Le visage de Madame Doubtfire Ce \u00ab visage \u00bb a une vraie pr\u00e9sence. C\u2019est la vraie proth\u00e8se port\u00e9e par le g\u00e9nial Robin Williams pour se transformer en nounou de ses propres enfants dans le film Madame Doubtfire de Chris Colombus (199 3). C\u2019est en fait un assemblage de 13 proth\u00e8ses (+ perruque) qui n\u00e9cessitait 4 heures de maquillage ! Elle a \u00e9t\u00e9 cr\u00e9\u00e9e par la star du maquillage de cin\u00e9ma, Ve Neill, \u00e0 qui elle a d\u2019ailleurs rapport\u00e9 un Oscar. Elle a \u00e9t\u00e9 depuis restaur\u00e9e dans les ateliers du mus\u00e9e. Photo Delphine Givord\" loading=\"lazy\" fetchpriority=\"low\" data-mobile=\"NW_listA_M|1645126098\" data-base=\"NW_listA|1743413192\"\/>&#13;<br \/>\n                        <\/a>&#13;<\/p>\n<p>Le visage de Madame Doubtfire Ce \u00ab visage \u00bb a une vraie pr\u00e9sence. C\u2019est la vraie proth\u00e8se port\u00e9e par le g\u00e9nial Robin Williams pour se transformer en nounou de ses propres enfants dans le film Madame Doubtfire de Chris Colombus (199 3). C\u2019est en fait un assemblage de 13 proth\u00e8ses (+ perruque) qui n\u00e9cessitait 4 heures de maquillage ! Elle a \u00e9t\u00e9 cr\u00e9\u00e9e par la star du maquillage de cin\u00e9ma, Ve Neill, \u00e0 qui elle a d\u2019ailleurs rapport\u00e9 un Oscar. Elle a \u00e9t\u00e9 depuis restaur\u00e9e dans les ateliers du mus\u00e9e. Photo Delphine Givord<\/p>\n<p>                        &#13;<br \/>\n                                           &#13;\n                <\/li>\n<p>&#13;<br \/>\n            &#13;<\/p>\n<li class=\"carousel-wrapper__slides--slide item\" id=\"slide-10\">&#13;<br \/>\n                                    &#13;<br \/>\n                        <a class=\"chocolat-image GA-tracking\" data-ga_type=\"click\" data-ga_category=\"D\u00e9tail\" data-ga_action=\"zoomer\" data-ga_label=\"aggrandir image\" href=\"https:\/\/cdn-s-www.leprogres.fr\/images\/d6a8ddf4-bf53-4ca1-b834-668f24cb913d\/NW_raw\/les-premieres-lunettes-d-harry-potter-le-plus-celebre-des-petits-sorciers-a-sa-propre-vitrine-avec-une-baguette-magique-la-lettre-et-ses-premieres-lunettes-portees-par-harry-alias-daniel-radcliffe-tout-petit-dans-le-premier-volet-de-la-saga-harry-potter-a-l-ecole-des-sorciers-(2001)-de-chris-columbus-photo-delphine-givord-1645126098.jpg\" title=\"Les premi\u00e8res lunettes d\u2019Harry Potter Le plus c\u00e9l\u00e8bre des petits sorciers a sa propre vitrine, avec une baguette magique, la lettre et ses premi\u00e8res lunettes, port\u00e9es par Harry, alias Daniel Radcliffe, tout petit, dans le premier volet de la saga, Harry Potter \u00e0 l\u2019\u00e9cole des sorciers (2001) de Chris Columbus. Photo Delphine Givord\" rel=\"nofollow noopener\" target=\"_blank\">&#13;<br \/>\n                            <img decoding=\"async\" src=\"https:\/\/www.europesays.com\/fr\/wp-content\/uploads\/2025\/05\/les-premieres-lunettes-d-harry-potter-le-plus-celebre-des-petits-sorciers-a-sa-propre-vitrine-avec-u.jpeg\"   alt=\"Les premi\u00e8res lunettes d\u2019Harry Potter Le plus c\u00e9l\u00e8bre des petits sorciers a sa propre vitrine, avec une baguette magique, la lettre et ses premi\u00e8res lunettes, port\u00e9es par Harry, alias Daniel Radcliffe, tout petit, dans le premier volet de la saga, Harry Potter \u00e0 l\u2019\u00e9cole des sorciers (2001) de Chris Columbus. Photo Delphine Givord\" loading=\"lazy\" fetchpriority=\"low\" data-mobile=\"NW_listA_M|1645126098\" data-base=\"NW_listA|1743413192\"\/>&#13;<br \/>\n                        <\/a>&#13;<\/p>\n<p>Les premi\u00e8res lunettes d\u2019Harry Potter Le plus c\u00e9l\u00e8bre des petits sorciers a sa propre vitrine, avec une baguette magique, la lettre et ses premi\u00e8res lunettes, port\u00e9es par Harry, alias Daniel Radcliffe, tout petit, dans le premier volet de la saga, Harry Potter \u00e0 l\u2019\u00e9cole des sorciers (2001) de Chris Columbus. Photo Delphine Givord<\/p>\n<p>                        &#13;<br \/>\n                                           &#13;\n                <\/li>\n<p>&#13;<br \/>\n            &#13;\n                <\/ul>\n<p>Passez derri\u00e8re l\u2019\u00e9cran de projection, c\u2019est ce que propose le Mus\u00e9e du cin\u00e9ma et de la miniature au c\u0153ur du Vieux Lyon. Objets embl\u00e9matiques, costumes originaux et d\u00e9cors authentiques, tout est fait pour revivre les sc\u00e8nes marquantes de vos films et s\u00e9ries pr\u00e9f\u00e9r\u00e9s. <a href=\"https:\/\/www.leprogres.fr\/culture-loisirs\/2023\/11\/20\/le-musee-du-cinema-et-de-la-miniature-va-s-agrandir\" target=\"_blank\" rel=\"nofollow noopener\">Les 2000m\u00b2 du b\u00e2timent<\/a>, inscrit au patrimoine mondial de l\u2019Unesco, accueille \u00e9galement des expositions temporaires th\u00e9matiques\u00a0<\/p>\n<p class=\"note\"><a tabindex=\"0\" href=\"https:\/\/www.google.com\/maps\/place\/\/data=!4m2!3m1!1s0x47f4ebaae27be5ef:0xe300013405b2077b?sa=X&amp;ved=1t:8290&amp;ictx=111\" data-url=\"\/maps\/place\/\/data=!4m2!3m1!1s0x47f4ebaae27be5ef:0xe300013405b2077b?sa=X&amp;ved=2ahUKEwiI-7HG05uNAxVuQ6QEHfGuErcQ4kB6BAgHEAA\" data-jsarwt=\"1\" data-usg=\"AOvVaw2VO59YOpHPX8DUJ9tySZTg\" data-ved=\"2ahUKEwiI-7HG05uNAxVuQ6QEHfGuErcQ4kB6BAg0EAM\" rel=\"nofollow noopener\" target=\"_blank\">60 Rue Saint-Jean, 69005 Lyon<\/a><\/p>\n<p>                            <a href=\"#serie-header\">&#13;<br \/>\n    &#13;<br \/>\n<\/a>                                                                <\/p>\n","protected":false},"excerpt":{"rendered":"Le coquin C\u00e9sar Love Shop Nombreux dans les ann\u00e9es 70 et 80, les cin\u00e9mas X ont tous ferm\u00e9&hellip;\n","protected":false},"author":2,"featured_media":108998,"comment_status":"","ping_status":"","sticky":false,"template":"","format":"standard","meta":{"footnotes":""},"categories":[1889],"tags":[1111,11,2430,650,1687,2757,1777,674,107,1011,27,2428,12,25,2429,3151,4465,6345],"class_list":{"0":"post-108997","1":"post","2":"type-post","3":"status-publish","4":"format-standard","5":"has-post-thumbnail","7":"category-lyon","8":"tag-actu","9":"tag-actualites","10":"tag-auvergne-rhone-alpes","11":"tag-cinema","12":"tag-culture-loisirs","13":"tag-edition-lyon-villeurbanne","14":"tag-eu","15":"tag-europe","16":"tag-fil-info","17":"tag-fr","18":"tag-france","19":"tag-lyon","20":"tag-news","21":"tag-republique-francaise","22":"tag-rhone","23":"tag-selection-de-la-redaction-69","24":"tag-tops","25":"tag-villeurbanne"},"share_on_mastodon":{"url":"https:\/\/pubeurope.com\/@fr\/114528092946374299","error":""},"_links":{"self":[{"href":"https:\/\/www.europesays.com\/fr\/wp-json\/wp\/v2\/posts\/108997","targetHints":{"allow":["GET"]}}],"collection":[{"href":"https:\/\/www.europesays.com\/fr\/wp-json\/wp\/v2\/posts"}],"about":[{"href":"https:\/\/www.europesays.com\/fr\/wp-json\/wp\/v2\/types\/post"}],"author":[{"embeddable":true,"href":"https:\/\/www.europesays.com\/fr\/wp-json\/wp\/v2\/users\/2"}],"replies":[{"embeddable":true,"href":"https:\/\/www.europesays.com\/fr\/wp-json\/wp\/v2\/comments?post=108997"}],"version-history":[{"count":0,"href":"https:\/\/www.europesays.com\/fr\/wp-json\/wp\/v2\/posts\/108997\/revisions"}],"wp:featuredmedia":[{"embeddable":true,"href":"https:\/\/www.europesays.com\/fr\/wp-json\/wp\/v2\/media\/108998"}],"wp:attachment":[{"href":"https:\/\/www.europesays.com\/fr\/wp-json\/wp\/v2\/media?parent=108997"}],"wp:term":[{"taxonomy":"category","embeddable":true,"href":"https:\/\/www.europesays.com\/fr\/wp-json\/wp\/v2\/categories?post=108997"},{"taxonomy":"post_tag","embeddable":true,"href":"https:\/\/www.europesays.com\/fr\/wp-json\/wp\/v2\/tags?post=108997"}],"curies":[{"name":"wp","href":"https:\/\/api.w.org\/{rel}","templated":true}]}}