{"id":109001,"date":"2025-05-18T09:22:09","date_gmt":"2025-05-18T09:22:09","guid":{"rendered":"https:\/\/www.europesays.com\/fr\/109001\/"},"modified":"2025-05-18T09:22:09","modified_gmt":"2025-05-18T09:22:09","slug":"iconique-la-verrerie-duralex-ouvre-sa-premiere-boutique-en-plein-coeur-de-paris-avec-un-nouveau-concept","status":"publish","type":"post","link":"https:\/\/www.europesays.com\/fr\/109001\/","title":{"rendered":"Iconique, la verrerie Duralex ouvre sa premi\u00e8re boutique en plein c\u0153ur de Paris avec un nouveau concept"},"content":{"rendered":"<p>            Par<br \/>\n        <strong><br \/>\n            <a href=\"https:\/\/actu.fr\/auteur\/julie-bossart-actu-fr\" title=\"Consulter tous les articles de Julie Bossart\" target=\"_blank\" rel=\"noopener\">Julie Bossart<\/a><br \/>\n        <\/strong><\/p>\n<p>        Publi\u00e9 le<\/p>\n<p>            18 mai 2025 \u00e0 10h44        <\/p>\n<p>\u00c0 80 printemps, Duralex n\u2019en finit pas de se renouveler. Apr\u00e8s une<a href=\"https:\/\/actu.fr\/centre-val-de-loire\/tours_37261\/duralex-des-verres-en-edition-limitee-sont-officiellement-en-vente-a-la-poste_61947632.html\" target=\"_blank\" rel=\"noopener\"> collaboration avec La Poste<\/a>, puis <a href=\"https:\/\/actu.fr\/centre-val-de-loire\/la-chapelle-saint-mesmin_45075\/duralex-et-elysee-un-partenariat-pour-des-verres-a-l-allure-republicaine_62491148.html\" target=\"_blank\" rel=\"noopener\">avec l\u2019\u00c9lys\u00e9e<\/a> d\u00e9but mai\u00a02025, le c\u00e9l\u00e8bre fabricant de verre tremp\u00e9 situ\u00e9 \u00e0 La Chapelle Saint-Mesmin, pr\u00e8s d\u2019Orl\u00e9ans (Loiret), a annonc\u00e9 cette semaine avoir ouvert officiellement sa <a href=\"https:\/\/actu.fr\/centre-val-de-loire\/orleans_45234\/le-magasin-duralex-pourrait-bien-rester-beaucoup-plus-longtemps-que-prevu-a-orleans_62497628.html\" target=\"_blank\" rel=\"noopener\">deuxi\u00e8me boutique en France,<\/a> plus pr\u00e9cis\u00e9ment plein c\u0153ur de <a href=\"https:\/\/actu.fr\/paris\/dernieres-actus\" target=\"_blank\" rel=\"noopener\">Paris<\/a>.<\/p>\n<p class=\" wall-content\">La marque a pris ses quartiers tout pr\u00e8s de Bastille, rue Sedaine, avec un nouveau concept. Le Caf\u00e9 Duralex a en effet pos\u00e9 sa vaisselle iconique dans l\u2019\u00c9picerie de Lo\u00efc B., soit de Lo\u00efc Ballet, qui est loin d\u2019\u00eatre un inconnu dans le monde de la gastronomie, rappelle le site <a href=\"https:\/\/www.petitscommerces.fr\/page\/lepicerie-de-loic-b\/\" target=\"_blank\" rel=\"noopener\">Petitscommerces<\/a>.<\/p>\n<p class=\" wall-content\">Chroniqueur gastronomique form\u00e9 par Jean-Pierre Coffe, il a, au volant de son \u00ab\u2009Triporteur\u2009\u00bb dans \u00ab\u2009T\u00e9l\u00e9matin\u2009\u00bb, go\u00fbt\u00e9 des centaines de produits et rencontr\u00e9 autant de petits producteurs passionn\u00e9s. Leurs mets fins, il a d\u00e9cid\u00e9 de les faire d\u00e9couvrir au plus grand nombre dans son commerce du 11e arrondissement. Et il est d\u00e9sormais possible de le faire dans les fameux contenants en verre tremp\u00e9.<\/p>\n<p class=\" wall-content\"><a href=\"https:\/\/www.instagram.com\/p\/DJv50itgWYc\/embed\" title=\"Ouvrir le lien sur Instagram\" target=\"_blank\" rel=\"noopener\">Visualiser le contenu sur Instagram<\/a><\/p>\n<p class=\" wall-content\">Les nostalgiques ne devraient pas mettre longtemps \u00e0 craquer et \u00e0 s\u2019offrir verres, Tupperware, petits bols pour cr\u00e8mes br\u00fbl\u00e9es\u2026 liste <a href=\"https:\/\/www.francebleu.fr\/infos\/economie-social\/la-verrerie-duralex-de-la-chapelle-saint-mesmin-a-ouvert-son-premier-point-de-vente-a-paris-6645509\" target=\"_blank\" rel=\"noopener\">Ici Paris<\/a>, qui a eu l\u2019occasion d\u2019aller faire un saut dans l\u2019\u00e9picerie boutique. Avec cette collaboration, la marque s\u2019attaque \u00e0 l\u2019un de ses plus gros probl\u00e8mes\u2009: le manque de distributions des produits. \u00ab\u2009Quand vous cherchez des verres de couleur ou des verres \u00e0 whisky Duralex, c\u2019est extr\u00eamement compliqu\u00e9\u2009\u00bb, a reconnu aupr\u00e8s de nos confr\u00e8res Fran\u00e7ois Marciano, directeur g\u00e9n\u00e9ral de la soci\u00e9t\u00e9. Et de pr\u00e9ciser\u2009: \u00ab\u2009On n\u2019aurait jamais pu payer un local aussi grand \u00e0 Paris avec notre tr\u00e9sorerie actuelle.\u2009\u00bb<\/p>\n<p class=\" wall-content\">L\u2019entreprise sort d\u2019une p\u00e9riode chaotique. Plac\u00e9e en <a href=\"https:\/\/actu.fr\/economie\/la-verrerie-duralex-placee-en-redressement-judiciaire-230-salaries-menaces_60991928.html\" target=\"_blank\" rel=\"noopener\">redressement judiciaire en avril\u00a02024<\/a>, elle a \u00e9t\u00e9 transform\u00e9e en soci\u00e9t\u00e9 coop\u00e9rative et participative (SCOP) lors de la reprise par ses salari\u00e9s en juillet\u00a02024.<\/p>\n<p>Vid\u00e9os : en ce moment sur Actu<\/p>\n<p class=\" wall-content\">Sur une bonne lanc\u00e9e, Duralex pr\u00e9voit d\u2019ouvrir deux magasins \u00e9ph\u00e9m\u00e8res \u00e0 Paris en juin.<\/p>\n<p class=\" wall-content\">Suivez toute l\u2019actualit\u00e9 de vos villes et m\u00e9dias favoris en vous inscrivant \u00e0 <a href=\"https:\/\/moncompte.actu.fr\" title=\"D\u00e9couvez Mon Actu\" rel=\"nofollow noopener\" data-trk=\"{&quot;cta&quot;:{&quot;action&quot;:&quot;https:\\\/\\\/moncompte.actu.fr&quot;,&quot;category&quot;:&quot;mon compte&quot;,&quot;from&quot;:&quot;article footer&quot;,&quot;name&quot;:&quot;Mon actu&quot;,&quot;type&quot;:&quot;cta&quot;}}\" target=\"_blank\">Mon Actu<\/a>.<\/p>\n<p>                    <script async src=\"\/\/www.instagram.com\/embed.js\"><\/script><\/p>\n","protected":false},"excerpt":{"rendered":"Par Julie Bossart Publi\u00e9 le 18 mai 2025 \u00e0 10h44 \u00c0 80 printemps, Duralex n\u2019en finit pas de&hellip;\n","protected":false},"author":2,"featured_media":109002,"comment_status":"","ping_status":"","sticky":false,"template":"","format":"standard","meta":{"footnotes":""},"categories":[1888],"tags":[1111,1928,11,1927,215,33,1777,674,1011,27,12,1926,626,1925,2551,25,22722],"class_list":{"0":"post-109001","1":"post","2":"type-post","3":"status-publish","4":"format-standard","5":"has-post-thumbnail","7":"category-paris","8":"tag-actu","9":"tag-actu-paris","10":"tag-actualites","11":"tag-actualites-paris","12":"tag-commerce","13":"tag-economie","14":"tag-eu","15":"tag-europe","16":"tag-fr","17":"tag-france","18":"tag-news","19":"tag-news-paris","20":"tag-paris","21":"tag-paris-news","22":"tag-patrimoine","23":"tag-republique-francaise","24":"tag-verrerie"},"share_on_mastodon":{"url":"https:\/\/pubeurope.com\/@fr\/114528108133720558","error":""},"_links":{"self":[{"href":"https:\/\/www.europesays.com\/fr\/wp-json\/wp\/v2\/posts\/109001","targetHints":{"allow":["GET"]}}],"collection":[{"href":"https:\/\/www.europesays.com\/fr\/wp-json\/wp\/v2\/posts"}],"about":[{"href":"https:\/\/www.europesays.com\/fr\/wp-json\/wp\/v2\/types\/post"}],"author":[{"embeddable":true,"href":"https:\/\/www.europesays.com\/fr\/wp-json\/wp\/v2\/users\/2"}],"replies":[{"embeddable":true,"href":"https:\/\/www.europesays.com\/fr\/wp-json\/wp\/v2\/comments?post=109001"}],"version-history":[{"count":0,"href":"https:\/\/www.europesays.com\/fr\/wp-json\/wp\/v2\/posts\/109001\/revisions"}],"wp:featuredmedia":[{"embeddable":true,"href":"https:\/\/www.europesays.com\/fr\/wp-json\/wp\/v2\/media\/109002"}],"wp:attachment":[{"href":"https:\/\/www.europesays.com\/fr\/wp-json\/wp\/v2\/media?parent=109001"}],"wp:term":[{"taxonomy":"category","embeddable":true,"href":"https:\/\/www.europesays.com\/fr\/wp-json\/wp\/v2\/categories?post=109001"},{"taxonomy":"post_tag","embeddable":true,"href":"https:\/\/www.europesays.com\/fr\/wp-json\/wp\/v2\/tags?post=109001"}],"curies":[{"name":"wp","href":"https:\/\/api.w.org\/{rel}","templated":true}]}}