{"id":109003,"date":"2025-05-18T09:23:14","date_gmt":"2025-05-18T09:23:14","guid":{"rendered":"https:\/\/www.europesays.com\/fr\/109003\/"},"modified":"2025-05-18T09:23:14","modified_gmt":"2025-05-18T09:23:14","slug":"a-3h30-de-paris-cette-plage-lagune-grecque-vient-detre-elue-meilleure-deurope-en-2025","status":"publish","type":"post","link":"https:\/\/www.europesays.com\/fr\/109003\/","title":{"rendered":"\u00c0 3h30 de Paris, cette plage-lagune grecque vient d\u2019\u00eatre \u00e9lue meilleure d\u2019Europe en 2025"},"content":{"rendered":"<p class=\"\" data-start=\"0\" data-end=\"498\">L\u2019Europe continue d\u2019incarner un id\u00e9al baln\u00e9aire, o\u00f9 chaque pays d\u00e9cline \u00e0 sa mani\u00e8re l\u2019art de vivre les pieds dans l\u2019eau. Si Time Out actualise r\u00e9guli\u00e8rement ses recommandations en mati\u00e8re de <a href=\"https:\/\/www.timeout.fr\/paris\/actualites\/voici-la-plus-belle-plage-de-france-et-elle-ne-se-trouve-pas-dans-le-sud-051725\" target=\"_blank\" rel=\"noopener\">plages<\/a>, un autre acteur du tourisme vient d\u2019apporter sa pierre \u00e0 l\u2019\u00e9difice. European Best Destinations, plateforme sp\u00e9cialis\u00e9e dans la s\u00e9lection de destinations romantiques, de march\u00e9s de No\u00ebl ou de stations de ski, vient de publier son classement des dix plus belles plages du continent pour l\u2019ann\u00e9e 2025.<\/p>\n<p class=\"\" data-start=\"500\" data-end=\"787\">En t\u00eate de cette nouvelle s\u00e9lection, la plage-lagune de Port Glarokavos, situ\u00e9e sur la p\u00e9ninsule de Kassandra, dans la r\u00e9gion de Chalcidique, au nord de la Gr\u00e8ce. Un paysage m\u00e9diterran\u00e9en typique, entre mer calme, sable clair et v\u00e9g\u00e9tation clairsem\u00e9e, \u00e0 environ 3h30 de vol de Paris.<\/p>\n<p>\u00c0 lire aussi : <a href=\"https:\/\/www.timeout.fr\/paris\/actualites\/voici-la-plus-belle-plage-de-france-et-elle-ne-se-trouve-pas-dans-le-sud-051725\" target=\"_blank\" rel=\"noopener\">Voici la plus belle plage de France \u2013 et elle ne se trouve pas dans le sud<\/a><\/p>\n<p class=\"\" data-start=\"0\" data-end=\"325\">La lagune de Port Glarokavos s\u00e9duit par ses eaux peu profondes et paisibles, id\u00e9ales pour les familles, mais aussi pour les amateurs de kayak et de paddle. Une partie de la plage est am\u00e9nag\u00e9e avec des transats, tandis que d\u2019autres zones, pr\u00e9serv\u00e9es de toute installation, offrent un cadre propice \u00e0 l\u2019observation des oiseaux.<\/p>\n<p><img decoding=\"async\" id=\"cef6d57a-27dc-e799-413b-223eddca2f42\" class=\"photo lazy inline\" loading=\"lazy\" data-component=\"lazy-embed\" src=\"https:\/\/www.europesays.com\/fr\/wp-content\/uploads\/2025\/05\/1747560194_765_image.webp.webp\" alt=\"Vue a\u00e9rienne sur Port Glarokavos et la plage de la lagune dans la p\u00e9ninsule de Kassandra Chalkidiki Gr\u00e8ce\" data-caption=\"\" data-credit=\"Vue a\u00e9rienne sur Port Glarokavos et la plage de la lagune dans la p\u00e9ninsule de Kassandra Chalkidiki Gr\u00e8ce. \u00a9 Shutterstock \/ niki_spasov\" data-width-class=\"\" data-image-id=\"106275917\"\/>&#13;<br \/>\nVue a\u00e9rienne sur Port Glarokavos et la plage de la lagune dans la p\u00e9ninsule de Kassandra Chalkidiki Gr\u00e8ce. \u00a9 Shutterstock \/ niki_spasov&#13;<\/p>\n<p class=\"\" data-start=\"327\" data-end=\"654\">Derri\u00e8re ce havre grec, on retrouve en deuxi\u00e8me position Cala Brandinchi, en Sardaigne, surnomm\u00e9e la \u00ab Petite Tahiti \u00bb pour ses eaux cristallines et son sable d\u2019un blanc immacul\u00e9. La troisi\u00e8me marche du podium est occup\u00e9e par Cala Pregonda, \u00e0 Minorque, reconnaissable \u00e0 ses plages de sable ocre aux reflets rougeoyants.<\/p>\n<p>Les plus belles plages d\u2019Europe en 2025, selon European Best Destinations<\/p>\n<ol>&#13;<\/p>\n<li class=\"\" data-start=\"78\" data-end=\"160\">&#13;\n<p class=\"\" data-start=\"81\" data-end=\"160\"><strong data-start=\"81\" data-end=\"113\">Port Glarokavos Lagoon Beach<\/strong>, Gr\u00e8ce \u2013 P\u00e9ninsule de Kassandra, Chalcidique<\/p>\n<p>&#13;\n<\/li>\n<p>&#13;<\/p>\n<li class=\"\" data-start=\"161\" data-end=\"205\">&#13;\n<p class=\"\" data-start=\"164\" data-end=\"205\"><strong data-start=\"164\" data-end=\"183\">Cala Brandinchi<\/strong>, Italie \u2013 Sardaigne<\/p>\n<p>&#13;\n<\/li>\n<p>&#13;<\/p>\n<li class=\"\" data-start=\"206\" data-end=\"264\">&#13;\n<p class=\"\" data-start=\"209\" data-end=\"264\"><strong data-start=\"209\" data-end=\"226\">Cala Pregonda<\/strong>, Espagne \u2013 Minorque (\u00eeles Bal\u00e9ares)<\/p>\n<p>&#13;\n<\/li>\n<p>&#13;<\/p>\n<li class=\"\" data-start=\"265\" data-end=\"303\">&#13;\n<p class=\"\" data-start=\"268\" data-end=\"303\"><strong data-start=\"268\" data-end=\"281\">Cala Luna<\/strong>, Italie \u2013 Sardaigne<\/p>\n<p>&#13;\n<\/li>\n<p>&#13;<\/p>\n<li class=\"\" data-start=\"304\" data-end=\"354\">&#13;\n<p class=\"\" data-start=\"307\" data-end=\"354\"><strong data-start=\"307\" data-end=\"332\">Gale Fontainhas Beach<\/strong>, Portugal \u2013 Algarve<\/p>\n<p>&#13;\n<\/li>\n<p>&#13;<\/p>\n<li class=\"\" data-start=\"355\" data-end=\"399\">&#13;\n<p class=\"\" data-start=\"358\" data-end=\"399\"><strong data-start=\"358\" data-end=\"377\">La Pelosa Beach<\/strong>, Italie \u2013 Sardaigne<\/p>\n<p>&#13;\n<\/li>\n<p>&#13;<\/p>\n<li class=\"\" data-start=\"400\" data-end=\"451\">&#13;\n<p class=\"\" data-start=\"403\" data-end=\"451\"><strong data-start=\"403\" data-end=\"427\">Playa de Los Muertos<\/strong>, Espagne \u2013 Andalousie<\/p>\n<p>&#13;\n<\/li>\n<p>&#13;<\/p>\n<li class=\"\" data-start=\"452\" data-end=\"509\">&#13;\n<p class=\"\" data-start=\"455\" data-end=\"509\"><strong data-start=\"455\" data-end=\"470\">Assos Beach<\/strong>, Gr\u00e8ce \u2013 C\u00e9phalonie (\u00eeles Ioniennes)<\/p>\n<p>&#13;\n<\/li>\n<p>&#13;<\/p>\n<li class=\"\" data-start=\"510\" data-end=\"551\">&#13;\n<p class=\"\" data-start=\"513\" data-end=\"551\"><strong data-start=\"513\" data-end=\"528\">Banje Beach<\/strong>, Croatie \u2013 Dubrovnik<\/p>\n<p>&#13;\n<\/li>\n<p>&#13;<\/p>\n<li class=\"\" data-start=\"552\" data-end=\"595\">&#13;\n<p class=\"\" data-start=\"556\" data-end=\"595\"><strong data-start=\"556\" data-end=\"575\">Gulpiyuri Beach<\/strong>, Espagne \u2013 Asturies<\/p>\n<p>&#13;\n<\/li>\n<p>&#13;\n<\/ol>\n","protected":false},"excerpt":{"rendered":"L\u2019Europe continue d\u2019incarner un id\u00e9al baln\u00e9aire, o\u00f9 chaque pays d\u00e9cline \u00e0 sa mani\u00e8re l\u2019art de vivre les pieds&hellip;\n","protected":false},"author":2,"featured_media":109004,"comment_status":"","ping_status":"","sticky":false,"template":"","format":"standard","meta":{"footnotes":""},"categories":[1888],"tags":[1111,1928,11,1927,12059,12058,1777,674,1011,27,12,1926,626,1925,25,586],"class_list":{"0":"post-109003","1":"post","2":"type-post","3":"status-publish","4":"format-standard","5":"has-post-thumbnail","7":"category-paris","8":"tag-actu","9":"tag-actu-paris","10":"tag-actualites","11":"tag-actualites-paris","12":"tag-actualites-transport-et-voyage","13":"tag-categories-voyage","14":"tag-eu","15":"tag-europe","16":"tag-fr","17":"tag-france","18":"tag-news","19":"tag-news-paris","20":"tag-paris","21":"tag-paris-news","22":"tag-republique-francaise","23":"tag-voyage"},"share_on_mastodon":{"url":"https:\/\/pubeurope.com\/@fr\/114528112035412507","error":""},"_links":{"self":[{"href":"https:\/\/www.europesays.com\/fr\/wp-json\/wp\/v2\/posts\/109003","targetHints":{"allow":["GET"]}}],"collection":[{"href":"https:\/\/www.europesays.com\/fr\/wp-json\/wp\/v2\/posts"}],"about":[{"href":"https:\/\/www.europesays.com\/fr\/wp-json\/wp\/v2\/types\/post"}],"author":[{"embeddable":true,"href":"https:\/\/www.europesays.com\/fr\/wp-json\/wp\/v2\/users\/2"}],"replies":[{"embeddable":true,"href":"https:\/\/www.europesays.com\/fr\/wp-json\/wp\/v2\/comments?post=109003"}],"version-history":[{"count":0,"href":"https:\/\/www.europesays.com\/fr\/wp-json\/wp\/v2\/posts\/109003\/revisions"}],"wp:featuredmedia":[{"embeddable":true,"href":"https:\/\/www.europesays.com\/fr\/wp-json\/wp\/v2\/media\/109004"}],"wp:attachment":[{"href":"https:\/\/www.europesays.com\/fr\/wp-json\/wp\/v2\/media?parent=109003"}],"wp:term":[{"taxonomy":"category","embeddable":true,"href":"https:\/\/www.europesays.com\/fr\/wp-json\/wp\/v2\/categories?post=109003"},{"taxonomy":"post_tag","embeddable":true,"href":"https:\/\/www.europesays.com\/fr\/wp-json\/wp\/v2\/tags?post=109003"}],"curies":[{"name":"wp","href":"https:\/\/api.w.org\/{rel}","templated":true}]}}