{"id":109009,"date":"2025-05-18T09:26:08","date_gmt":"2025-05-18T09:26:08","guid":{"rendered":"https:\/\/www.europesays.com\/fr\/109009\/"},"modified":"2025-05-18T09:26:08","modified_gmt":"2025-05-18T09:26:08","slug":"la-russie-dit-avoir-abattu-25-drones-ukrainiens-18-05-2025-a-1107","status":"publish","type":"post","link":"https:\/\/www.europesays.com\/fr\/109009\/","title":{"rendered":"La Russie dit avoir abattu 25 drones ukrainiens &#8211; 18\/05\/2025 \u00e0 11:07"},"content":{"rendered":"<p>\n La Russie a d\u00e9truit 25 drones<br \/>\nukrainiens dans deux de ses r\u00e9gions frontali\u00e8res de l&rsquo;Ukraine, a<br \/>\nd\u00e9clar\u00e9 dimanche le minist\u00e8re russe de la D\u00e9fense.\n<\/p>\n<p>\n Vingt-deux drones ont \u00e9t\u00e9 abattus dans la r\u00e9gion de Belgorod<br \/>\net trois autres dans celle de Briansk, a-t-il pr\u00e9cis\u00e9.\n<\/p>\n<p>\n Alexandre Bogomaz, gouverneur de Briansk, a dit que<br \/>\nl&rsquo;attaque n&rsquo;avait fait ni victime ni d\u00e9g\u00e2t dans sa r\u00e9gion.\n<\/p>\n<p>\n Alexandre Khinchtein, son homologue de la r\u00e9gion de Koursk,<br \/>\nautre r\u00e9gion frontali\u00e8re de l&rsquo;Ukraine, a pour sa part fait \u00e9tat<br \/>\nde la mort d&rsquo;une femme de 69 ans tu\u00e9e par un explosif largu\u00e9 par<br \/>\nun drone au cours de la nuit.\n<\/p>\n<p>\n (R\u00e9daction de Reuters, version fran\u00e7aise Bertrand Boucey)<\/p>\n","protected":false},"excerpt":{"rendered":"La Russie a d\u00e9truit 25 drones ukrainiens dans deux de ses r\u00e9gions frontali\u00e8res de l&rsquo;Ukraine, a d\u00e9clar\u00e9 dimanche&hellip;\n","protected":false},"author":2,"featured_media":2486,"comment_status":"","ping_status":"","sticky":false,"template":"","format":"standard","meta":{"footnotes":""},"categories":[1591],"tags":[400,11,398,408,405,1887,403,402,399,404,12,1885,1886,132,401,406,407],"class_list":{"0":"post-109009","1":"post","2":"type-post","3":"status-publish","4":"format-standard","5":"has-post-thumbnail","7":"category-russie","8":"tag-action-cac-40","9":"tag-actualites","10":"tag-bourse-de-paris","11":"tag-boursorama","12":"tag-cotations","13":"tag-federation-de-russie","14":"tag-indices-devises","15":"tag-investir","16":"tag-investissement","17":"tag-marche-boursier","18":"tag-news","19":"tag-russia","20":"tag-russian-federation","21":"tag-russie","22":"tag-sicav","23":"tag-trackers","24":"tag-warrants"},"share_on_mastodon":{"url":"https:\/\/pubeurope.com\/@fr\/114528123900521230","error":""},"_links":{"self":[{"href":"https:\/\/www.europesays.com\/fr\/wp-json\/wp\/v2\/posts\/109009","targetHints":{"allow":["GET"]}}],"collection":[{"href":"https:\/\/www.europesays.com\/fr\/wp-json\/wp\/v2\/posts"}],"about":[{"href":"https:\/\/www.europesays.com\/fr\/wp-json\/wp\/v2\/types\/post"}],"author":[{"embeddable":true,"href":"https:\/\/www.europesays.com\/fr\/wp-json\/wp\/v2\/users\/2"}],"replies":[{"embeddable":true,"href":"https:\/\/www.europesays.com\/fr\/wp-json\/wp\/v2\/comments?post=109009"}],"version-history":[{"count":0,"href":"https:\/\/www.europesays.com\/fr\/wp-json\/wp\/v2\/posts\/109009\/revisions"}],"wp:featuredmedia":[{"embeddable":true,"href":"https:\/\/www.europesays.com\/fr\/wp-json\/wp\/v2\/media\/2486"}],"wp:attachment":[{"href":"https:\/\/www.europesays.com\/fr\/wp-json\/wp\/v2\/media?parent=109009"}],"wp:term":[{"taxonomy":"category","embeddable":true,"href":"https:\/\/www.europesays.com\/fr\/wp-json\/wp\/v2\/categories?post=109009"},{"taxonomy":"post_tag","embeddable":true,"href":"https:\/\/www.europesays.com\/fr\/wp-json\/wp\/v2\/tags?post=109009"}],"curies":[{"name":"wp","href":"https:\/\/api.w.org\/{rel}","templated":true}]}}