{"id":109016,"date":"2025-05-18T09:31:09","date_gmt":"2025-05-18T09:31:09","guid":{"rendered":"https:\/\/www.europesays.com\/fr\/109016\/"},"modified":"2025-05-18T09:31:09","modified_gmt":"2025-05-18T09:31:09","slug":"comment-des-cercles-de-reflexion-ultraconservateurs-entendent-demanteler-lunion-europeenne-lexpress","status":"publish","type":"post","link":"https:\/\/www.europesays.com\/fr\/109016\/","title":{"rendered":"Comment des cercles de r\u00e9flexion ultraconservateurs entendent d\u00e9manteler l\u2019Union europ\u00e9enne \u2013 L&rsquo;Express"},"content":{"rendered":"<p class=\"paragraph article-body-paragraph article__item   article-body-paragraph--first \">Giorgia Meloni, Viktor Orban, Robert Fico\u2026 Avec un George Simion en Roumanie et un Karol Nawrocki en Pologne, la liste des dirigeants populistes et nationalistes \u00e0 la t\u00eate d\u2019un Etat europ\u00e9en pourrait s\u2019allonger. <a href=\"https:\/\/www.lexpress.fr\/monde\/europe\/presidentielle-en-roumanie-pourquoi-cette-election-est-cruciale-pour-leurope-IKJDEXSSCVEXPBIB34OOHORBKA\/\" target=\"_blank\" rel=\"nofollow noopener\">La Roumanie vote ce dimanche 18 mai<\/a> pour \u00e9lire son pr\u00e9sident, cinq mois apr\u00e8s la spectaculaire annulation d\u2019un scrutin entach\u00e9 de <a href=\"https:\/\/www.lexpress.fr\/monde\/europe\/roumanie-face-aux-ingerences-russes-une-europe-trop-lente-et-trop-timoree-NY2E55JUV5FYPFE5QF7AYADY6I\/\" target=\"_blank\" rel=\"nofollow noopener\">soup\u00e7ons d\u2019ing\u00e9rence russe<\/a>. Le souverainiste George Simion, fervent admirateur de Donald Trump et chef du parti nationaliste AUR, et Nicusor Dan, maire centriste de Bucarest, s\u2019affrontent au second tour pour d\u00e9crocher le poste. En Pologne, Karol Nawrocki, candidat du PiS, le parti souverainiste et europhobe polonais, pourrait \u00e9galement l&#8217;emporter sur le maire de Varsovie, Rafal Trzaskowski, un pro-Union europ\u00e9enne (UE), lors de l\u2019\u00e9lection pr\u00e9sidentielle, dont <a href=\"https:\/\/www.lexpress.fr\/monde\/europe\/elections-en-pologne-comment-le-pays-est-devenu-un-acteur-incontournable-en-europe-6PZ4DCLZ55EEPDJ5ZKX326MEHQ\/\" target=\"_blank\" rel=\"nofollow noopener\">le premier tour<\/a> a lieu ce dimanche.<\/p>\n<p class=\"paragraph article-body-paragraph article__item   \">Au-del\u00e0 des logiques nationales, <a href=\"https:\/\/www.lexpress.fr\/monde\/presidentielle-roumaine-contre-le-candidat-pro-europeen-une-virulente-campagne-de-desinformation-UEW2LC6YXNAENMNLKXJMXXI7LU\/\" target=\"_blank\" rel=\"nofollow noopener\">ces \u00e9lections<\/a> montrent qu\u2019une dynamique transfrontali\u00e8re est de plus en plus pr\u00e9sente dans les scrutins, principalement en Europe. <a href=\"https:\/\/www.letemps.ch\/opinions\/chroniques\/manuel-du-petit-chimiste-trumpiste-pour-dynamiter-l-europe?srsltid=AfmBOopyL7GEIzojMznMgdBCiGZ5ZWAUYkL4Y2cfs47XpTjF9E6awM5s\" target=\"_blank\" rel=\"nofollow noopener\">Comme le rappelle Le Temps<\/a>, George Simion a en effet re\u00e7u le soutien du Premier ministre Hongrois Viktor Orban et de l\u2019actuel pr\u00e9sident conservateur polonais Andrzej Duda. Karol Nawrocki a fait campagne avec George Simion et obtenu la b\u00e9n\u00e9diction de Donald Trump. Le quotidien suisse n\u2019est pas loin de parler d\u2019une \u00ab\u00a0Internationale nationaliste\u00a0\u00bb et pr\u00e9cise que celle-ci a d\u00e9j\u00e0 un contre-projet de r\u00e9forme de l\u2019UE : \u00ab\u00a0La Grande R\u00e9initialisation : r\u00e9tablir la souverainet\u00e9 des Etats membres au XXIe si\u00e8cle.\u00a0\u00bb<\/p>\n<p><strong class=\"article-body-link-list__item text-gray-800 article-body-link-list__item--one-item\">LIRE AUSSI : <a class=\"article-body-link-list__item-link\" href=\"https:\/\/www.lexpress.fr\/monde\/europe\/presidentielle-en-pologne-alerte-rouge-face-aux-ingerences-russes-ULUMDPG2KVBK5FEJXKC6UXUHSM\/\" target=\"_blank\" rel=\"noreferrer nofollow noopener\">Pr\u00e9sidentielle en Pologne : alerte rouge face aux ing\u00e9rences russes<\/a><\/strong><\/p>\n<p class=\"paragraph article-body-paragraph article__item   \">Il s\u2019agit d\u2019un rapport pr\u00e9sent\u00e9 \u00e0 huis clos \u00e0 <a href=\"https:\/\/www.lexpress.fr\/monde\/amerique\/project-2025-quand-donald-trump-applique-scrupuleusement-ce-plan-conservateur-7PHWYZ4LPBHD5IOYCPGTEK26PQ\/\" target=\"_blank\" rel=\"nofollow noopener\">la Heritage Foundation<\/a> &#8211; le principal laboratoire d\u2019id\u00e9es de Donald Trump -, le 11 mars 2025 \u00e0 Washington, par deux think tanks ultraconservateurs hongrois et polonais. Ce document d\u00e9voil\u00e9 par <a href=\"https:\/\/legrandcontinent.eu\/fr\/2025\/03\/12\/comment-deux-instituts-hongrois-et-polonais-veulent-demanteler-lunion-europeenne-de-linterieur-avec-laide-de-la-heritage-foundation\/\" target=\"_blank\" rel=\"nofollow noopener\">le site d\u2019information Le Grand Continent<\/a> dresse une v\u00e9ritable feuille de route pour d\u00e9manteler l\u2019Union europ\u00e9enne de l\u2019int\u00e9rieur. \u00ab\u00a0Il fait aujourd\u2019hui figure de manuel du parfait petit chimiste livr\u00e9 par Washington pour dynamiter l\u2019Union europ\u00e9enne\u00a0\u00bb, estime le chroniqueur du Temps.<\/p>\n<p>\u00ab\u00a0Rendre \u00e0 l\u2019Europe sa grandeur\u00a0\u00bb<\/p>\n<p class=\"paragraph article-body-paragraph article__item   \">Ce rapport r\u00e9alis\u00e9 par le think tank Ordo Iuris Institute for Legal Culture en Pologne et Mathias Corvinus Collegium (MCC) en Hongrie &#8211; une institution d\u2019enseignement priv\u00e9e financ\u00e9e par l\u2019Etat hongrois et \u00e9troitement li\u00e9e <a href=\"https:\/\/www.lexpress.fr\/monde\/europe\/en-hongrie-viktor-orban-franchit-un-nouveau-cap-dans-sa-revolution-conservatrice-VGVHIJ7PXZAS3IKGBXIW2QWVRU\/\" target=\"_blank\" rel=\"nofollow noopener\">au gouvernement de Viktor Orban<\/a> &#8211; pr\u00e9sente un contre-projet de r\u00e9forme de l\u2019UE qui vise \u00e0 \u00ab\u00a0restaurer la d\u00e9mocratie et la souverainet\u00e9 nationale au centre de la coop\u00e9ration de l\u2019Union et \u00e0 rendre \u00e0 l\u2019Europe sa grandeur\u00a0\u00bb. La ligne directrice du rapport est le maintien et l\u2019affirmation des \u00ab\u00a0identit\u00e9s culturelles et historiques\u00a0\u00bb des pays membres de l\u2019UE.<\/p>\n<p class=\"paragraph article-body-paragraph article__item   \">Les auteurs de ce document pr\u00e9conisent de r\u00e9duire la Commission europ\u00e9enne \u00e0 un secr\u00e9tariat g\u00e9n\u00e9ral sans pouvoir, autrement dit \u00e0 une structure strictement technique, tandis que le Parlement europ\u00e9en serait simplement consultatif. Tout pouvoir d\u00e9cisionnel reposerait sur les Etats membres r\u00e9unis en Conseil. La liste des recommandations comprend \u00e9galement la suppression des symboles europ\u00e9ens (drapeau, devise, monnaie, hymne). Les deux think tanks recommandent encore de renommer l\u2019UE \u00ab\u00a0Communaut\u00e9 europ\u00e9enne des nations (ECN)\u00a0\u00bb, afin de parer au soi-disant d\u00e9clin du continent, pr\u00e9cise Le Grand Continent. Ces propositions entra\u00eeneraient donc un d\u00e9tricotage \u00e0 toute vitesse de l\u2019\u00e9difice \u00e9conomique et juridique europ\u00e9en\u2026 Ce qui ne devrait pas d\u00e9plaire \u00e0 la Russie de Vladimir Poutine.<\/p>\n<p><strong class=\"article-body-link-list__item text-gray-800 article-body-link-list__item--one-item\">LIRE AUSSI : <a class=\"article-body-link-list__item-link\" href=\"https:\/\/www.lexpress.fr\/monde\/amerique\/dans-lombre-de-donald-trump-leffrayante-vision-de-lamerique-portee-par-le-projet-2025-KGFLBBM33RDT7KQZQ2KU3S5QWM\/?auth=c1d6b969cd\" target=\"_blank\" rel=\"noreferrer nofollow noopener\">Dans l&rsquo;ombre de Donald Trump, l&rsquo;effrayante vision de l&rsquo;Am\u00e9rique port\u00e9e par le \u00ab\u00a0Projet 2025\u00a0\u00bb<\/a><\/strong><\/p>\n<p class=\"paragraph article-body-paragraph article__item    article__text__endpicto\">Le Grand Continent pr\u00e9cise que l\u2019Ordo Iuris et le Mathias Corvinus Collegium entretiennent tous deux des liens avec le Kremlin : le lobby polonais par l\u2019interm\u00e9diaire de groupes comme Agenda Europe et le World Congress of Families (li\u00e9 \u00e0 l\u2019oligarque russe proche de Vladimir Poutine, Konstantin Malofe\u00efev) et l\u2019institution hongroise par le biais de l\u2019entreprise p\u00e9troli\u00e8re MOL, qui vend du p\u00e9trole russe. Mais, comme l\u2019indique Le Temps, plut\u00f4t que d\u2019ing\u00e9rences russes &#8211; \u00e0 nouveau point\u00e9es du doigt en Roumanie et en Pologne -, il s\u2019agit surtout, dans ce cas pr\u00e9cis, du travail de sabotage de l\u2019UE men\u00e9 par l\u2019administration Trump. Elon Musk sur son r\u00e9seau social X et le vice-pr\u00e9sident am\u00e9ricain J. D. Vance,<a href=\"https:\/\/www.lexpress.fr\/monde\/europe\/conference-de-munich-la-charge-de-jd-vance-contre-ses-allies-europeens-UNJBJ3PNLNDFLNR47F7KFTNTXQ\/\" target=\"_blank\" rel=\"nofollow noopener\"> en f\u00e9vrier dernier \u00e0 Munich<\/a>, avaient donn\u00e9 le ton.<\/p>\n","protected":false},"excerpt":{"rendered":"Giorgia Meloni, Viktor Orban, Robert Fico\u2026 Avec un George Simion en Roumanie et un Karol Nawrocki en Pologne,&hellip;\n","protected":false},"author":2,"featured_media":109017,"comment_status":"","ping_status":"","sticky":false,"template":"","format":"standard","meta":{"footnotes":""},"categories":[1586],"tags":[11,1777,674,1011,27,74,12,25],"class_list":{"0":"post-109016","1":"post","2":"type-post","3":"status-publish","4":"format-standard","5":"has-post-thumbnail","7":"category-europe","8":"tag-actualites","9":"tag-eu","10":"tag-europe","11":"tag-fr","12":"tag-france","13":"tag-monde","14":"tag-news","15":"tag-republique-francaise"},"share_on_mastodon":{"url":"https:\/\/pubeurope.com\/@fr\/114528143538683259","error":""},"_links":{"self":[{"href":"https:\/\/www.europesays.com\/fr\/wp-json\/wp\/v2\/posts\/109016","targetHints":{"allow":["GET"]}}],"collection":[{"href":"https:\/\/www.europesays.com\/fr\/wp-json\/wp\/v2\/posts"}],"about":[{"href":"https:\/\/www.europesays.com\/fr\/wp-json\/wp\/v2\/types\/post"}],"author":[{"embeddable":true,"href":"https:\/\/www.europesays.com\/fr\/wp-json\/wp\/v2\/users\/2"}],"replies":[{"embeddable":true,"href":"https:\/\/www.europesays.com\/fr\/wp-json\/wp\/v2\/comments?post=109016"}],"version-history":[{"count":0,"href":"https:\/\/www.europesays.com\/fr\/wp-json\/wp\/v2\/posts\/109016\/revisions"}],"wp:featuredmedia":[{"embeddable":true,"href":"https:\/\/www.europesays.com\/fr\/wp-json\/wp\/v2\/media\/109017"}],"wp:attachment":[{"href":"https:\/\/www.europesays.com\/fr\/wp-json\/wp\/v2\/media?parent=109016"}],"wp:term":[{"taxonomy":"category","embeddable":true,"href":"https:\/\/www.europesays.com\/fr\/wp-json\/wp\/v2\/categories?post=109016"},{"taxonomy":"post_tag","embeddable":true,"href":"https:\/\/www.europesays.com\/fr\/wp-json\/wp\/v2\/tags?post=109016"}],"curies":[{"name":"wp","href":"https:\/\/api.w.org\/{rel}","templated":true}]}}