{"id":109039,"date":"2025-05-18T09:45:08","date_gmt":"2025-05-18T09:45:08","guid":{"rendered":"https:\/\/www.europesays.com\/fr\/109039\/"},"modified":"2025-05-18T09:45:08","modified_gmt":"2025-05-18T09:45:08","slug":"jai-cette-chance-immense-ce-privilege-exorbitant-davoir-eu-une-mere-que-jaimais-et-qui-maimait","status":"publish","type":"post","link":"https:\/\/www.europesays.com\/fr\/109039\/","title":{"rendered":"\u00abJ\u2019ai cette chance immense, ce privil\u00e8ge exorbitant, d\u2019avoir eu une m\u00e8re que j\u2019aimais et qui m\u2019aimait\u00bb"},"content":{"rendered":"<p>Le journaliste, animateur, r\u00e9alisateur, acteur et \u00e9crivain, qui vient de publier un roman graphique Il d\u00e9serte, rend hommage \u00e0 sa m\u00e8re Jacqueline Joubert, pionni\u00e8re des pr\u00e9sentatrices de t\u00e9l\u00e9vision et productrice embl\u00e9matique.<\/p>\n<p class=\"fig-paragraph\">Ma\u00a0<a href=\"https:\/\/madame.lefigaro.fr\/tag\/mere\" target=\"_blank\" rel=\"noopener\" data-gtm-custom-categorie=\"navigation\" data-gtm-custom-action=\"crossclick\" data-gtm-custom-label=\"Contextuel\" data-gtm-event=\"customEventSPE\">m\u00e8re<\/a>\u00a0me sourit. \u00c0 chaque fois que je m\u2019installe \u00e0 mon bureau pour travailler, je la retrouve, glac\u00e9e pour l\u2019\u00e9ternit\u00e9 sur papier baryt\u00e9, un portrait noir et blanc sign\u00e9 Harcourt, ambiance film noir, et son sourire me console de tout, des petites vicissitudes du quotidien aux drames les plus intimes. C\u2019est le souvenir que je garde d\u2019elle, vingt ans apr\u00e8s l\u2019avoir perdue. J\u2019ai cette chance immense, ce privil\u00e8ge exorbitant, d\u2019avoir eu une m\u00e8re que j\u2019aimais et qui m\u2019aimait. Comme tout le monde, elle avait travers\u00e9 des \u00e9preuves \u00e9pouvantables. Elle avait perdu son p\u00e8re ador\u00e9 \u00e0 l\u2019\u00e2ge de 8 ans avant de traverser les ann\u00e9es noires de l\u2019Occupation. Du premier, elle gardait le souvenir d\u2019un homme a\u00e9rien et fantasque \u2013 directeur de th\u00e9\u00e2tre, metteur en sc\u00e8ne et com\u00e9dien \u2013 en qui elle voyait un jumeau karmique de son idole de toujours\u00a0: Fred Astaire. C\u2019est sans doute de lui qu\u2019elle \u00e9prouvait l\u2019irr\u00e9sistible besoin d\u2019avancer dans la vie au rythme d\u2019un pas de danse dont elle seule entendait la musique, ce qui me for\u00e7ait, enfant, \u00e0 trotter sur ses pas pour ne pas perdre la cadence. Elle camouflait divinement bien ses blessures, ses inqui\u00e9tudes, ses tourments pour ne surtout pas les faire supporter \u00e0 ceux qu\u2019elle aimait. Never explain, never complain, r\u00e9p\u00e9tait-elle en souriant comme s\u2019il se f\u00fbt agi du refrain d\u2019une de ses chansons pr\u00e9f\u00e9r\u00e9es, tiens, par exemple, la sublime Folle complainte, de Charles Trenet, qu\u2019elle fredonnait en glissant rapidement sur l\u2019\u00e9vocation de cette \u00ab\u00a0pauvre bonne, trouv\u00e9e hier soir, derri\u00e8re la porte de bois, avec une passoire, se donnant de la joie\u00a0\u00bb pour ne pas affoler mes chastes oreilles d\u2019enfant.<\/p>\n<p>L\u00e9g\u00e8ret\u00e9 et \u00e9l\u00e9gance<\/p>\n<p class=\"fig-paragraph\">C\u2019est cette forme de l\u00e9g\u00e8ret\u00e9 et d\u2019\u00e9l\u00e9gance qui la rendaient si pr\u00e9cieuse \u00e0 mes yeux. Et pourtant, Dieu sait si elle se battait avec vaillance, d\u00e9termination et humour dans cet univers hautement masculin qu\u2019\u00e9tait celui de la t\u00e9l\u00e9vision des ann\u00e9es 1950 et 1960. On attendait des femmes qu\u2019elles pr\u00e9sentent, tout sourire, des programmes con\u00e7us, \u00e9labor\u00e9s, produits et r\u00e9alis\u00e9s par des hommes. Pour ce qui \u00e9tait du sourire, ma m\u00e8re, \u00e0 la mani\u00e8re d\u2019un Gandhi, ne se d\u00e9partait jamais du sien, une arme puissante et d\u00e9stabilisante, mais sans jamais pour autant renoncer \u00e0 l\u2019essentiel, \u00e0 savoir, \u00e0 comp\u00e9tence \u00e9gale, poste \u00e9gal. Autant dire que sa\u00a0<a href=\"https:\/\/madame.lefigaro.fr\/tag\/carriere\" target=\"_blank\" rel=\"noopener\" data-gtm-custom-categorie=\"navigation\" data-gtm-custom-action=\"crossclick\" data-gtm-custom-label=\"Contextuel\" data-gtm-event=\"customEventSPE\">carri\u00e8re<\/a>\u00a0fut loin d\u2019\u00eatre un fleuve tranquille, que les hauts et les bas se succ\u00e9daient comme autant de montagnes russes sans que jamais, \u00e0 nos yeux du moins, elle ne perd\u00eet ni foi ni \u00e9quilibre. C\u2019est \u00e0 elle, et \u00e0 son courage sans faille, que je suis redevable d\u2019une forme de l\u00e9g\u00e8ret\u00e9 qui me prot\u00e8ge, \u00e0 mon tour, de la pesanteur du monde et du si redoutable esprit de s\u00e9rieux. L\u2019\u00e2me de Trenet s\u2019est dissoute, comme il le chantait. Celle de ma m\u00e8re aussi. Mais poussi\u00e8re n\u2019\u00e9tait pas son nom. Elle s\u2019appelait Jacqueline.<\/p>\n","protected":false},"excerpt":{"rendered":"Le journaliste, animateur, r\u00e9alisateur, acteur et \u00e9crivain, qui vient de publier un roman graphique Il d\u00e9serte, rend hommage&hellip;\n","protected":false},"author":2,"featured_media":109040,"comment_status":"","ping_status":"","sticky":false,"template":"","format":"standard","meta":{"footnotes":""},"categories":[1359],"tags":[253,2594,22724,2593,972,1696,650,58,59,849,18808,638,1011,27,2173,2003,977,5875,873,973,974],"class_list":{"0":"post-109039","1":"post","2":"type-post","3":"status-publish","4":"format-standard","5":"has-post-thumbnail","7":"category-people","8":"tag-acteur","9":"tag-actrice","10":"tag-antoine-de-caunes","11":"tag-artiste","12":"tag-celebrite","13":"tag-chanteur","14":"tag-cinema","15":"tag-divertissement","16":"tag-entertainment","17":"tag-festival","18":"tag-fete-des-meres","19":"tag-figaro","20":"tag-fr","21":"tag-france","22":"tag-interview","23":"tag-livre","24":"tag-madame","25":"tag-mere","26":"tag-musique","27":"tag-people","28":"tag-star"},"share_on_mastodon":{"url":"https:\/\/pubeurope.com\/@fr\/114528198584105071","error":""},"_links":{"self":[{"href":"https:\/\/www.europesays.com\/fr\/wp-json\/wp\/v2\/posts\/109039","targetHints":{"allow":["GET"]}}],"collection":[{"href":"https:\/\/www.europesays.com\/fr\/wp-json\/wp\/v2\/posts"}],"about":[{"href":"https:\/\/www.europesays.com\/fr\/wp-json\/wp\/v2\/types\/post"}],"author":[{"embeddable":true,"href":"https:\/\/www.europesays.com\/fr\/wp-json\/wp\/v2\/users\/2"}],"replies":[{"embeddable":true,"href":"https:\/\/www.europesays.com\/fr\/wp-json\/wp\/v2\/comments?post=109039"}],"version-history":[{"count":0,"href":"https:\/\/www.europesays.com\/fr\/wp-json\/wp\/v2\/posts\/109039\/revisions"}],"wp:featuredmedia":[{"embeddable":true,"href":"https:\/\/www.europesays.com\/fr\/wp-json\/wp\/v2\/media\/109040"}],"wp:attachment":[{"href":"https:\/\/www.europesays.com\/fr\/wp-json\/wp\/v2\/media?parent=109039"}],"wp:term":[{"taxonomy":"category","embeddable":true,"href":"https:\/\/www.europesays.com\/fr\/wp-json\/wp\/v2\/categories?post=109039"},{"taxonomy":"post_tag","embeddable":true,"href":"https:\/\/www.europesays.com\/fr\/wp-json\/wp\/v2\/tags?post=109039"}],"curies":[{"name":"wp","href":"https:\/\/api.w.org\/{rel}","templated":true}]}}