{"id":1090429,"date":"2026-07-27T08:13:20","date_gmt":"2026-07-27T08:13:20","guid":{"rendered":"https:\/\/www.europesays.com\/fr\/1090429\/"},"modified":"2026-07-27T08:13:20","modified_gmt":"2026-07-27T08:13:20","slug":"poignees-affleurantes-les-etats-unis-preparent-une-reglementation-apres-des-deces-frandroid","status":"publish","type":"post","link":"https:\/\/www.europesays.com\/fr\/1090429\/","title":{"rendered":"Poign\u00e9es affleurantes : les \u00c9tats-Unis pr\u00e9parent une r\u00e9glementation apr\u00e8s des d\u00e9c\u00e8s \u2014 Frandroid"},"content":{"rendered":"<p>D\u00e9j\u00e0 r\u00e9glement\u00e9es en Chine, les poign\u00e9es de porte int\u00e9gr\u00e9es \u00e0 la carrosserie pourraient d\u00e9sormais l\u2019\u00eatre aux \u00c9tats-Unis. Le pays envisage un cadre r\u00e9glementaire pour ces \u00e9l\u00e9ments tr\u00e8s r\u00e9pandus sur les voitures \u00e9lectriques.<\/p>\n<p><a href=\"https:\/\/images.frandroid.com\/wp-content\/uploads\/2025\/10\/tesla-model-y-performance-2025-00003.jpg\" target=\"_blank\" rel=\"noopener nofollow\" class=\"article-content__figure\"><img fetchpriority=\"high\" decoding=\"async\" loading=\"eager\" width=\"1200\" height=\"800\" src=\"https:\/\/www.europesays.com\/fr\/wp-content\/uploads\/2026\/07\/tesla-model-y-performance-2025-00003.jpg\" alt=\"\" class=\"wp-image-2838165 wp-image wp-image\"  \/><\/a>Tesla Model Y Performance (2025) \/\/ Source : Robin Wycke pour Frandroid<\/p>\n<p>Alors que les voitures \u00e9lectriques sont de plus en plus nombreuses, les constructeurs se livrent \u00e0 une bataille tr\u00e8s intense, <strong>qui concerne tout particuli\u00e8rement l\u2019autonomie<\/strong>. Ainsi, tout est fait pour optimiser cette derni\u00e8re, gr\u00e2ce au logiciel et au design. C\u2019est pour cela que de plus en plus d\u2019autos sont aujourd\u2019hui <strong>\u00e9quip\u00e9es de poign\u00e9es affleurantes<\/strong>, int\u00e9gr\u00e9es directement dans la carrosserie. Sur le papier, l\u2019id\u00e9e est bonne. Mais dans les faits, c\u2019est en r\u00e9alit\u00e9 un peu diff\u00e9rent. Car l\u2019impact r\u00e9el sur le <a href=\"https:\/\/www.frandroid.com\/survoltes\/voitures-electriques\/1723317_les-secrets-de-laerodynamisme-pourquoi-le-cx-est-crucial-pour-les-voitures-electriques\" rel=\"nofollow noopener\" target=\"_blank\">Cx (coefficient de tra\u00een\u00e9e)<\/a> est relativement restreint.<\/p>\n<p>Mais surtout, cette solution <strong>peut se r\u00e9v\u00e9ler tr\u00e8s dangereuse<\/strong> pour les occupants. Car le syst\u00e8me peut parfois dysfonctionner, bloquant les passagers \u00e0 l\u2019int\u00e9rieur de la voiture. Ce qui peut arriver en cas d\u2019accident tr\u00e8s violent. C\u2019est pour cela que <a href=\"https:\/\/www.frandroid.com\/survoltes\/voitures-electriques\/2964425_pourquoi-la-chine-dit-non-aux-poignees-de-portes-electriques-des-voitures\" rel=\"nofollow noopener\" target=\"_blank\">la Chine avait d\u00e9cid\u00e9 de serrer la vis<\/a>, alors que plusieurs d\u00e9c\u00e8s ont \u00e9t\u00e9 recens\u00e9s \u00e0 cause de ces poign\u00e9es. Et voil\u00e0 que les \u00c9tats-Unis pourraient d\u00e9sormais lui embo\u00eeter le pas, comme le relate <a href=\"https:\/\/www.numerama.com\/vroom\/2301307-les-etats-unis-envisagent-dencadrer-les-poignees-de-porte-electriques-apres-des-incidents-mortels-dans-des-tesla.html\" target=\"_blank\" rel=\"noreferrer noopener nofollow\">Numerama<\/a>. Mais quelle est la raison\u00a0?<\/p>\n<p><a href=\"https:\/\/images.frandroid.com\/wp-content\/uploads\/2025\/10\/g23xywuw0aaisa7.jpeg\" target=\"_blank\" rel=\"noopener nofollow\" class=\"article-content__figure\"><img loading=\"lazy\" decoding=\"async\" width=\"1200\" height=\"675\" src=\"https:\/\/www.europesays.com\/fr\/wp-content\/uploads\/2026\/07\/g23xywuw0aaisa7-1200x675.jpeg\" alt=\"\" class=\"wp-image-2827009 wp-image\"  \/><\/a>Tesla Model Y Standard \/\/ Source : Tesla<\/p>\n<p>En fait, la NHTSA, l\u2019\u00e9quivalent de notre S\u00e9curit\u00e9 Routi\u00e8re en France, se penche sur les poign\u00e9es affleurantes. Et elle pourrait mettre en place <strong>un nouveau cadre r\u00e9glementaire<\/strong> sur ces \u00e9l\u00e9ments, \u00e0 la suite d\u2019une p\u00e9tition. C\u2019est ce que confirme une publication parue dans le <a href=\"https:\/\/www.federalregister.gov\/documents\/2026\/07\/24\/2026-15010\/denial-of-motor-vehicle-defect-petition\" target=\"_blank\" rel=\"noreferrer noopener nofollow\">Federal Register<\/a>, qui \u00e9quivaut au Journal officiel chez nous. Celle-ci indique que l\u2019agence am\u00e9ricaine a lanc\u00e9 une proc\u00e9dure afin d\u2019<strong>\u00e9laborer une nouvelle r\u00e9glementation<\/strong> concernant directement les poign\u00e9es int\u00e9gr\u00e9es \u00e0 la carrosserie.<\/p>\n<p>Plusieurs d\u00e9c\u00e8s li\u00e9s \u00e0 ce syst\u00e8me<\/p>\n<p>L\u2019organisation veut ainsi \u00ab imposer l\u2019installation d\u2019un syst\u00e8me d\u2019ouverture des portes fiable et bien visible dans tous les v\u00e9hicules \u00bb vendus aux \u00c9tats-Unis. Une mesure qui pourrait intervenir \u00e0 la suite d\u2019<strong>une p\u00e9tition d\u00e9pos\u00e9e en novembre 2025<\/strong>. Cette derni\u00e8re demandait la mise en place d\u2019un cadre l\u00e9gal visant \u00e0 encadrer les syst\u00e8mes d\u2019ouverture avec des poign\u00e9es affleurantes. Et ce, alors que l\u2019on se rappelle qu\u2019une enqu\u00eate r\u00e9alis\u00e9e par <a href=\"https:\/\/www.bloomberg.com\/news\/features\/2025-12-22\/tesla-door-safety-tied-to-at-least-15-auto-accident-deaths?itm_source=record&amp;itm_campaign=Tesla%E2%80%99s_Dangerous_Doors_&amp;itm_content=Door-Related_Deaths-4\" target=\"_blank\" rel=\"noreferrer noopener nofollow\">Bloomberg <\/a>avait confirm\u00e9 le danger de ces syst\u00e8mes. <a href=\"https:\/\/www.frandroid.com\/marques\/tesla\/2967351_je-ne-peux-pas-sortir-comment-ce-mecanisme-de-secours-meconnu-sur-les-tesla-peut-sauver-votre-vie-en-cas-daccident\" rel=\"nofollow noopener\" target=\"_blank\">Une quinzaine de d\u00e9c\u00e8s <\/a>avaient \u00e9t\u00e9 li\u00e9s \u00e0 des <a href=\"https:\/\/www.frandroid.com\/produits\/tesla\" rel=\"nofollow noopener\" target=\"_blank\">Tesla <\/a>dont les portes sont rest\u00e9es bloqu\u00e9es \u00e0 la suite d\u2019une panne.<\/p>\n<p>Cependant, il faut tout de m\u00eame savoir que la firme am\u00e9ricaine n\u2019est pas la seule \u00e0 \u00eatre concern\u00e9e. C\u2019est globalement le lot de tous les constructeurs \u00e9quipant leurs voitures de telles poign\u00e9es. On se souvient par exemple de <a href=\"https:\/\/www.frandroid.com\/marques\/xiaomi\/2991549_crash-mortel-en-xiaomi-su7-electrique-les-experts-pointent-du-doigt-les-poignees-electriques-presentes-sur-de-nombreuses-voitures-du-marche\" rel=\"nofollow noopener\" target=\"_blank\">Xiaomi, qui avait aussi fait les gros titres \u00e0 la suite d\u2019accidents <\/a>durant lesquels les passagers se sont retrouv\u00e9s coinc\u00e9s. Or, de nombreuses marques offrent \u00e0 leurs autos des poign\u00e9es affleurantes, qui pourraient <a href=\"https:\/\/www.frandroid.com\/survoltes\/voitures-electriques\/2917733_voitures-electriques-pourquoi-la-chine-veut-supprimer-les-poignees-de-portes-popularisees-par-tesla\" rel=\"nofollow noopener\" target=\"_blank\">finir par \u00eatre interdites<\/a>. En Europe, l\u2019organisme charg\u00e9 de l\u2019homologation de Tesla a d\u00e9j\u00e0 \u00e9voqu\u00e9 le sujet, sans qu\u2019aucune r\u00e9glementation n\u2019ait pour l\u2019instant \u00e9t\u00e9 act\u00e9e.<\/p>\n<p><a href=\"https:\/\/images.frandroid.com\/wp-content\/uploads\/2025\/05\/960638.jpeg\" target=\"_blank\" rel=\"noopener nofollow\" class=\"article-content__figure\"><img loading=\"lazy\" decoding=\"async\" width=\"1200\" height=\"800\" src=\"https:\/\/www.europesays.com\/fr\/wp-content\/uploads\/2026\/07\/960638-1200x800.jpeg\" alt=\"\" class=\"wp-image-2609185 wp-image\"  \/><\/a>Poign\u00e9e de porte d\u2019une Tesla Model 3<\/p>\n<p>En parall\u00e8le, la <a href=\"https:\/\/www.frandroid.com\/marques\/tesla\/2921709_les-voitures-electriques-de-tesla-dans-le-viseur-des-autorites-pour-un-detail-qui-nen-nest-pas-un\" rel=\"nofollow noopener\" target=\"_blank\">NHTSA enqu\u00eate \u00e9galement sur une affaire<\/a> dans laquelle des enfants se sont retrouv\u00e9s bloqu\u00e9s dans une <a href=\"https:\/\/www.frandroid.com\/tag\/tesla-model-y\" rel=\"nofollow noopener\" target=\"_blank\">Tesla Model Y<\/a>, \u00e0 la suite d\u2019une panne de la batterie 12 volts. Une proposition a ainsi \u00e9t\u00e9 <strong>d\u00e9pos\u00e9e au Congr\u00e8s am\u00e9ricain<\/strong>, afin d\u2019imposer des commandes physiques dans toutes les voitures dot\u00e9es de poign\u00e9es de ce type. Un peu comme ce sera le cas <strong>en Chine, \u00e0 partir de 2027<\/strong>.<\/p>\n","protected":false},"excerpt":{"rendered":"D\u00e9j\u00e0 r\u00e9glement\u00e9es en Chine, les poign\u00e9es de porte int\u00e9gr\u00e9es \u00e0 la carrosserie pourraient d\u00e9sormais l\u2019\u00eatre aux \u00c9tats-Unis. Le&hellip;\n","protected":false},"author":2,"featured_media":1090430,"comment_status":"","ping_status":"","sticky":false,"template":"","format":"standard","meta":{"footnotes":"","_share_on_mastodon":"0"},"categories":[1589],"tags":[11,73,1866,12,656,320,1864,1865,1863,308],"class_list":["post-1090429","post","type-post","status-publish","format-standard","has-post-thumbnail","category-etats-unis","tag-actualites","tag-etats-unis","tag-etats-unis-damerique","tag-news","tag-securite","tag-tesla","tag-united-states","tag-united-states-of-america","tag-us","tag-usa"],"share_on_mastodon":{"url":"https:\/\/pubeurope.com\/@fr\/116990944109627552","error":""},"_links":{"self":[{"href":"https:\/\/www.europesays.com\/fr\/wp-json\/wp\/v2\/posts\/1090429","targetHints":{"allow":["GET"]}}],"collection":[{"href":"https:\/\/www.europesays.com\/fr\/wp-json\/wp\/v2\/posts"}],"about":[{"href":"https:\/\/www.europesays.com\/fr\/wp-json\/wp\/v2\/types\/post"}],"author":[{"embeddable":true,"href":"https:\/\/www.europesays.com\/fr\/wp-json\/wp\/v2\/users\/2"}],"replies":[{"embeddable":true,"href":"https:\/\/www.europesays.com\/fr\/wp-json\/wp\/v2\/comments?post=1090429"}],"version-history":[{"count":0,"href":"https:\/\/www.europesays.com\/fr\/wp-json\/wp\/v2\/posts\/1090429\/revisions"}],"wp:featuredmedia":[{"embeddable":true,"href":"https:\/\/www.europesays.com\/fr\/wp-json\/wp\/v2\/media\/1090430"}],"wp:attachment":[{"href":"https:\/\/www.europesays.com\/fr\/wp-json\/wp\/v2\/media?parent=1090429"}],"wp:term":[{"taxonomy":"category","embeddable":true,"href":"https:\/\/www.europesays.com\/fr\/wp-json\/wp\/v2\/categories?post=1090429"},{"taxonomy":"post_tag","embeddable":true,"href":"https:\/\/www.europesays.com\/fr\/wp-json\/wp\/v2\/tags?post=1090429"}],"curies":[{"name":"wp","href":"https:\/\/api.w.org\/{rel}","templated":true}]}}