{"id":109047,"date":"2025-05-18T09:49:09","date_gmt":"2025-05-18T09:49:09","guid":{"rendered":"https:\/\/www.europesays.com\/fr\/109047\/"},"modified":"2025-05-18T09:49:09","modified_gmt":"2025-05-18T09:49:09","slug":"kendji-girac-est-devenu-papa-il-lannonce-en-photo","status":"publish","type":"post","link":"https:\/\/www.europesays.com\/fr\/109047\/","title":{"rendered":"Kendji Girac est devenu papa\u00a0: il l&rsquo;annonce en photo"},"content":{"rendered":"<p class=\"ap-StoryElement ap-StoryElement--mb ap-StoryText\">Ce 17 mai dans l&rsquo;apr\u00e8s-midi, Kendji Girac est devenu papa pour la deuxi\u00e8me fois. Le chanteur et <a href=\"https:\/\/www.parismatch.be\/actualites\/people\/2024\/10\/07\/kendji-girac-evoque-soraya-son-plus-grand-soutien-je-me-devais-de-lui-dire-que-jai-change-U6ZB5BOINFAOJDVGQZZWT367LQ\/\" target=\"_blank\" rel=\"noopener\">sa compagne Soraya<\/a> sont d\u00e9j\u00e0 les parents d&rsquo;une petite Eva Alba (4 ans), et viennent d&rsquo;accueillir un petit gar\u00e7on. \u00ab\u00a0Mon tr\u00e9sor, ma fiert\u00e9, mon amour. Aujourd&rsquo;hui \u00e0 15 h 10, notre petit gar\u00e7on est arriv\u00e9 au monde\u00a0\u00bb, a \u00e9crit l&rsquo;interpr\u00e8te de \u00ab\u00a0Color Gitano\u00a0\u00bb sur Instagram, o\u00f9 il a post\u00e9 une photo de la main du nouveau-n\u00e9 serrant ses doigts.<\/p>\n<p class=\"ap-StoryElement ap-StoryElement--mb ap-StoryText\">Cet heureux \u00e9v\u00e9nement arrive presque tout pile un an apr\u00e8s l&rsquo;accident qui a marqu\u00e9 un tournant dans la vie de Kendji. Le 22 avril 2024, ce dernier s&rsquo;\u00e9tait bless\u00e9 par balle apr\u00e8s une dispute avec sa compagne. Il s&rsquo;\u00e9tait volontairement tir\u00e9 dessus, car il avait peur qu&rsquo;elle le quitte.<\/p>\n","protected":false},"excerpt":{"rendered":"Ce 17 mai dans l&rsquo;apr\u00e8s-midi, Kendji Girac est devenu papa pour la deuxi\u00e8me fois. Le chanteur et sa&hellip;\n","protected":false},"author":2,"featured_media":109048,"comment_status":"","ping_status":"","sticky":false,"template":"","format":"standard","meta":{"footnotes":""},"categories":[1355],"tags":[6516,22725,58,59,1011,27,3751,1227,1361,873,22726,252],"class_list":{"0":"post-109047","1":"post","2":"type-post","3":"status-publish","4":"format-standard","5":"has-post-thumbnail","7":"category-musique","8":"tag-award","9":"tag-bust","10":"tag-divertissement","11":"tag-entertainment","12":"tag-fr","13":"tag-france","14":"tag-headshot","15":"tag-horizontal","16":"tag-music","17":"tag-musique","18":"tag-nrj-music-awards","19":"tag-television"},"share_on_mastodon":{"url":"https:\/\/pubeurope.com\/@fr\/114528214280402102","error":""},"_links":{"self":[{"href":"https:\/\/www.europesays.com\/fr\/wp-json\/wp\/v2\/posts\/109047","targetHints":{"allow":["GET"]}}],"collection":[{"href":"https:\/\/www.europesays.com\/fr\/wp-json\/wp\/v2\/posts"}],"about":[{"href":"https:\/\/www.europesays.com\/fr\/wp-json\/wp\/v2\/types\/post"}],"author":[{"embeddable":true,"href":"https:\/\/www.europesays.com\/fr\/wp-json\/wp\/v2\/users\/2"}],"replies":[{"embeddable":true,"href":"https:\/\/www.europesays.com\/fr\/wp-json\/wp\/v2\/comments?post=109047"}],"version-history":[{"count":0,"href":"https:\/\/www.europesays.com\/fr\/wp-json\/wp\/v2\/posts\/109047\/revisions"}],"wp:featuredmedia":[{"embeddable":true,"href":"https:\/\/www.europesays.com\/fr\/wp-json\/wp\/v2\/media\/109048"}],"wp:attachment":[{"href":"https:\/\/www.europesays.com\/fr\/wp-json\/wp\/v2\/media?parent=109047"}],"wp:term":[{"taxonomy":"category","embeddable":true,"href":"https:\/\/www.europesays.com\/fr\/wp-json\/wp\/v2\/categories?post=109047"},{"taxonomy":"post_tag","embeddable":true,"href":"https:\/\/www.europesays.com\/fr\/wp-json\/wp\/v2\/tags?post=109047"}],"curies":[{"name":"wp","href":"https:\/\/api.w.org\/{rel}","templated":true}]}}