{"id":109057,"date":"2025-05-18T09:55:09","date_gmt":"2025-05-18T09:55:09","guid":{"rendered":"https:\/\/www.europesays.com\/fr\/109057\/"},"modified":"2025-05-18T09:55:09","modified_gmt":"2025-05-18T09:55:09","slug":"mauvaise-nouvelle-si-vous-buvez-du-soda-cette-nouvelle-taxe-fait-exploser-les-prix","status":"publish","type":"post","link":"https:\/\/www.europesays.com\/fr\/109057\/","title":{"rendered":"mauvaise nouvelle si vous buvez du soda, cette nouvelle taxe fait exploser les prix"},"content":{"rendered":"<p>                                        <img width=\"658\" height=\"329\" src=\"https:\/\/www.europesays.com\/fr\/wp-content\/uploads\/2025\/05\/Coca-Cola-Pepsi-Fanta-mauvaise-nouvelle-si-vous-buvez-du-soda-cette-nouvelle-taxe-fait-exploser-les-.jpeg\" class=\"attachment-single-desktop size-single-desktop wp-post-image\" alt=\"Coca Cola, Pepsi, Fanta: mauvaise nouvelle si vous buvez du soda, cette nouvelle taxe fait exploser les prix\" fetchpriority=\"high\" loading=\"eager\" decoding=\"sync\"  \/>                                    <\/p>\n<p>                            Selon les premi\u00e8res donn\u00e9es que NielsenIQ a communiqu\u00e9es, le prix des sodas a augment\u00e9 de pr\u00e8s de 10 %.<\/p>\n<p>Depuis l\u2019introduction de la nouvelle \u00ab\u00a0taxe soda\u00a0\u00bb le 1er mars dernier, les prix des boissons sucr\u00e9es ont connu une hausse significative, entra\u00eenant une baisse de la consommation. Selon une \u00e9tude de<strong> l\u2019institut Nielsen IQ, le co\u00fbt des sodas a augment\u00e9 de 10 % entre avril 2024 et avril 2025.<\/strong><\/p>\n<p>Les boissons telles que Coca-Cola, Fanta et Orangina connaissent toutes une hausse notable de leurs prix en rayon. Voici les raisons derri\u00e8re <strong>cette hausse soudaine et ses impacts sur <a href=\"https:\/\/www.tuxboard.com\/60-millions-de-consommateurs-a-trouve-les-2-marques-de-biere-les-moins-nocives-pour-la-sante-14052025\/\" rel=\"nofollow noopener\" target=\"_blank\">les consommateurs<\/a><\/strong> ainsi que sur le secteur de l\u2019industrie.<\/p>\n<p>La taxe soda dans une optique de sant\u00e9 publique<\/p>\n<p>Sans surprise, l\u2019entr\u00e9e en vigueur de la nouvelle<strong> \u00ab\u00a0taxe soda\u00a0\u00bb<\/strong> a entra\u00een\u00e9 une hausse <a href=\"https:\/\/www.tuxboard.com\/le-patron-de-grand-frais-explique-ce-nouveau-mode-de-consommation-des-francais-en-supermarche-06052025\/\" rel=\"nofollow noopener\" target=\"_blank\">des prix<\/a> de ces produits. Selon une \u00e9tude r\u00e9cente de Nielsen IQ, \u00e0 la fin avril, les prix des sodas ont augment\u00e9 d\u2019environ 10 % par rapport \u00e0 la m\u00eame p\u00e9riode en 2024.<\/p>\n<p>L\u2019\u00e9tude souligne une <strong>\u00ab\u00a0hausse majeure du prix moyen\u00a0\u00bb<\/strong> dans les supermarch\u00e9s, o\u00f9 l\u2019impact de la \u00ab\u00a0taxe soda\u00a0\u00bb est \u00ab\u00a0d\u00e9j\u00e0 nettement visible\u00a0\u00bb. Cette augmentation concerne principalement <strong>les sodas classiques, sans r\u00e9duction de sucre<\/strong>. En effet, ils affichent une hausse de 6,1 %. Tandis que les versions \u00ab\u00a0light\u00a0\u00bb et \u00ab\u00a0zero\u00a0\u00bb n\u2019ont vu leur prix augmenter que d\u2019environ 1,6 % en moyenne.<\/p>\n<p>Pour m\u00e9moire, la <strong>\u00ab\u00a0contribution sur les boissons contenant des sucres ajout\u00e9s\u00a0\u00bb, donc cette \u00ab\u00a0taxe soda\u00a0\u00bb<\/strong>, existe depuis 2012. Cependant, le projet de loi de financement de la S\u00e9curit\u00e9 sociale (PLFSS) pour 2025 a consid\u00e9rablement renforc\u00e9 cette taxe.<\/p>\n<p><a href=\"https:\/\/www.tuxboard.com\/caf-tout-savoir-sur-ce-nouveau-formulaire-qui-concerne-plus-de-6-millions-de-francais-06032025\/\" rel=\"nofollow noopener\" target=\"_blank\">Les bar\u00e8mes<\/a>, qui d\u00e9pendaient auparavant de la teneur en sucre, ont \u00e9t\u00e9 simplifi\u00e9s. En effet, ils ont chut\u00e9 de quinze \u00e0 seulement trois niveaux. <strong>La \u00ab\u00a0taxe soda\u00a0\u00bb a alors presque doubl\u00e9 pour les boissons contenant plus de 8 kg de sucre ajout\u00e9 par hectolitre.<\/strong> En effet, elle a grimp\u00e9 \u00e0 35 euros contre 17,70 euros auparavant.<\/p>\n<p>L\u2019objectif de cette mesure est de d\u00e9courager la consommation excessive de sucre chez les m\u00e9nages, dans une optique de sant\u00e9 publique.<\/p>\n<p>Trois tarifs<\/p>\n<p>En r\u00e9sum\u00e9, comme l\u2019indique LSA, cette taxe soda repose d\u00e9sormais sur trois tranches tarifaires. Et non plus 15 comme c\u2019\u00e9tait le cas depuis 2018. Des bar\u00e8mes qui varient avec le niveau <a href=\"https:\/\/www.tuxboard.com\/des-solutions-naturelles-pour-regler-lhypoglycemie\/\" rel=\"nofollow noopener\" target=\"_blank\">de sucre<\/a> :<\/p>\n<ol>\n<li><strong>Moins de 5 kg de sucre ajout\u00e9 par hectolitre ? 4 euros \/ hectolitre.<\/strong><\/li>\n<li><strong>5 et 8 kg de sucre ajout\u00e9 par hectolitre ? 21 euros \/ hectolitre.<\/strong><\/li>\n<li><strong>Au-del\u00e0 de 8 kg de sucre ajout\u00e9 par hectolitre ? 35 euros \/ hectolitre.<\/strong><\/li>\n<\/ol>\n<p>Selon NielsenIQ, que LSA a relay\u00e9,<strong> il est important de prendre du recul avant de tirer des conclusions<\/strong> sur l\u2019impact potentiel sur les ventes. En effet, selon l\u2019institut, des facteurs comme la m\u00e9t\u00e9o capricieuse et la d\u00e9calage notable de certains jours f\u00e9ri\u00e9s, notamment P\u00e2ques, peuvent rapidement fausser l\u2019analyse.<\/p>\n<p>Sur les deux derniers mois,<strong> l\u2019institut a observ\u00e9 une baisse de -4,2% du volume des ventes de sodas classiques<\/strong>. Alors que sur l\u2019ensemble des douze derniers mois, leur croissance s\u2019\u00e9l\u00e8ve \u00e0 +5,5%.<\/p>\n<p>Par ailleurs, <strong>la croissance des sodas \u00ab\u00a0light\u00a0\u00bb et \u00ab\u00a0z\u00e9ro\u00a0\u00bb est moins importante<\/strong>. Elle a, en effet, chut\u00e9 de +2,4% sur un an \u00e0 +0,9% sur les deux derniers mois.<\/p>\n<p>Alors que la saison estivale commence bient\u00f4t, il sera int\u00e9ressant <strong>d\u2019observer de pr\u00e8s les comportements des consommateurs<\/strong> face \u00e0 l\u2019incertitude m\u00e9t\u00e9orologique et \u00e0 la hausse in\u00e9gale des prix des sodas et boissons trop sucr\u00e9es.<\/p>\n<p>Source : <a href=\"https:\/\/www.lsa-conso.fr\/taxe-soda-coup-de-de-frein-sur-les-ventes-avec-la-hausse-des-prix,460636\" rel=\"nofollow noopener\" target=\"_blank\"><strong>LSA<\/strong><\/a><\/p>\n","protected":false},"excerpt":{"rendered":"Selon les premi\u00e8res donn\u00e9es que NielsenIQ a communiqu\u00e9es, le prix des sodas a augment\u00e9 de pr\u00e8s de 10&hellip;\n","protected":false},"author":2,"featured_media":109058,"comment_status":"","ping_status":"","sticky":false,"template":"","format":"standard","meta":{"footnotes":""},"categories":[6],"tags":[35,33,34,1011,27,22727],"class_list":{"0":"post-109057","1":"post","2":"type-post","3":"status-publish","4":"format-standard","5":"has-post-thumbnail","7":"category-economie","8":"tag-business","9":"tag-economie","10":"tag-economy","11":"tag-fr","12":"tag-france","13":"tag-soda"},"share_on_mastodon":{"url":"https:\/\/pubeurope.com\/@fr\/114528237861269696","error":""},"_links":{"self":[{"href":"https:\/\/www.europesays.com\/fr\/wp-json\/wp\/v2\/posts\/109057","targetHints":{"allow":["GET"]}}],"collection":[{"href":"https:\/\/www.europesays.com\/fr\/wp-json\/wp\/v2\/posts"}],"about":[{"href":"https:\/\/www.europesays.com\/fr\/wp-json\/wp\/v2\/types\/post"}],"author":[{"embeddable":true,"href":"https:\/\/www.europesays.com\/fr\/wp-json\/wp\/v2\/users\/2"}],"replies":[{"embeddable":true,"href":"https:\/\/www.europesays.com\/fr\/wp-json\/wp\/v2\/comments?post=109057"}],"version-history":[{"count":0,"href":"https:\/\/www.europesays.com\/fr\/wp-json\/wp\/v2\/posts\/109057\/revisions"}],"wp:featuredmedia":[{"embeddable":true,"href":"https:\/\/www.europesays.com\/fr\/wp-json\/wp\/v2\/media\/109058"}],"wp:attachment":[{"href":"https:\/\/www.europesays.com\/fr\/wp-json\/wp\/v2\/media?parent=109057"}],"wp:term":[{"taxonomy":"category","embeddable":true,"href":"https:\/\/www.europesays.com\/fr\/wp-json\/wp\/v2\/categories?post=109057"},{"taxonomy":"post_tag","embeddable":true,"href":"https:\/\/www.europesays.com\/fr\/wp-json\/wp\/v2\/tags?post=109057"}],"curies":[{"name":"wp","href":"https:\/\/api.w.org\/{rel}","templated":true}]}}