{"id":1090583,"date":"2026-07-27T10:11:23","date_gmt":"2026-07-27T10:11:23","guid":{"rendered":"https:\/\/www.europesays.com\/fr\/1090583\/"},"modified":"2026-07-27T10:11:23","modified_gmt":"2026-07-27T10:11:23","slug":"les-nancy-necrologie-deces-de-sylviane-liszczak","status":"publish","type":"post","link":"https:\/\/www.europesays.com\/fr\/1090583\/","title":{"rendered":"l\u00e8s-Nancy | N\u00e9crologie. D\u00e9c\u00e8s de Sylviane Liszczak"},"content":{"rendered":"<p>Une figure chaleureuse de la commune s\u2019en est all\u00e9e. Sylviane Liszczak, n\u00e9e Schaller, nous a quitt\u00e9s le 12\u00a0juillet.<\/p>\n<p>N\u00e9e dans les Vosges en 1948, c\u2019est \u00e0 Nancy qu\u2019elle avait rencontr\u00e9 son \u00e9poux Bernard, au d\u00e9but des ann\u00e9es 70, alors qu\u2019ils travaillaient tous deux dans la grande distribution. Install\u00e9e \u00e0 Essey-l\u00e8s-Nancy depuis 1988, elle s\u2019y \u00e9tait profond\u00e9ment enracin\u00e9e. Apr\u00e8s l\u2019arriv\u00e9e de sa fille Audrey en 1979, Sylviane consacre son temps d\u2019abord \u00e0 son \u00e9ducation. Puis durant deux d\u00e9cennies au m\u00e9tier d\u2019assistante maternelle. Elle accueille de nombreux enfants avec bienveillance.<\/p>\n<p>\u00c0 la retraite, cette femme d\u00e9termin\u00e9e et au grand c\u0153ur\u00a0s\u2019\u00e9tait investie sans\u00a0compter comme b\u00e9n\u00e9vole \u00e0 l\u2019\u00e9picerie solidaire de la Maison du Gr\u00e9millon.<\/p>\n<p>Amoureuse de nature et marcheuse infatigable, elle arpentait les Vosges chaque dimanche et ch\u00e9rissait le jardinage, le tarot et sa famille, entourant d\u2019amour ses petits-enfants Valentin et Eva.<\/p>\n","protected":false},"excerpt":{"rendered":"Une figure chaleureuse de la commune s\u2019en est all\u00e9e. Sylviane Liszczak, n\u00e9e Schaller, nous a quitt\u00e9s le 12\u00a0juillet.&hellip;\n","protected":false},"author":2,"featured_media":1090584,"comment_status":"","ping_status":"","sticky":false,"template":"","format":"standard","meta":{"footnotes":"","_share_on_mastodon":"0"},"categories":[9635],"tags":[1111,11,9223,1704,11361,1777,674,1011,27,775,11362,1702,1391,12,25,104],"class_list":["post-1090583","post","type-post","status-publish","format-standard","has-post-thumbnail","category-nancy","tag-actu","tag-actualites","tag-carnet-du-jour","tag-edition-nancy-et-agglomeration","tag-essey-les-nancy","tag-eu","tag-europe","tag-fr","tag-france","tag-grand-est","tag-metropole-du-grand-nancy-54b3","tag-nancy","tag-necrologie","tag-news","tag-republique-francaise","tag-societe"],"share_on_mastodon":{"url":"https:\/\/pubeurope.com\/@fr\/116991405854090781","error":""},"_links":{"self":[{"href":"https:\/\/www.europesays.com\/fr\/wp-json\/wp\/v2\/posts\/1090583","targetHints":{"allow":["GET"]}}],"collection":[{"href":"https:\/\/www.europesays.com\/fr\/wp-json\/wp\/v2\/posts"}],"about":[{"href":"https:\/\/www.europesays.com\/fr\/wp-json\/wp\/v2\/types\/post"}],"author":[{"embeddable":true,"href":"https:\/\/www.europesays.com\/fr\/wp-json\/wp\/v2\/users\/2"}],"replies":[{"embeddable":true,"href":"https:\/\/www.europesays.com\/fr\/wp-json\/wp\/v2\/comments?post=1090583"}],"version-history":[{"count":0,"href":"https:\/\/www.europesays.com\/fr\/wp-json\/wp\/v2\/posts\/1090583\/revisions"}],"wp:featuredmedia":[{"embeddable":true,"href":"https:\/\/www.europesays.com\/fr\/wp-json\/wp\/v2\/media\/1090584"}],"wp:attachment":[{"href":"https:\/\/www.europesays.com\/fr\/wp-json\/wp\/v2\/media?parent=1090583"}],"wp:term":[{"taxonomy":"category","embeddable":true,"href":"https:\/\/www.europesays.com\/fr\/wp-json\/wp\/v2\/categories?post=1090583"},{"taxonomy":"post_tag","embeddable":true,"href":"https:\/\/www.europesays.com\/fr\/wp-json\/wp\/v2\/tags?post=1090583"}],"curies":[{"name":"wp","href":"https:\/\/api.w.org\/{rel}","templated":true}]}}