{"id":109061,"date":"2025-05-18T09:57:11","date_gmt":"2025-05-18T09:57:11","guid":{"rendered":"https:\/\/www.europesays.com\/fr\/109061\/"},"modified":"2025-05-18T09:57:11","modified_gmt":"2025-05-18T09:57:11","slug":"ces-expatries-francais-aux-etats-unis-tentes-par-le-retour-en-france","status":"publish","type":"post","link":"https:\/\/www.europesays.com\/fr\/109061\/","title":{"rendered":"ces expatri\u00e9s fran\u00e7ais aux \u00c9tats-Unis tent\u00e9s par le retour en France"},"content":{"rendered":"<p>Contexte \u00e9conomique, tensions politiques, menaces sur les libert\u00e9s individuelles\u2026 Les soubresauts am\u00e9ricains poussent certains Fran\u00e7ais install\u00e9s outre-Atlantique \u00e0 envisager de rentrer en Europe.<\/p>\n<p class=\"fig-paragraph\">Revenir ou rester\u00a0? Alors que le climat politique am\u00e9ricain se tend et que les changements d\u2019orientations de Donald Trump renforcent l\u2019incertitude, nombre d\u2019expatri\u00e9s fran\u00e7ais install\u00e9s outre-Atlantique s\u2019interrogent sur la possibilit\u00e9 d\u2019un retour dans l\u2019Hexagone. Install\u00e9 en Floride avec sa femme scientifique depuis 2019, Mehdi confie ainsi r\u00e9fl\u00e9chir tr\u00e8s s\u00e9rieusement \u00e0 quitter les \u00c9tats-Unis. Le couple ressent notamment une pression sur le plan \u00e9conomique. Ils gagnent environ 200.000 dollars \u00e0 deux, mais se disent d\u00e9sillusionn\u00e9s\u00a0: \u00abOn gagne bien notre vie, mais tout est tr\u00e8s cher. On vit moins bien qu\u2019on le pensait \u00e0 notre arriv\u00e9e\u00bb. Professeur de plong\u00e9e souterraine et propri\u00e9taire de son entreprise, il ajoute que \u00ables droits de douane compliquent notre activit\u00e9. Mon mat\u00e9riel de plong\u00e9e vient principalement d\u2019Europe, et les tarifs augmentent\u00bb.<\/p>\n<p class=\"fig-paragraph\">Quatre mois apr\u00e8s le retour de Donald Trump \u00e0 la Maison Blanche, des indices soulignent la pr\u00e9occupation des expatri\u00e9s fran\u00e7ais\u2026<\/p>\n<p class=\"fig-premium-paywall__infos\">\n        Cet article est r\u00e9serv\u00e9 aux abonn\u00e9s.        Il vous reste 88% \u00e0 d\u00e9couvrir.\n    <\/p>\n<p>                <img  data- alt=\"Le Figaro\" class=\"fig-img--complete fig-img\"\/><\/p>\n<p class=\"fig-premium-paywall__title\">Vente Flash<\/p>\n<p class=\"fig-premium-paywall__subtitle\">4,99\u20ac par mois pendant 12 mois. Sans engagement.<\/p>\n<p class=\"fig-premium-paywall__connect\">\n                D\u00e9j\u00e0 abonn\u00e9\u00a0?                <a class=\"fig-premium-paywall__connect-link\" href=\"https:\/\/connect.lefigaro.fr\/login?client=horizon_web&amp;type=main&amp;redirect_uri=https%3A%2F%2Fwww.lefigaro.fr%2Fconjoncture%2Fon-vit-moins-bien-qu-on-le-pensait-ces-expatries-francais-aux-etats-unis-tentes-par-le-retour-en-france-20250518\" data-js-gtm=\"{&quot;customCategorie&quot;: &quot;conversion&quot;, &quot;customAction&quot;: &quot;before_Landing_Connexion_paywall_manuel&quot;, &quot;customLabel&quot;: &quot;bGVmaWdhcm8uZnJfXzFmMDJiNDk0LTAyYjYtNmVkOC1hOTE3LWI1MGI5OTE2ZGZlOF9fQXJ0aWNsZQ==_\u00abOn vit moins bien qu\u2019on le pensait\u00bb\u00a0: ces expatri\u00e9s fran\u00e7ais aux \u00c9tats-Unis tent\u00e9s par le retour en France_128&quot;, &quot;customIDSPE&quot;: &quot;bGVmaWdhcm8uZnJfXzFmMDJiNDk0LTAyYjYtNmVkOC1hOTE3LWI1MGI5OTE2ZGZlOF9fQXJ0aWNsZQ==&quot;, &quot;event&quot;: &quot;customEventSPE&quot;}\" target=\"_blank\" rel=\"noopener\"><br \/>\n                    Connectez-vous<br \/>\n                <\/a>\n            <\/p>\n","protected":false},"excerpt":{"rendered":"Contexte \u00e9conomique, tensions politiques, menaces sur les libert\u00e9s individuelles\u2026 Les soubresauts am\u00e9ricains poussent certains Fran\u00e7ais install\u00e9s outre-Atlantique \u00e0&hellip;\n","protected":false},"author":2,"featured_media":109062,"comment_status":"","ping_status":"","sticky":false,"template":"","format":"standard","meta":{"footnotes":""},"categories":[4],"tags":[339,11,340,343,345,350,130,344,352,349,33,341,313,73,22728,1011,27,346,342,353,351,347,12,348,25,354],"class_list":{"0":"post-109061","1":"post","2":"type-post","3":"status-publish","4":"format-standard","5":"has-post-thumbnail","7":"category-france","8":"tag-actualite-economique","9":"tag-actualites","10":"tag-bourse","11":"tag-cac-40","12":"tag-chef-dentreprise","13":"tag-concurrence","14":"tag-consommation","15":"tag-creation-dentreprise","16":"tag-crise","17":"tag-delocalisations","18":"tag-economie","19":"tag-emploi","20":"tag-entreprises","21":"tag-etats-unis","22":"tag-expatries","23":"tag-fr","24":"tag-france","25":"tag-grands-patrons","26":"tag-impots","27":"tag-licenciements","28":"tag-monopole","29":"tag-multinationales","30":"tag-news","31":"tag-privatisation","32":"tag-republique-francaise","33":"tag-unio"},"share_on_mastodon":{"url":"https:\/\/pubeurope.com\/@fr\/114528245764734670","error":""},"_links":{"self":[{"href":"https:\/\/www.europesays.com\/fr\/wp-json\/wp\/v2\/posts\/109061","targetHints":{"allow":["GET"]}}],"collection":[{"href":"https:\/\/www.europesays.com\/fr\/wp-json\/wp\/v2\/posts"}],"about":[{"href":"https:\/\/www.europesays.com\/fr\/wp-json\/wp\/v2\/types\/post"}],"author":[{"embeddable":true,"href":"https:\/\/www.europesays.com\/fr\/wp-json\/wp\/v2\/users\/2"}],"replies":[{"embeddable":true,"href":"https:\/\/www.europesays.com\/fr\/wp-json\/wp\/v2\/comments?post=109061"}],"version-history":[{"count":0,"href":"https:\/\/www.europesays.com\/fr\/wp-json\/wp\/v2\/posts\/109061\/revisions"}],"wp:featuredmedia":[{"embeddable":true,"href":"https:\/\/www.europesays.com\/fr\/wp-json\/wp\/v2\/media\/109062"}],"wp:attachment":[{"href":"https:\/\/www.europesays.com\/fr\/wp-json\/wp\/v2\/media?parent=109061"}],"wp:term":[{"taxonomy":"category","embeddable":true,"href":"https:\/\/www.europesays.com\/fr\/wp-json\/wp\/v2\/categories?post=109061"},{"taxonomy":"post_tag","embeddable":true,"href":"https:\/\/www.europesays.com\/fr\/wp-json\/wp\/v2\/tags?post=109061"}],"curies":[{"name":"wp","href":"https:\/\/api.w.org\/{rel}","templated":true}]}}