{"id":109065,"date":"2025-05-18T09:59:09","date_gmt":"2025-05-18T09:59:09","guid":{"rendered":"https:\/\/www.europesays.com\/fr\/109065\/"},"modified":"2025-05-18T09:59:09","modified_gmt":"2025-05-18T09:59:09","slug":"firminy-pour-feter-louverture-de-burger-king-le-restaurant-la-mine-offre-150-burgers","status":"publish","type":"post","link":"https:\/\/www.europesays.com\/fr\/109065\/","title":{"rendered":"Firminy. Pour f\u00eater l\u2019ouverture de Burger King, le restaurant La Mine offre 150 burgers"},"content":{"rendered":"<p>\u00ab\u00a0Les rois, c\u2019est nous\u00a0! Burger King arrive\u00a0? On vous montre qui a vraiment le go\u00fbt\u00a0!\u00a0\u00bb Malik Tizghat et ses deux associ\u00e9s ont de la suite dans les id\u00e9es. Face \u00e0 la communication os\u00e9e de l\u2019enseigne de restauration rapide, dont l\u2019\u00e9tablissement de Firminy ouvre ce jeudi 22\u00a0mai d\u00e8s la fin de matin\u00e9e, le propri\u00e9taire de la Mine r\u00e9plique et promeut ses burgers maisons \u00e9labor\u00e9s avec des produits locaux dans le restaurant de la rue de l\u2019Abattoir.<\/p>\n<p>Aussi, mercredi 21\u00a0mai, \u00e0 partir de 19 heures, 150 burgers du moment seront offerts. Mmmmmmh\u00a0!<\/p>\n<p>Ce contenu est bloqu\u00e9 car vous n&rsquo;avez pas accept\u00e9 les cookies et autres traceurs.<\/p>\n<p>En cliquant sur \u00ab J\u2019accepte \u00bb, les cookies et autres traceurs seront d\u00e9pos\u00e9s et vous pourrez visualiser les contenus  (<a href=\"\" class=\"consentModule_policy\" target=\"_blank\" title=\"Consulter la politique de protection des donn\u00e9es du fournisseur\">plus d&rsquo;informations<\/a>).<\/p>\n<p>En cliquant sur \u00ab J\u2019accepte tous les cookies \u00bb, vous autorisez des d\u00e9p\u00f4ts de cookies et autres traceurs pour le stockage de vos donn\u00e9es sur nos sites et applications \u00e0 des fins de personnalisation et de ciblage publicitaire.<\/p>\n<p class=\"consentModule_secondaryText\">Vous gardez la possibilit\u00e9 de retirer votre consentement \u00e0 tout moment en consultant notre <a href=\"https:\/\/www.leprogres.fr\/protection-des-donnees\" target=\"_blank\" title=\"Consulter notre politique de protection des donn\u00e9es\" rel=\"nofollow noopener\">politique de protection des donn\u00e9es<\/a>. <br \/>&#13;<br \/>\n            <a href=\"https:\/\/www.leprogres.fr\/economie\/2025\/05\/18\/javascript:Didomi.notice.show()\" class=\"consentModule_cmp\" rel=\"nofollow noopener\" target=\"_blank\">G\u00e9rer mes choix<\/a>&#13;\n        <\/p>\n<p>&#13;<br \/>\n                        J&rsquo;accepte&#13;<br \/>\n            J&rsquo;accepte tous les cookies&#13;\n        <\/p>\n<p>  \u00ab\u00a0Rappeler qu\u2019il y a aussi des petits commerces et des produits de qualit\u00e9\u00a0\u00bb<\/p>\n<p>\u00ab\u00a0Nous aussi pouvons faire une communication d\u00e9cal\u00e9e. Nous souhaitons la bienvenue \u00e0 Burger King et voulons f\u00eater son arriv\u00e9e\u00a0\u00bb, explique Malik Tizghat. \u00ab\u00a0L\u2019id\u00e9e est de rappeler qu\u2019on est l\u00e0 depuis <a href=\"https:\/\/www.leprogres.fr\/edition-loire-sud\/2019\/12\/13\/nous-proposons-uniquement-des-burgers-a-base-de-produits-locaux\" target=\"_blank\" rel=\"nofollow noopener\">pr\u00e8s de six ans<\/a>, que c\u2019est bien d\u2019avoir des cha\u00eenes mais \u00e9galement des petits commerces ind\u00e9pendants avec des produits de qualit\u00e9 et locaux.\u00a0\u00bb <\/p>\n<p>L\u2019\u00e9quipe de La Mine ajoute que l\u2019initiative, taquine, est \u00ab\u00a0\u00e0 prendre au second degr\u00e9\u00a0\u00bb, souhaitant \u00ab\u00a0bon vent\u00a0\u00bb \u00e0 l\u2019enseigne et \u00ab\u00a0aux embauches de personnels\u00a0\u00bb.<\/p>\n<p>Toujours est-il que l\u2019offre de mercredi est des plus s\u00e9rieuses et valable uniquement sur le burger du moment (*), sans les frites. Attention\u00a0: premiers arriv\u00e9s, premiers servis. Quelques animations sont pr\u00e9vues et des goodies seront distribu\u00e9s.<\/p>\n<p class=\"note\">(*) Burger du moment avec pain noir de la boulangerie Mandon, cheddar, steak hach\u00e9 125\u00a0g, poivrons, chorizo.<\/p>\n","protected":false},"excerpt":{"rendered":"\u00ab\u00a0Les rois, c\u2019est nous\u00a0! Burger King arrive\u00a0? On vous montre qui a vraiment le go\u00fbt\u00a0!\u00a0\u00bb Malik Tizghat et&hellip;\n","protected":false},"author":2,"featured_media":109066,"comment_status":"","ping_status":"","sticky":false,"template":"","format":"standard","meta":{"footnotes":""},"categories":[9653],"tags":[1111,11,2430,4406,33,7539,1777,674,10282,10283,1011,27,3367,12,25,4001],"class_list":{"0":"post-109065","1":"post","2":"type-post","3":"status-publish","4":"format-standard","5":"has-post-thumbnail","7":"category-saint-etienne","8":"tag-actu","9":"tag-actualites","10":"tag-auvergne-rhone-alpes","11":"tag-commerce-et-services","12":"tag-economie","13":"tag-edition-loire-sud","14":"tag-eu","15":"tag-europe","16":"tag-firminy","17":"tag-firminy-ville","18":"tag-fr","19":"tag-france","20":"tag-loire","21":"tag-news","22":"tag-republique-francaise","23":"tag-saint-etienne"},"share_on_mastodon":{"url":"https:\/\/pubeurope.com\/@fr\/114528253621124029","error":""},"_links":{"self":[{"href":"https:\/\/www.europesays.com\/fr\/wp-json\/wp\/v2\/posts\/109065","targetHints":{"allow":["GET"]}}],"collection":[{"href":"https:\/\/www.europesays.com\/fr\/wp-json\/wp\/v2\/posts"}],"about":[{"href":"https:\/\/www.europesays.com\/fr\/wp-json\/wp\/v2\/types\/post"}],"author":[{"embeddable":true,"href":"https:\/\/www.europesays.com\/fr\/wp-json\/wp\/v2\/users\/2"}],"replies":[{"embeddable":true,"href":"https:\/\/www.europesays.com\/fr\/wp-json\/wp\/v2\/comments?post=109065"}],"version-history":[{"count":0,"href":"https:\/\/www.europesays.com\/fr\/wp-json\/wp\/v2\/posts\/109065\/revisions"}],"wp:featuredmedia":[{"embeddable":true,"href":"https:\/\/www.europesays.com\/fr\/wp-json\/wp\/v2\/media\/109066"}],"wp:attachment":[{"href":"https:\/\/www.europesays.com\/fr\/wp-json\/wp\/v2\/media?parent=109065"}],"wp:term":[{"taxonomy":"category","embeddable":true,"href":"https:\/\/www.europesays.com\/fr\/wp-json\/wp\/v2\/categories?post=109065"},{"taxonomy":"post_tag","embeddable":true,"href":"https:\/\/www.europesays.com\/fr\/wp-json\/wp\/v2\/tags?post=109065"}],"curies":[{"name":"wp","href":"https:\/\/api.w.org\/{rel}","templated":true}]}}